{"id":21285,"date":"2016-01-22T10:31:11","date_gmt":"2016-01-22T08:31:11","guid":{"rendered":"http:\/\/gzone.com.tr\/?p=21285"},"modified":"2016-01-22T10:31:11","modified_gmt":"2016-01-22T08:31:11","slug":"alexander-mcqueenin-hayati-film-oluyor-alexander-mcqueen-kimdir","status":"publish","type":"post","link":"http:\/\/www.gzone.com.tr\/index.php\/2016\/01\/22\/alexander-mcqueenin-hayati-film-oluyor-alexander-mcqueen-kimdir\/","title":{"rendered":"ALEXANDER MCQUEEN&#8217;\u0130N HAYATI F\u0130LM OLUYOR, ALEXANDER MCQUEEN K\u0130MD\u0130R?"},"content":{"rendered":"<p><strong>2010 y\u0131l\u0131nda, hen\u00fcz 40 ya\u015f\u0131ndayken intihar ederek hayat\u0131n\u0131 sonland\u0131ran, moda d\u00fcnyas\u0131n\u0131n dahi tasar\u0131mc\u0131s\u0131 Alexander McQueen&#8217;in hayati sinema filmi oluyor.\u00a0<\/strong><\/p>\n<p>E\u015fcinsel y\u00f6netmen\u00a0Andrew Haigh taraf\u0131ndan sinemaya uyarlanacak olan biyografik filmde, \u0130ngiliz tasar\u0131mc\u0131n\u0131n hayat\u0131 beyaz perdeye aktar\u0131lacak. Hen\u00fcz rol alacak akt\u00f6rler hakk\u0131nda bir bilgi verilmeyen filmin senaryosunu ise\u00a0Chris Urch haz\u0131rlayacak. 2016 y\u0131l\u0131n\u0131n son aylar\u0131nda \u00e7ekime ba\u015flanmas\u0131 planlanan film 2017 y\u0131l\u0131nda sinema severlerle bulu\u015facak.<\/p>\n<p><img loading=\"lazy\" decoding=\"async\" class=\"alignnone\" src=\"http:\/\/s12.postimg.org\/ivctmjan1\/112_alexander_mcqueen_theredlist.jpg\" alt=\"\" width=\"1000\" height=\"1316\" \/><\/p>\n<p><strong>ALEXANDER MCQUEEN K\u0130MD\u0130R?<\/strong><\/p>\n<p>17 Mart 1969&#8217;da, Lewisham, Londra&#8217;da, \u0130sko\u00e7\u00a0taksi s\u00fcr\u00fcc\u00fcs\u00fc Ronald\u00a0ve sosyal bilimler \u00f6\u011fretmeni Joyce McQueen&#8217;in \u00e7ocuklar\u0131 olarak do\u011fdu, McQueen alt\u0131 \u00e7ocu\u011fun en k\u00fc\u00e7\u00fc\u011f\u00fcyd\u00fc.<span style=\"font-size: 13.3333px; line-height: 20px;\">\u00a0<\/span>Stratford&#8217;da bir apartmanda sosyal konutta b\u00fcy\u00fcd\u00fc. Carpenters Road \u00d6zel Okuluna kat\u0131ld\u0131, gen\u00e7 ya\u015fta \u00fc\u00e7 k\u0131z karde\u015fi i\u00e7in elbiseler yapmaya ba\u015flad\u0131 ve bir moda tasar\u0131mc\u0131s\u0131 olmak istedi\u011fine karar verdi.<\/p>\n<p>McQueen daha sonra Rokeby Okuluna gitti ve 1984&#8217;te, 16 ya\u015f\u0131nda ayr\u0131ld\u0131.<\/p>\n<p>Savile Row&#8217;dayken, McQueen&#8217;in m\u00fc\u015fterileri aras\u0131na Mikhail Gorbachev ve Prens Charles da girdi. 20 ya\u015f\u0131nda bir d\u00f6nemini Koji Tatsuno i\u00e7in \u00e7al\u0131\u015farak harcad\u0131. Daha sonraMilano, \u0130talya&#8217;ya gitti ve Romeo Gigli i\u00e7in \u00e7al\u0131\u015fmaya ba\u015flad\u0131.<\/p>\n<p>McQueen 1994&#8217;te Londra&#8217;ya geri d\u00f6nd\u00fc ve desen kesici olarak \u00e7al\u0131\u015fmak i\u00e7in Central Saint Martins Sanat ve Tasar\u0131m Koleji&#8217;ne ba\u015fvurdu. Belgelerinin sa\u011flaml\u0131\u011f\u0131ndan dolay\u0131 Head of the Masters kursu taraf\u0131ndan bir \u00f6\u011frenci olmas\u0131 i\u00e7in ikna edildi. Moda tasar\u0131m\u0131nda y\u00fcksek lisans\u0131n\u0131 yapt\u0131 ve McQueen moda kariyerini ba\u015flatmadan \u00f6nce orta ad\u0131 Alexander&#8217;\u0131 kullanmas\u0131 i\u00e7in ikna eden Isabella Blow taraf\u0131ndan mezuniyet koleksiyonu b\u00fct\u00fcn olarak sat\u0131n al\u0131nd\u0131.<\/p>\n<p>Bu d\u00f6nemde McQueen H\u00fcseyin \u00c7a\u011flayan ve Pauric Sweeney gibi di\u011fer yeni tasar\u0131mc\u0131lara da ev sahipli\u011fi yapan Hoxton&#8217;a ta\u015f\u0131nd\u0131.\u00a0\u0130kinci koleksiyonu &#8220;McQueen&#8217;s Theatre of Cruelty&#8221;yi yaratmas\u0131ndan k\u0131sa bir s\u00fcre sonra, McQueen yak\u0131nda &#8220;sa\u011f eli&#8221; olacak olan Katy England ile tan\u0131\u015ft\u0131.\u00a0Kings Cross&#8217;taki \u00fc\u00e7\u00fcnc\u00fc koleksiyonu &#8220;The Birds&#8221; i\u00e7in &#8220;yarat\u0131c\u0131 y\u00f6netmen&#8221; olarak acilen kendisine kat\u0131lmas\u0131n\u0131 istedi. Buna kar\u015f\u0131l\u0131k Katy England McQueen ile \u00e7al\u0131\u015fmaya devam etti ve \u00e7al\u0131\u015fmalar\u0131n\u0131, &#8220;ikinci g\u00f6r\u00fc\u015f&#8221;\u00fcn\u00fc olduk\u00e7a etkiledi.<\/p>\n<p>1997&#8217;de \u0130zlandal\u0131 \u015fark\u0131c\u0131 Bj\u00f6rk alb\u00fcm\u00fc Homogenic&#8217;in kapa\u011f\u0131 i\u00e7in McQueen&#8217;in \u00e7al\u0131\u015fmas\u0131n\u0131 istedi.\u00a0McQueen ayn\u0131 zamanda ayn\u0131 alb\u00fcmden &#8220;Alarm Call&#8221; \u015fark\u0131s\u0131 i\u00e7in m\u00fczik videosunu y\u00f6netti\u00a0ve daha sonra &#8220;Pagan Poetry&#8221; videosu i\u00e7in ona ikonik \u00fcsts\u00fcz elbise tasarlad\u0131.<\/p>\n<div class=\"thumb tright\">\n<div class=\"thumbinner\">\n<div class=\"thumbcaption\">Camilla Belle bir 2009 Alexander McQueen elbisesiyle, <i>InStyle<\/i> dergisi taraf\u0131ndan &#8220;10 Y\u0131l\u0131n En \u0130yi 100 Elbisesi&#8221; s\u0131ralamas\u0131nda yer ald\u0131.<\/div>\n<\/div>\n<\/div>\n<p>McQueen&#8217;in ilk pist koleksiyonlar\u0131 tart\u0131\u015fma ve \u015fok taktikler i\u00e7in (&#8220;l&#8217;enfant terrible&#8221; ve &#8220;\u0130ngiliz modas\u0131n\u0131n serserisi&#8221; unvanlar\u0131n\u0131n verilmesi),\u00a0uygun bir \u015fekilde &#8220;<i>bumster<\/i>&#8221; olarak adland\u0131r\u0131lan pantolonlarla ve &#8220;Highland Rape&#8221; ba\u015fl\u0131kl\u0131 bir koleksiyonla sayg\u0131nl\u0131\u011f\u0131n\u0131 geli\u015ftirdi.<\/p>\n<p>McQueen a\u00e7\u0131k\u00e7a geydi ve cinsel y\u00f6nelimini alt\u0131 ya\u015f\u0131ndayken farketti\u011fini s\u00f6ylemi\u015fti.\u00a018 ya\u015f\u0131ndaylen ailesine s\u00f6yledi, ve sallant\u0131l\u0131 bir d\u00f6nemin ard\u0131ndan ailesi onun y\u00f6nelimini kabul etti. Coming out&#8217;u gen\u00e7 ya\u015fta &#8220;Kendimden, cinselli\u011fimden ve saklayacak bir \u015feyim olmad\u0131\u011f\u0131ndan emindim&#8221; \u015feklinde tan\u0131mlam\u0131\u015ft\u0131r.<\/p>\n<p>2000 yaz\u0131nda, McQueen belgesel yap\u0131mc\u0131s\u0131 e\u015fi George Forsyth ile \u0130biza&#8217;da bir yatta evlilik t\u00f6reni yapt\u0131.\u00a0Evlili\u011fi resmi de\u011fildi. \u0130li\u015fkisi bir y\u0131l sonra bitti ve McQueen ve Forsyth yak\u0131n bir arkada\u015fl\u0131k s\u00fcrd\u00fcrd\u00fc.<\/p>\n<p>McQueen&#8217;in \u00f6l\u00fcm\u00fc 11 \u015eubat 2010 \u00f6\u011fleninde duyuruldu. Sabah, hizmet\u00e7isi onu Londra, Green Street&#8217;teki evinde as\u0131lm\u0131\u015f olarak buldu.\u00a0Acil sa\u011fl\u0131k g\u00f6revlileri \u00e7a\u011fr\u0131ld\u0131 ve olay yerinde \u00f6ld\u00fc\u011f\u00fcn\u00fc bildirdi.<\/p>\n<p>McQueen Londra Moda Haftas\u0131ndan g\u00fcnler \u00f6nce, ve 75 ya\u015f\u0131ndaki annesinin kanserden \u00f6lmesinden dokuz g\u00fcn sonra \u00f6ld\u00fc.\u00a0Tasar\u0131mc\u0131n\u0131n arkada\u015f\u0131 David LaChapelle, \u00f6ld\u00fc\u011f\u00fc zaman McQueen&#8217;in &#8220;\u00e7ok say\u0131da uyu\u015fturucu ald\u0131\u011f\u0131n\u0131 ve \u00e7ok mutsuz oldu\u011funu&#8221; s\u00f6yledi.<\/p>\n<p>McQueen &#8220;K\u00f6peklerime bak, \u00fczg\u00fcn\u00fcm, seni seviyorum, Lee.&#8221; yazan bir not b\u0131rakt\u0131.<\/p>\n","protected":false},"excerpt":{"rendered":"<p>2010 y\u0131l\u0131nda, hen\u00fcz 40 ya\u015f\u0131ndayken intihar ederek hayat\u0131n\u0131 sonland\u0131ran, moda d\u00fcnyas\u0131n\u0131n dahi tasar\u0131mc\u0131s\u0131 Alexander McQueen&#8217;in hayati sinema filmi oluyor.\u00a0 E\u015fcinsel y\u00f6netmen\u00a0Andrew Haigh taraf\u0131ndan sinemaya uyarlanacak olan biyografik filmde, \u0130ngiliz tasar\u0131mc\u0131n\u0131n hayat\u0131 beyaz perdeye aktar\u0131lacak. Hen\u00fcz rol alacak akt\u00f6rler hakk\u0131nda bir bilgi verilmeyen filmin senaryosunu ise\u00a0Chris Urch haz\u0131rlayacak. 2016 y\u0131l\u0131n\u0131n son aylar\u0131nda \u00e7ekime ba\u015flanmas\u0131 planlanan film &hellip;<\/p>\n","protected":false},"author":1,"featured_media":21290,"comment_status":"closed","ping_status":"open","sticky":false,"template":"","format":"standard","meta":{"footnotes":""},"categories":[70,74],"tags":[1287,218,112,200,195],"class_list":["post-21285","post","type-post","status-publish","format-standard","has-post-thumbnail","","category-moda","category-modahaberleri","tag-alexander-mcqueen","tag-erkekler","tag-haberler-2","tag-moda","tag-sinema"],"_links":{"self":[{"href":"http:\/\/www.gzone.com.tr\/index.php\/wp-json\/wp\/v2\/posts\/21285","targetHints":{"allow":["GET"]}}],"collection":[{"href":"http:\/\/www.gzone.com.tr\/index.php\/wp-json\/wp\/v2\/posts"}],"about":[{"href":"http:\/\/www.gzone.com.tr\/index.php\/wp-json\/wp\/v2\/types\/post"}],"author":[{"embeddable":true,"href":"http:\/\/www.gzone.com.tr\/index.php\/wp-json\/wp\/v2\/users\/1"}],"replies":[{"embeddable":true,"href":"http:\/\/www.gzone.com.tr\/index.php\/wp-json\/wp\/v2\/comments?post=21285"}],"version-history":[{"count":0,"href":"http:\/\/www.gzone.com.tr\/index.php\/wp-json\/wp\/v2\/posts\/21285\/revisions"}],"wp:featuredmedia":[{"embeddable":true,"href":"http:\/\/www.gzone.com.tr\/index.php\/wp-json\/wp\/v2\/media\/21290"}],"wp:attachment":[{"href":"http:\/\/www.gzone.com.tr\/index.php\/wp-json\/wp\/v2\/media?parent=21285"}],"wp:term":[{"taxonomy":"category","embeddable":true,"href":"http:\/\/www.gzone.com.tr\/index.php\/wp-json\/wp\/v2\/categories?post=21285"},{"taxonomy":"post_tag","embeddable":true,"href":"http:\/\/www.gzone.com.tr\/index.php\/wp-json\/wp\/v2\/tags?post=21285"}],"curies":[{"name":"wp","href":"https:\/\/api.w.org\/{rel}","templated":true}]}}