{"id":20434,"date":"2016-01-07T10:20:09","date_gmt":"2016-01-07T08:20:09","guid":{"rendered":"http:\/\/gzone.com.tr\/?p=20434"},"modified":"2016-01-07T10:20:09","modified_gmt":"2016-01-07T08:20:09","slug":"marc-jacobs-bahar-kreasyonunda-trans-yonetmene-yer-verdi","status":"publish","type":"post","link":"http:\/\/www.gzone.com.tr\/index.php\/2016\/01\/07\/marc-jacobs-bahar-kreasyonunda-trans-yonetmene-yer-verdi\/","title":{"rendered":"MARC JACOBS, BAHAR KREASYONUNDA TRANS Y\u00d6NETMENE YER VERD\u0130"},"content":{"rendered":"<p>Loius Vuitton, kad\u0131n kolleksiyonunu tan\u0131tmak i\u00e7in Jaden Smith&#8217;e yer vermi\u015f olabilir ama Marc Jacobs&#8217;un daha b\u00fcy\u00fck bir bombas\u0131 var.<\/p>\n<p>Jacobs, \u0130lkbahar\/Yaz 2016 koleksiyonunun tan\u0131t\u0131m filmlerinde Matrix ve Sense8 yap\u0131mlar\u0131n\u0131n transseks\u00fcel y\u00f6netmeni Lana Wachoski&#8217;ye yer verdi.<\/p>\n<p>Instagram&#8217;da d\u00fcn \u00e7ekimlerinden bir g\u00f6rsel payla\u015f\u0131lan filmde\u00a0Wachoski, modac\u0131n\u0131n yeni koleksiyonundan k\u0131yafetlerle yer al\u0131yor.\u00a0David Sims&#8217;in \u00e7ekti\u011fi ve\u00a0stilist Katie Grand&#8217;\u0131n \u00e7al\u0131\u015ft\u0131\u011f\u0131 filmden ilk g\u00f6r\u00fcnt\u00fc a\u015fa\u011f\u0131da.<\/p>\n<blockquote class=\"instagram-media\" style=\"background: #FFF; border: 0; border-radius: 3px; box-shadow: 0 0 1px 0 rgba(0,0,0,0.5),0 1px 10px 0 rgba(0,0,0,0.15); margin: 1px; max-width: 658px; padding: 0; width: calc(100% - 2px);\" data-instgrm-captioned=\"\" data-instgrm-version=\"6\">\n<div style=\"padding: 8px;\">\n<div style=\"background: #F8F8F8; line-height: 0; margin-top: 40px; padding: 50.0% 0; text-align: center; width: 100%;\"><\/div>\n<p style=\"margin: 8px 0 0 0; padding: 0 4px;\"><a style=\"color: #000; font-family: Arial,sans-serif; font-size: 14px; font-style: normal; font-weight: normal; line-height: 17px; text-decoration: none; word-wrap: break-word;\" href=\"https:\/\/www.instagram.com\/p\/BANkjUUmJAr\/\" target=\"_blank\">This season\u2019s ad campaign represents a series of connected events; a visual narrative. It is a personal diary of people who have and continue to inspire me and open my mind to different ways of seeing and thinking. The spectrum of individuals photographed in our Spring\/Summer 2016 ad campaign represent a celebration of my America. In collaboration with photographer David Sims and stylist Katie Grand, the people featured in our campaign personify this collection of fashion through their individuality. Collectively, they embody and celebrate the spirit and beauty of equality. It is with an overwhelmingly full heart that I share this first portrait of our Spring\/Summer 2016 ad campaign. Lana Wachowski. I was first introduced to Lana via YouTube in December 2012. The speech Lana gave to accept the Human Rights Campaign, Visibility Award, (October 20, 2012) was utterly profound in its script and her articulate, brilliant and timeless delivery. She expressed thoughts and ideas that have filled my head and heart always but had never been so eloquently captured in language that was so tangible, intelligent, poignant and full of possibility. I found myself referencing Lana\u2019s words in my daily life and sharing her speech with close friends. In the days before our Spring\/Summer \u201816 fashion show and through a fateful series of communications, much to my incomprehensible delight, Lana accepted an invitation to our show in New York City and thus I took her, \u201cfashion show virginity.\u201d Lana\u2019s ineffable beauty captured by David in this portrait reminds me of the personal sentiment she shared with me about, \u201clearning you can make important friends at anytime in your life.\u201d<\/a><\/p>\n<p style=\"color: #c9c8cd; font-family: Arial,sans-serif; font-size: 14px; line-height: 17px; margin-bottom: 0; margin-top: 8px; overflow: hidden; padding: 8px 0 7px; text-align: center; text-overflow: ellipsis; white-space: nowrap;\">Marc Jacobs (@themarcjacobs) taraf\u0131ndan payla\u015f\u0131lan bir foto\u011fraf (<time style=\"font-family: Arial,sans-serif; font-size: 14px; line-height: 17px;\" datetime=\"2016-01-06T21:05:46+00:00\">6 Oca 2016, 13:05 PST<\/time>)<\/p>\n<\/div>\n<\/blockquote>\n<p><script src=\"\/\/platform.instagram.com\/en_US\/embeds.js\" async=\"\" defer=\"defer\"><\/script><\/p>\n<p>&nbsp;<\/p>\n<p>&nbsp;<\/p>\n","protected":false},"excerpt":{"rendered":"<p>Loius Vuitton, kad\u0131n kolleksiyonunu tan\u0131tmak i\u00e7in Jaden Smith&#8217;e yer vermi\u015f olabilir ama Marc Jacobs&#8217;un daha b\u00fcy\u00fck bir bombas\u0131 var. Jacobs, \u0130lkbahar\/Yaz 2016 koleksiyonunun tan\u0131t\u0131m filmlerinde Matrix ve Sense8 yap\u0131mlar\u0131n\u0131n transseks\u00fcel y\u00f6netmeni Lana Wachoski&#8217;ye yer verdi. Instagram&#8217;da d\u00fcn \u00e7ekimlerinden bir g\u00f6rsel payla\u015f\u0131lan filmde\u00a0Wachoski, modac\u0131n\u0131n yeni koleksiyonundan k\u0131yafetlerle yer al\u0131yor.\u00a0David Sims&#8217;in \u00e7ekti\u011fi ve\u00a0stilist Katie Grand&#8217;\u0131n \u00e7al\u0131\u015ft\u0131\u011f\u0131 filmden &hellip;<\/p>\n","protected":false},"author":1,"featured_media":20436,"comment_status":"closed","ping_status":"open","sticky":false,"template":"","format":"standard","meta":{"footnotes":""},"categories":[70,74],"tags":[200,3344,203],"class_list":["post-20434","post","type-post","status-publish","format-standard","has-post-thumbnail","","category-moda","category-modahaberleri","tag-moda","tag-moda-haber","tag-stil"],"_links":{"self":[{"href":"http:\/\/www.gzone.com.tr\/index.php\/wp-json\/wp\/v2\/posts\/20434","targetHints":{"allow":["GET"]}}],"collection":[{"href":"http:\/\/www.gzone.com.tr\/index.php\/wp-json\/wp\/v2\/posts"}],"about":[{"href":"http:\/\/www.gzone.com.tr\/index.php\/wp-json\/wp\/v2\/types\/post"}],"author":[{"embeddable":true,"href":"http:\/\/www.gzone.com.tr\/index.php\/wp-json\/wp\/v2\/users\/1"}],"replies":[{"embeddable":true,"href":"http:\/\/www.gzone.com.tr\/index.php\/wp-json\/wp\/v2\/comments?post=20434"}],"version-history":[{"count":0,"href":"http:\/\/www.gzone.com.tr\/index.php\/wp-json\/wp\/v2\/posts\/20434\/revisions"}],"wp:featuredmedia":[{"embeddable":true,"href":"http:\/\/www.gzone.com.tr\/index.php\/wp-json\/wp\/v2\/media\/20436"}],"wp:attachment":[{"href":"http:\/\/www.gzone.com.tr\/index.php\/wp-json\/wp\/v2\/media?parent=20434"}],"wp:term":[{"taxonomy":"category","embeddable":true,"href":"http:\/\/www.gzone.com.tr\/index.php\/wp-json\/wp\/v2\/categories?post=20434"},{"taxonomy":"post_tag","embeddable":true,"href":"http:\/\/www.gzone.com.tr\/index.php\/wp-json\/wp\/v2\/tags?post=20434"}],"curies":[{"name":"wp","href":"https:\/\/api.w.org\/{rel}","templated":true}]}}