{"id":20288,"date":"2016-01-04T12:28:36","date_gmt":"2016-01-04T10:28:36","guid":{"rendered":"http:\/\/gzone.com.tr\/?p=20288"},"modified":"2016-01-04T13:06:51","modified_gmt":"2016-01-04T11:06:51","slug":"lous-vuitton-kadin-koleksiyonunun-yuzu-jaden-smith","status":"publish","type":"post","link":"http:\/\/www.gzone.com.tr\/index.php\/2016\/01\/04\/lous-vuitton-kadin-koleksiyonunun-yuzu-jaden-smith\/","title":{"rendered":"LOUIS VUITTON KADIN KOLEKS\u0130YONUNUN Y\u00dcZ\u00dc: JADEN SMITH"},"content":{"rendered":"<p><strong>Will Smith&#8217;in oyuncu ve rep \u015fark\u0131c\u0131s\u0131 o\u011flu Jaden Smith, ge\u00e7ti\u011fimiz sene insanlar\u0131n etiketlere \u00f6nem vermemesi gerekti\u011fini s\u00f6yleyerek, genelde kad\u0131n k\u0131yafetleri giydi\u011fini a\u00e7\u0131klamas\u0131 sonras\u0131nda moda d\u00fcnyas\u0131n\u0131n ilgisini \u00e7ekmi\u015f olacak ki, Frans\u0131z moda devi Louis Vuitton 2016 yaz\u0131, kad\u0131n giyim koleksiyonunun tan\u0131t\u0131m g\u00f6rsellerinde Jaden Smith&#8217;i kar\u015f\u0131m\u0131za \u00e7\u0131kard\u0131.<\/strong><\/p>\n<p>Modan\u0131n homojenle\u015fmesi son h\u0131zla devam ediyor. Art\u0131k bir\u00e7ok insan k\u0131yafetleri konusunda cinsiyet\u00e7i ay\u0131r\u0131ma kulak asm\u0131yor. \u00dcnl\u00fc sanat\u00e7\u0131 Will Smith&#8217;in o\u011flu Jaden Smith&#8217;te, 2015 y\u0131l\u0131nda verdi\u011fi bir r\u00f6portaj\u0131nda homojen ve cinsiyet\u00e7i etiketlere tak\u0131lmadan giyindi\u011fini a\u00e7\u0131klamas\u0131 \u00fczerinden \u00e7ok zaman ge\u00e7medi ki \u00fcnl\u00fc Frans\u0131z moda devi Louis Vuitton&#8217;un yeni kampanya g\u00f6rsellerinde, markan\u0131n 2016 yaz\u0131 i\u00e7in haz\u0131rlad\u0131\u011f\u0131 kad\u0131n koleksiyonunu tan\u0131t\u0131yor.<\/p>\n<p><strong>Louis Vuitton&#8217;un kreatif direkt\u00f6r koltu\u011funun sahibi Nicolas Ghesquiere&#8217;in Instagram \u00fczerinden yay\u0131nlad\u0131\u011f\u0131 Jaden Smith&#8217;li kampanyan\u0131n ilk g\u00f6rselleri ise \u015f\u00f6yle:\u00a0<\/strong><\/p>\n<p>&nbsp;<\/p>\n<blockquote class=\"instagram-media\" style=\"background: #FFF; border: 0; border-radius: 3px; box-shadow: 0 0 1px 0 rgba(0,0,0,0.5),0 1px 10px 0 rgba(0,0,0,0.15); margin: 1px; max-width: 658px; padding: 0; width: calc(100% - 2px);\" data-instgrm-captioned=\"\" data-instgrm-version=\"6\">\n<div style=\"padding: 8px;\">\n<div style=\"background: #F8F8F8; line-height: 0; margin-top: 40px; padding: 50.0% 0; text-align: center; width: 100%;\"><\/div>\n<p style=\"margin: 8px 0 0 0; padding: 0 4px;\"><a style=\"color: #000; font-family: Arial,sans-serif; font-size: 14px; font-style: normal; font-weight: normal; line-height: 17px; text-decoration: none; word-wrap: break-word;\" href=\"https:\/\/www.instagram.com\/p\/BADiSf8K4fC\/\" target=\"_blank\">Happy to introduce Jaden Smith @christiaingrey in the new SS16 @louisvuitton ad Campaign photographed by Bruce Weber<\/a><\/p>\n<p style=\"color: #c9c8cd; font-family: Arial,sans-serif; font-size: 14px; line-height: 17px; margin-bottom: 0; margin-top: 8px; overflow: hidden; padding: 8px 0 7px; text-align: center; text-overflow: ellipsis; white-space: nowrap;\">A photo posted by ? (@nicolasghesquiere) on <time style=\"font-family: Arial,sans-serif; font-size: 14px; line-height: 17px;\" datetime=\"2016-01-02T23:33:35+00:00\">Jan 2, 2016 at 3:33pm PST<\/time><\/p>\n<\/div>\n<\/blockquote>\n<p><script src=\"\/\/platform.instagram.com\/en_US\/embeds.js\" async=\"\" defer=\"defer\"><\/script><\/p>\n<blockquote class=\"instagram-media\" style=\"background: #FFF; border: 0; border-radius: 3px; box-shadow: 0 0 1px 0 rgba(0,0,0,0.5),0 1px 10px 0 rgba(0,0,0,0.15); margin: 1px; max-width: 658px; padding: 0; width: calc(100% - 2px);\" data-instgrm-captioned=\"\" data-instgrm-version=\"6\">\n<div style=\"padding: 8px;\">\n<div style=\"background: #F8F8F8; line-height: 0; margin-top: 40px; padding: 50.0% 0; text-align: center; width: 100%;\"><\/div>\n<p><a style=\"color: #000; font-family: Arial,sans-serif; font-size: 14px; font-style: normal; font-weight: normal; line-height: 17px; text-decoration: none; word-wrap: break-word;\" href=\"https:\/\/www.instagram.com\/p\/BAFJuzoK4dd\/\" target=\"_blank\">@sarahdonnealia @riannevanrompaey @jean_campbell #jadensmith @christiaingrey in the new @louisvuitton SS16 ad Campaign photographed by Bruce Weber<\/a><\/p>\n<p>A photo posted by ? (@nicolasghesquiere) on <time style=\"font-family: Arial,sans-serif; font-size: 14px; line-height: 17px;\" datetime=\"2016-01-03T14:37:29+00:00\">Jan 3, 2016 at 6:37am PST<\/time>\n<\/div>\n<\/blockquote>\n<p><script src=\"\/\/platform.instagram.com\/en_US\/embeds.js\" async=\"\" defer=\"defer\"><\/script><\/p>\n","protected":false},"excerpt":{"rendered":"<p>Will Smith&#8217;in oyuncu ve rep \u015fark\u0131c\u0131s\u0131 o\u011flu Jaden Smith, ge\u00e7ti\u011fimiz sene insanlar\u0131n etiketlere \u00f6nem vermemesi gerekti\u011fini s\u00f6yleyerek, genelde kad\u0131n k\u0131yafetleri giydi\u011fini a\u00e7\u0131klamas\u0131 sonras\u0131nda moda d\u00fcnyas\u0131n\u0131n ilgisini \u00e7ekmi\u015f olacak ki, Frans\u0131z moda devi Louis Vuitton 2016 yaz\u0131, kad\u0131n giyim koleksiyonunun tan\u0131t\u0131m g\u00f6rsellerinde Jaden Smith&#8217;i kar\u015f\u0131m\u0131za \u00e7\u0131kard\u0131. Modan\u0131n homojenle\u015fmesi son h\u0131zla devam ediyor. Art\u0131k bir\u00e7ok insan k\u0131yafetleri &hellip;<\/p>\n","protected":false},"author":1,"featured_media":20289,"comment_status":"closed","ping_status":"open","sticky":false,"template":"","format":"standard","meta":{"footnotes":""},"categories":[70,74],"tags":[1544,713,200],"class_list":["post-20288","post","type-post","status-publish","format-standard","has-post-thumbnail","","category-moda","category-modahaberleri","tag-jaden-smith","tag-louis-vuitton","tag-moda"],"_links":{"self":[{"href":"http:\/\/www.gzone.com.tr\/index.php\/wp-json\/wp\/v2\/posts\/20288","targetHints":{"allow":["GET"]}}],"collection":[{"href":"http:\/\/www.gzone.com.tr\/index.php\/wp-json\/wp\/v2\/posts"}],"about":[{"href":"http:\/\/www.gzone.com.tr\/index.php\/wp-json\/wp\/v2\/types\/post"}],"author":[{"embeddable":true,"href":"http:\/\/www.gzone.com.tr\/index.php\/wp-json\/wp\/v2\/users\/1"}],"replies":[{"embeddable":true,"href":"http:\/\/www.gzone.com.tr\/index.php\/wp-json\/wp\/v2\/comments?post=20288"}],"version-history":[{"count":0,"href":"http:\/\/www.gzone.com.tr\/index.php\/wp-json\/wp\/v2\/posts\/20288\/revisions"}],"wp:featuredmedia":[{"embeddable":true,"href":"http:\/\/www.gzone.com.tr\/index.php\/wp-json\/wp\/v2\/media\/20289"}],"wp:attachment":[{"href":"http:\/\/www.gzone.com.tr\/index.php\/wp-json\/wp\/v2\/media?parent=20288"}],"wp:term":[{"taxonomy":"category","embeddable":true,"href":"http:\/\/www.gzone.com.tr\/index.php\/wp-json\/wp\/v2\/categories?post=20288"},{"taxonomy":"post_tag","embeddable":true,"href":"http:\/\/www.gzone.com.tr\/index.php\/wp-json\/wp\/v2\/tags?post=20288"}],"curies":[{"name":"wp","href":"https:\/\/api.w.org\/{rel}","templated":true}]}}