{"id":20111,"date":"2015-12-29T18:12:01","date_gmt":"2015-12-29T16:12:01","guid":{"rendered":"http:\/\/gzone.com.tr\/?p=20111"},"modified":"2015-12-29T18:12:01","modified_gmt":"2015-12-29T16:12:01","slug":"nurellanin-yeni-kanali-belli-oldu","status":"publish","type":"post","link":"http:\/\/www.gzone.com.tr\/index.php\/2015\/12\/29\/nurellanin-yeni-kanali-belli-oldu\/","title":{"rendered":"NURELLA&#8217;NIN YEN\u0130 KANALI BELL\u0130 OLDU"},"content":{"rendered":"<p><strong>&#8220;\u0130\u015fte Benim Stilim&#8221; yar\u0131\u015fmas\u0131ndaki j\u00fcri \u00fcyeli\u011fi g\u00f6revinden ayr\u0131lan \u00fcnl\u00fc modac\u0131 Nur Yerlita\u015f yeni kanal\u0131yla el s\u0131k\u0131\u015ft\u0131.<\/strong><\/p>\n<p>Star TV, k\u0131sa bir s\u00fcre \u00f6nce TV8&#8217;de yay\u0131nlanan &#8220;\u0130\u015fte Benim Stilim&#8221; yar\u0131\u015fmas\u0131ndaki j\u00fcri \u00fcyeli\u011fi g\u00f6revinden ayr\u0131lan \u00fcnl\u00fc modac\u0131 Nur Yerlita\u015f&#8217;la el s\u0131k\u0131\u015ft\u0131. Prensip anla\u015fmas\u0131na varan taraflar, proje \u00fczerinde yeni y\u0131l itibariyle \u00e7al\u0131\u015fmaya ba\u015flayacak ve projenin detaylar\u0131 da bu tarihlerde a\u00e7\u0131klanacak.<\/p>\n<p><img loading=\"lazy\" decoding=\"async\" class=\"alignnone\" src=\"http:\/\/s29.postimg.org\/lsax1sc93\/201512291544_062cb66c_fff7_4b40_ba28_bed2053c818.jpg\" alt=\"\" width=\"550\" height=\"978\" \/><\/p>\n<p>Yerlita\u015f, anla\u015fmaya ili\u015fkin Star TV Genel M\u00fcd\u00fcr\u00fc \u00d6mer \u00d6zg\u00fcner&#8217;le birlikte \u00e7ekilmi\u015f selfie foto\u011fraf\u0131n\u0131 Instagram sayfas\u0131nda payla\u015ft\u0131.<\/p>\n<p>Kaynak: MedyaTava<\/p>\n","protected":false},"excerpt":{"rendered":"<p>&#8220;\u0130\u015fte Benim Stilim&#8221; yar\u0131\u015fmas\u0131ndaki j\u00fcri \u00fcyeli\u011fi g\u00f6revinden ayr\u0131lan \u00fcnl\u00fc modac\u0131 Nur Yerlita\u015f yeni kanal\u0131yla el s\u0131k\u0131\u015ft\u0131. Star TV, k\u0131sa bir s\u00fcre \u00f6nce TV8&#8217;de yay\u0131nlanan &#8220;\u0130\u015fte Benim Stilim&#8221; yar\u0131\u015fmas\u0131ndaki j\u00fcri \u00fcyeli\u011fi g\u00f6revinden ayr\u0131lan \u00fcnl\u00fc modac\u0131 Nur Yerlita\u015f&#8217;la el s\u0131k\u0131\u015ft\u0131. Prensip anla\u015fmas\u0131na varan taraflar, proje \u00fczerinde yeni y\u0131l itibariyle \u00e7al\u0131\u015fmaya ba\u015flayacak ve projenin detaylar\u0131 da bu tarihlerde &hellip;<\/p>\n","protected":false},"author":1,"featured_media":20112,"comment_status":"closed","ping_status":"open","sticky":false,"template":"","format":"standard","meta":{"footnotes":""},"categories":[28,61],"tags":[756,3299,132],"class_list":["post-20111","post","type-post","status-publish","format-standard","has-post-thumbnail","","category-pop","category-sinematv","tag-nur-yerlitas","tag-nurella","tag-tv"],"_links":{"self":[{"href":"http:\/\/www.gzone.com.tr\/index.php\/wp-json\/wp\/v2\/posts\/20111","targetHints":{"allow":["GET"]}}],"collection":[{"href":"http:\/\/www.gzone.com.tr\/index.php\/wp-json\/wp\/v2\/posts"}],"about":[{"href":"http:\/\/www.gzone.com.tr\/index.php\/wp-json\/wp\/v2\/types\/post"}],"author":[{"embeddable":true,"href":"http:\/\/www.gzone.com.tr\/index.php\/wp-json\/wp\/v2\/users\/1"}],"replies":[{"embeddable":true,"href":"http:\/\/www.gzone.com.tr\/index.php\/wp-json\/wp\/v2\/comments?post=20111"}],"version-history":[{"count":0,"href":"http:\/\/www.gzone.com.tr\/index.php\/wp-json\/wp\/v2\/posts\/20111\/revisions"}],"wp:featuredmedia":[{"embeddable":true,"href":"http:\/\/www.gzone.com.tr\/index.php\/wp-json\/wp\/v2\/media\/20112"}],"wp:attachment":[{"href":"http:\/\/www.gzone.com.tr\/index.php\/wp-json\/wp\/v2\/media?parent=20111"}],"wp:term":[{"taxonomy":"category","embeddable":true,"href":"http:\/\/www.gzone.com.tr\/index.php\/wp-json\/wp\/v2\/categories?post=20111"},{"taxonomy":"post_tag","embeddable":true,"href":"http:\/\/www.gzone.com.tr\/index.php\/wp-json\/wp\/v2\/tags?post=20111"}],"curies":[{"name":"wp","href":"https:\/\/api.w.org\/{rel}","templated":true}]}}