{"id":20098,"date":"2015-12-29T16:23:59","date_gmt":"2015-12-29T14:23:59","guid":{"rendered":"http:\/\/gzone.com.tr\/?p=20098"},"modified":"2015-12-29T16:23:59","modified_gmt":"2015-12-29T14:23:59","slug":"galeri-2015-yilinin-en-guclu-uluslararasi-etki-yapan-protestolari","status":"publish","type":"post","link":"http:\/\/www.gzone.com.tr\/index.php\/2015\/12\/29\/galeri-2015-yilinin-en-guclu-uluslararasi-etki-yapan-protestolari\/","title":{"rendered":"GALER\u0130: 2015 YILININ EN G\u00dc\u00c7L\u00dc, ULUSLARARASI ETK\u0130 YAPAN PROTESTOLARI"},"content":{"rendered":"<p class=\"p1\"><strong><span class=\"s1\">Kitleleri bir araya getirdiler, d\u00fcnyan\u0131n her yerinden kendilerine destek\u00e7i buldular ve elbirli\u011fiyle &#8216;de\u011fi\u015fimi&#8217; talep ettiler&#8230; \u015eiddete ba\u015fvurmad\u0131lar, yarat\u0131c\u0131l\u0131klar\u0131n\u0131 kulland\u0131lar. Sosyal ve \u00e7evreci sorunlar\u0131n alt\u0131n\u0131 \u00e7izerken g\u00f6ze de hitap ettiler. Hepsi birbirinden g\u00fc\u00e7l\u00fc protesto ve protestocular, bak\u0131n 2015&#8217;i nas\u0131l renklendirdi&#8230;<\/span><\/strong><\/p>\n<h4 class=\"p1\"><span class=\"s1\">1- G7 Z\u0130RVES\u0130NDEK\u0130 D\u00dcNYA L\u0130DER\u0130 BALONLARI<\/span><\/h4>\n<p><img loading=\"lazy\" decoding=\"async\" class=\"alignnone\" src=\"http:\/\/s15.postimg.org\/4nr4nyntn\/567be004c03c0e4c7cda48dd.jpg\" alt=\"\" width=\"770\" height=\"433\" \/><\/p>\n<p class=\"p1\"><span class=\"s1\">5 Haziran 2015 g\u00fcn\u00fc Almanya&#8217;n\u0131n M\u00fcnih kentinde G7 Liderler Zirvesi toplan\u0131rken, d\u0131\u015far\u0131daki kalabal\u0131k elinde bu balonlar\u0131 tutuyordu. D\u00fcnya liderlerinin portrelerinden haz\u0131rlanan balonlara bir de bildiri e\u015flik ediyordu: &#8220;Sevgili G7, bo\u015fa laf kalabal\u0131\u011f\u0131 yapmay\u0131n. D\u00fcnyadaki yoksullu\u011fu bitirmek i\u00e7in hemen \u015fimdi harekete ge\u00e7in.&#8221; Protestonun sebebi, k\u00fcresel yoksulluk ve e\u015fitsizli\u011fe dikkat \u00e7ekmekti.<\/span><\/p>\n<hr \/>\n<p class=\"p1\">\n<h4 class=\"p1\"><span class=\"s1\">2- KADINA Y\u00d6NEL\u0130K \u015e\u0130DDET<\/span><\/h4>\n<p><img loading=\"lazy\" decoding=\"async\" class=\"alignnone\" src=\"http:\/\/s15.postimg.org\/ssru5o84b\/567be004c03c0e4c7cda48df.jpg\" alt=\"\" width=\"770\" height=\"433\" \/><\/p>\n<p class=\"p1\"><span class=\"s1\">12 Haziran g\u00fcn\u00fc Ankara&#8217;da, \u00d6zgecan Aslan cinayeti nezdinde kad\u0131na \u015fiddete kar\u015f\u0131 durmak i\u00e7in y\u00fcr\u00fcy\u00fc\u015f d\u00fczenlendi. Kad\u0131nlar, kendi portrelerinden olu\u015fan resimleri ikiye b\u00f6l\u00fcp y\u00fcr\u00fcd\u00fcler.<\/span><\/p>\n<hr \/>\n<p class=\"p1\">\n<h4 class=\"p1\"><span class=\"s1\">3- E\u015eC\u0130NSEL HAKLARI \u0130\u00c7\u0130N &#8216;S\u0130&#8217; (EVET)<\/span><\/h4>\n<p class=\"p1\"><img loading=\"lazy\" decoding=\"async\" class=\"alignnone\" src=\"http:\/\/s15.postimg.org\/jifq24xej\/567be004c03c0e4c7cda48e1.jpg\" alt=\"\" width=\"770\" height=\"433\" \/><\/p>\n<p class=\"p1\"><span class=\"s1\">Haziran ay\u0131nda \u0130talya&#8217;n\u0131n Milan kentinde toplanan 50 bin aktivist, e\u015fcinsellerin e\u015fit muamele g\u00f6rmesi i\u00e7in protesto y\u00fcr\u00fcy\u00fc\u015f\u00fc d\u00fczenledi. &#8216;Si&#8217; (evet), basit ve net bir mesajd\u0131.<\/span><\/p>\n<hr \/>\n<p class=\"p1\">\n<h4 class=\"p1\"><span class=\"s1\">4- SANAT PROTESTOSU: KANLI AYNA<\/span><\/h4>\n<p><img loading=\"lazy\" decoding=\"async\" class=\"alignnone\" src=\"http:\/\/s15.postimg.org\/a49sich7f\/567be005c03c0e4c7cda48e9.jpg\" alt=\"\" width=\"770\" height=\"433\" \/><\/p>\n<p class=\"p1\"><span class=\"s1\">Haziran ay\u0131nda sanat\u00e7\u0131 Jordan Eagles, yeni eseri &#8216;Kanl\u0131 Ayna&#8217;y\u0131 sergilemeye ba\u015flad\u0131. Resimde g\u00f6rd\u00fc\u011f\u00fcn\u00fcz heykelde, 9 e\u015fcinsel erke\u011fin kan\u0131 bulunuyor. S\u00f6ylenmek istenen ise; Amerika&#8217;da uygulanan &#8216;e\u015fcinsel erkeklerden kan alma&#8217; yasa\u011f\u0131n\u0131n adaletsizli\u011fini vurgulamak&#8230; Bilmeyenler i\u00e7in s\u00f6yleyelim: 1977 y\u0131l\u0131ndan beri (yani AIDS salg\u0131n\u0131 ba\u015flad\u0131\u011f\u0131ndan beri) Amerika&#8217;da e\u015fcinsel erkeklerin kan ba\u011f\u0131\u015f\u0131 yapmas\u0131 yasak. Bu heykelden 5 ay sonra, Amerika&#8217;daki kan ba\u011f\u0131\u015f\u0131 yasa\u011f\u0131n\u0131n maddeleri yumu\u015fat\u0131ld\u0131. Art\u0131k e\u015fcinsel erkeklerin kan ba\u011f\u0131\u015f\u0131 yapabilmeleri i\u00e7in 1 y\u0131l cinsel ili\u015fkiye girmemi\u015f olmalar\u0131 yeterli say\u0131l\u0131yor.<\/span><\/p>\n<hr \/>\n<p class=\"p1\">\n<h4 class=\"p1\"><strong><span class=\"s1\">5- BO\u011eA G\u00dcRE\u015e\u0130N\u0130 PROTESTO ETT\u0130LER<\/span><\/strong><\/h4>\n<p><img loading=\"lazy\" decoding=\"async\" class=\"alignnone\" src=\"http:\/\/s15.postimg.org\/ufcgd5usb\/567be005c03c0e4c7cda48e7.jpg\" alt=\"\" width=\"770\" height=\"433\" \/><\/p>\n<p class=\"p1\"><span class=\"s1\">\u0130spanya&#8217;n\u0131n me\u015fhur San Fermin Festivali&#8217;nde yap\u0131lan Bo\u011fa Ko\u015fusu, bu y\u0131l da hayvan haklar\u0131 savunucular\u0131n\u0131n radar\u0131ndayd\u0131. Haziran ay\u0131nda aktivistler kendilerini k\u0131rm\u0131z\u0131ya boyay\u0131p, bo\u011fa g\u00fcre\u015finin yap\u0131ld\u0131\u011f\u0131 Pamplona sokaklar\u0131na uzand\u0131. Ama\u00e7lar\u0131, bu tarihi e\u011flencenin hayvanlara ne kadar zarar verdi\u011fini anlatabilmekti.<\/span><\/p>\n<hr \/>\n<p class=\"p1\">\n<h4 class=\"p1\"><span class=\"s1\">6- PAR\u0130S&#8217;TEK\u0130 ZAFER TAKI&#8217;NIN \u00c7EVRES\u0130NE G\u00dcNE\u015e \u00c7\u0130ZD\u0130LER<\/span><\/h4>\n<p><img loading=\"lazy\" decoding=\"async\" class=\"alignnone\" src=\"http:\/\/s15.postimg.org\/tec7o1dsr\/567be004c03c0e4c7cda48e5.jpg\" alt=\"\" width=\"770\" height=\"433\" \/><\/p>\n<p class=\"p1\"><span class=\"s1\">Greenpeace aktivistlerinin 2015 y\u0131l\u0131 i\u00e7inde yapt\u0131klar\u0131 en yarat\u0131c\u0131 eylem buydu. Paris&#8217;in me\u015fhur Zafer Tak\u0131, 11 Aral\u0131k g\u00fcn\u00fc \u0130klim Konferans\u0131 s\u0131ras\u0131nda g\u00fcne\u015f olup a\u00e7t\u0131. Konferans s\u00fcrerken 12 g\u00fcn boyunca g\u00f6steri d\u00fczenleyen protestocular, bisiklet kullanarak caddeleri boyad\u0131.<\/span><\/p>\n<hr \/>\n<p class=\"p1\">\n<h4 class=\"p1\"><span class=\"s1\">7- S\u0130YAH\u0130 HAKLARI<\/span><\/h4>\n<p><img loading=\"lazy\" decoding=\"async\" class=\"alignnone\" src=\"http:\/\/s15.postimg.org\/vt438gu1n\/567be004c03c0e4c7cda48e3.jpg\" alt=\"\" width=\"770\" height=\"433\" \/><\/p>\n<p class=\"p1\"><span class=\"s1\">Siyahilere y\u00f6nelik e\u015fitsizli\u011fi ve \u015fiddeti protesto eden BLM adl\u0131 grubun vermek istedi\u011fi mesaj \u00e7ok g\u00fc\u00e7l\u00fc ve asl\u0131na bakarsan\u0131z, acildi de&#8230; Ge\u00e7ti\u011fimiz y\u0131l Michael Brown adl\u0131 siyahi bir gen\u00e7, Ferguson kasabas\u0131nda polis kur\u015funuyla vurularak \u00f6ld\u00fcr\u00fclm\u00fc\u015ft\u00fc. B\u00f6ylece &#8216;Ferguson protestolar\u0131&#8217; ba\u015flam\u0131\u015f oldu. Y\u0131l boyunca protestocular, polisin ac\u0131mas\u0131zl\u0131\u011f\u0131n\u0131 ve \u015fiddetini vurgulamak i\u00e7in Amerika&#8217;y\u0131 gezdiler; \u00fclkenin hemen hemen her kentinde g\u00f6steri d\u00fczenlediler. Yukar\u0131daki foto\u011fraf; tam da Michael Brown&#8217;\u0131n \u00f6l\u00fcm y\u0131ld\u00f6n\u00fcm\u00fc olan 9 A\u011fustos&#8217;ta, onun \u00f6ld\u00fc\u011f\u00fc yer Ferguson kasabas\u0131nda yap\u0131lan protestolar s\u0131ras\u0131nda \u00e7ekildi.<\/span><\/p>\n<hr \/>\n<p class=\"p1\">\n<h4 class=\"p1\"><span class=\"s1\">8- BO\u015e AYAKKABILAR<\/span><\/h4>\n<p><img loading=\"lazy\" decoding=\"async\" class=\"alignnone\" src=\"http:\/\/s15.postimg.org\/v3pw9uivv\/567be005c03c0e4c7cda48f5.jpg\" alt=\"\" width=\"770\" height=\"433\" \/><\/p>\n<p class=\"p1\"><span class=\"s1\">Paris&#8217;te d\u00fczenlenen \u0130klim Konferans\u0131 s\u0131ras\u0131nda \u00d6zg\u00fcrl\u00fck Meydan\u0131&#8217;nda toplanan aktivist ve avukatlar, etraf\u0131 ayakkab\u0131larla doldurdu. Bu kadar etkili olmas\u0131n\u0131n as\u0131l sebebi \u015fuydu: 13 Kas\u0131m&#8217;daki ter\u00f6r sald\u0131r\u0131s\u0131n\u0131n hemen ertesiydi ve Frans\u0131z yetkililer geni\u015f \u00f6l\u00e7ekteki protestolar\u0131 yasaklam\u0131\u015ft\u0131. Protestocular birebir gelmemi\u015flerdi ama ayakkab\u0131lar\u0131 oradayd\u0131. Her \u00e7ift bir ki\u015fiyi temsil ediyor ve geni\u015f kapsaml\u0131, g\u00fc\u00e7l\u00fc bir iklim anla\u015fmas\u0131 talep ediyordu. Papa Francis ve Birle\u015fmi\u015f Milletler Genel Sekreteri Ban Ki Moon&#8217;un da ayakkab\u0131lar\u0131 oradayd\u0131.<\/span><\/p>\n<hr \/>\n<p class=\"p1\">\n<h4 class=\"p1\"><span class=\"s1\">9- G\u00d6\u00c7MENLER\u0130N A\u011eZI D\u0130K\u0130LEREK KAPATILDI<\/span><\/h4>\n<p><img loading=\"lazy\" decoding=\"async\" class=\"alignnone\" src=\"http:\/\/s15.postimg.org\/gfezyrifv\/567be005c03c0e4c7cda48f2.jpg\" alt=\"\" width=\"770\" height=\"433\" \/><\/p>\n<p class=\"p1\"><span class=\"s1\">23 Kas\u0131m g\u00fcn\u00fc yap\u0131lan bu g\u00f6steri, Yunanistan ve Makedonya s\u0131n\u0131r\u0131nda ger\u00e7ekle\u015fti. G\u00f6\u00e7menler ve m\u00fcltecilerden olu\u015fan bir grup, &#8216;hi\u00e7kimsenin yeri&#8217; olan bu b\u00f6lgede a\u011f\u0131zlar\u0131n\u0131 diktiler. Bir\u00e7ok Avrupa \u00fclkesinin reddetmesinden sonra, kimseye ait olmayan o s\u0131n\u0131rda kalakalm\u0131\u015flard\u0131.<\/span><\/p>\n<hr \/>\n<p class=\"p1\">\n<h4 class=\"p1\"><span class=\"s1\">10- \u00c7AMURLU PROTESTO<\/span><\/h4>\n<p><img loading=\"lazy\" decoding=\"async\" class=\"alignnone\" src=\"http:\/\/s15.postimg.org\/idlnwraxn\/567be005c03c0e4c7cda48f6.jpg\" alt=\"\" width=\"770\" height=\"433\" \/><\/p>\n<p class=\"p1\"><span class=\"s1\">16 Kas\u0131m g\u00fcn\u00fc Brezilya&#8217;n\u0131n Rio de Janeiro kentindeki protestocular, Vale karargah\u0131n\u0131n d\u0131\u015f\u0131ndaki \u00e7amura uzan\u0131p iki baraj\u0131n a\u00e7\u0131lmas\u0131n\u0131 protesto ettiler. \u0130ki baraj k\u0131smen Vale&#8217;ye aitti. Baraj a\u00e7\u0131l\u0131nca \u00e7amurlu su yerle\u015fim yerlerine kadar ula\u015fm\u0131\u015f; geride 10 \u00f6l\u00fc ve zehirli su b\u0131rakarak \u00e7evreyi harap etmi\u015fti.<\/span><\/p>\n<hr \/>\n<p class=\"p1\">\n<h4 class=\"p1\"><span class=\"s1\">11- TEM\u0130Z HAVA \u0130\u00c7\u0130N PLAST\u0130K PO\u015eETLER<\/span><\/h4>\n<p><img loading=\"lazy\" decoding=\"async\" class=\"alignnone\" src=\"http:\/\/s15.postimg.org\/7yfhnudqz\/567be005c03c0e4c7cda48f4.jpg\" alt=\"\" width=\"770\" height=\"433\" \/><\/p>\n<p class=\"p1\"><span class=\"s1\">16 Aral\u0131k g\u00fcn\u00fc Bel\u00e7ikal\u0131 protestocular, ba\u015flar\u0131na plastik po\u015fetler ge\u00e7irip Br\u00fcksel&#8217;deki Avrupa Konseyi \u00f6n\u00fcnde topland\u0131lar. \u0130klim Konferans\u0131&#8217;n\u0131n hemen ertesinde yap\u0131lan g\u00f6sterinin amac\u0131, h\u00fck\u00fcmet yetkililerinin dikkatini tekrar iklim sorunlar\u0131na \u00e7ekmekti.<\/span><\/p>\n<hr \/>\n<p class=\"p1\">\n<h4 class=\"p1\"><span class=\"s1\">12- PAKETLENM\u0130\u015e \u0130NSAN ET\u0130!<\/span><\/h4>\n<p><img loading=\"lazy\" decoding=\"async\" class=\"alignnone\" src=\"http:\/\/s15.postimg.org\/qgju82viz\/567be005c03c0e4c7cda48f0.jpg\" alt=\"\" width=\"770\" height=\"433\" \/><\/p>\n<p class=\"p1\"><span class=\"s1\">Bir grup hayvan haklar\u0131 savunucusu 20 Mart Uluslararas\u0131 Et Yememe G\u00fcn\u00fc&#8217;nde Mexico City sokaklar\u0131nda topland\u0131. Aktivistler et paketlerinin i\u00e7ine girip \u00fczerlerine &#8216;insan eti&#8217; yazarak; &#8216;et yeme&#8217;ye farkl\u0131 bir bak\u0131\u015f a\u00e7\u0131s\u0131 getirdiler. Protesto, insanlar\u0131 etsiz beslenmeye te\u015fvik etmeyi ama\u00e7l\u0131yordu.<\/span><\/p>\n<hr \/>\n<p class=\"p1\">\n<h4 class=\"p1\"><span class=\"s1\">13- SLOVENYA-HIRVAT\u0130STAN SINIRINDA TOKALA\u015eMA<\/span><\/h4>\n<p><img loading=\"lazy\" decoding=\"async\" class=\"alignnone\" src=\"http:\/\/s15.postimg.org\/diwkc81zv\/567be005c03c0e4c7cda4904.jpg\" alt=\"\" width=\"770\" height=\"433\" \/><\/p>\n<p class=\"p1\"><span class=\"s1\">Slovenya\u2019n\u0131n g\u00f6\u00e7men ve m\u00fclteci ge\u00e7i\u015flerini engellemek amac\u0131yla Slovenya- H\u0131rvatistan s\u0131n\u0131r\u0131n\u0131 dikenli metal tellerle \u00e7evirmesi, protestocular\u0131 19 Aral\u0131k&#8217;ta bir araya getirdi. S\u0131n\u0131r \u00fczerindeki telleri balonlar ve bayraklarla s\u00fcsleyen g\u00f6stericiler, kar\u015f\u0131 s\u0131n\u0131rlardan tokala\u015farak tepki g\u00f6sterdiler.<\/span><\/p>\n<hr \/>\n<p class=\"p1\">\n<h4 class=\"p1\"><span class=\"s1\">14- 2 MART ADALET\u0130<\/span><\/h4>\n<p><img loading=\"lazy\" decoding=\"async\" class=\"alignnone\" src=\"http:\/\/s15.postimg.org\/xesjrrj17\/567be005c03c0e4c7cda4900.jpg\" alt=\"\" width=\"770\" height=\"513\" \/><\/p>\n<p class=\"p1\"><span class=\"s1\">ABD&#8217;de 13-21 Nisan tarihlerinde 9 g\u00fcn boyunca bir grup protestocu y\u00fcr\u00fcyerek su\u00e7lulara adalet reformu i\u00e7in protesto y\u00fcr\u00fcy\u00fc\u015f\u00fc yapt\u0131. \u201c2 Mart Adaleti\u201d ad\u0131n\u0131 verdikleri zorlu y\u00fcr\u00fcy\u00fc\u015f, New York&#8217;tan Washington DC\u2019ye kadar s\u00fcrd\u00fc. Protestocular\u0131n kongreye sunduklar\u0131 \u201cadalet paketi\u201d, \u0131rk\u00e7\u0131 ayr\u0131mc\u0131l\u0131\u011f\u0131 engellemek, polis kuvvetinin silahs\u0131zland\u0131r\u0131lmas\u0131, gen\u00e7lik konseyine yat\u0131r\u0131m yap\u0131lmas\u0131 ve su\u00e7 i\u015flemeyi engelleyici d\u00fczenlemeleri kaps\u0131yordu.<\/span><\/p>\n<hr \/>\n<p class=\"p1\">\n<h4 class=\"p1\"><span class=\"s1\">15- KE\u015eM\u0130R H\u00dcK\u00dcMET \u00c7ALI\u015eANLARI<\/span><\/h4>\n<p><img loading=\"lazy\" decoding=\"async\" class=\"alignnone\" src=\"http:\/\/s15.postimg.org\/iwvcjrrq3\/567be005c03c0e4c7cda48ff.jpg\" alt=\"\" width=\"770\" height=\"433\" \/><\/p>\n<p class=\"p1\"><span class=\"s1\">Ke\u015fmir h\u00fckumet \u00e7al\u0131\u015fanlar\u0131 Hindistan\u2019\u0131n Srinagar kentinde s\u00f6zle\u015fme istikrar\u0131 sorunu ve b\u00fct\u00fcn bir y\u0131l boyunca alamad\u0131klar\u0131 maa\u015flar\u0131 i\u00e7in yaz aylar\u0131 s\u00fcresince pek \u00e7ok g\u00f6steri yapt\u0131lar. G\u00fcvenlik g\u00f6revlileri tazyikli mor suyla \u015fehrin geneline yay\u0131lan g\u00f6stericileri p\u00fcsk\u00fcrtmeye \u00e7al\u0131\u015ft\u0131. Polisin s\u0131kt\u0131\u011f\u0131 mor su g\u00f6stericileri p\u00fcsk\u00fcrtmeye ve morallerini bozmaya yetmeyince protestocular tutuklanmaya ba\u015fland\u0131.<\/span><\/p>\n<hr \/>\n<p class=\"p1\">\n<p class=\"p1\">\n<h4 class=\"p1\"><span class=\"s1\">16- M\u00dcLTEC\u0130LER\u0130 TEMS\u0130L EDEN CESET TORBALARI<\/span><\/h4>\n<h4 class=\"p1\"><img loading=\"lazy\" decoding=\"async\" class=\"alignnone\" src=\"http:\/\/s15.postimg.org\/4zd6egtnf\/567be005c03c0e4c7cda48fe.jpg\" alt=\"\" width=\"770\" height=\"433\" \/><\/h4>\n<h4 class=\"p1\"><\/h4>\n<p class=\"p1\"><span class=\"s1\">\u0130ngiltere\u2019nin Brighton \u015fehrinde Uluslararas\u0131 Af \u00d6rg\u00fct\u00fc taraf\u0131ndan d\u00fczenlenen g\u00f6steride yakla\u015f\u0131k 200 eylemci, kumsalda ceset torbalar\u0131n\u0131n i\u00e7inde uzan\u0131p eylem yapt\u0131. Protestonun yap\u0131lma amac\u0131, Ege b\u00f6lgesinde meydana gelen g\u00f6\u00e7men ve m\u00fclteci krizine kar\u015f\u0131 \u0130ngiltere\u2019nin yetersiz kalan ilgisine tepki \u00e7ekmek oldu.<\/span><\/p>\n<hr \/>\n<p class=\"p1\">\n<p class=\"p1\">\n<h4 class=\"p1\"><span class=\"s1\">17- TAYVANLI H\u00dcK\u00dcMET \u00c7ALI\u015eANLARININ PROTESTOSU<\/span><\/h4>\n<p class=\"p1\"><img loading=\"lazy\" decoding=\"async\" class=\"alignnone\" src=\"http:\/\/s15.postimg.org\/soy0pf2mz\/567be005c03c0e4c7cda48fc.jpg\" alt=\"\" width=\"770\" height=\"433\" \/><\/p>\n<p class=\"p1\"><span class=\"s1\">Tayvanl\u0131 i\u015f\u00e7iler Taipei kentinde bulunan h\u00fckumet binas\u0131n\u0131n d\u0131\u015f\u0131ndaki sokaklara y\u00fczlerindeki beyaz maskelerle uzand\u0131lar. Eylemciler, h\u00fckumetin i\u015f\u00e7ilere kar\u015f\u0131 ac\u0131mas\u0131z tutumlar\u0131n\u0131 ve kontratl\u0131-ge\u00e7ici i\u015f\u00e7ilerin toplu i\u015ften \u00e7\u0131kar\u0131lmas\u0131n\u0131 protesto ettiler. \u0130\u015f\u00e7ilerin sessizli\u011fini temsil eden beyaz maskeleriyle sokakta uzanan eylemciler, y\u0131ll\u0131k maa\u015flar\u0131n\u0131n \u00f6denmesini talep etti.<\/span><\/p>\n","protected":false},"excerpt":{"rendered":"<p>Kitleleri bir araya getirdiler, d\u00fcnyan\u0131n her yerinden kendilerine destek\u00e7i buldular ve elbirli\u011fiyle &#8216;de\u011fi\u015fimi&#8217; talep ettiler&#8230; \u015eiddete ba\u015fvurmad\u0131lar, yarat\u0131c\u0131l\u0131klar\u0131n\u0131 kulland\u0131lar. Sosyal ve \u00e7evreci sorunlar\u0131n alt\u0131n\u0131 \u00e7izerken g\u00f6ze de hitap ettiler. Hepsi birbirinden g\u00fc\u00e7l\u00fc protesto ve protestocular, bak\u0131n 2015&#8217;i nas\u0131l renklendirdi&#8230; 1- G7 Z\u0130RVES\u0130NDEK\u0130 D\u00dcNYA L\u0130DER\u0130 BALONLARI 5 Haziran 2015 g\u00fcn\u00fc Almanya&#8217;n\u0131n M\u00fcnih kentinde G7 Liderler Zirvesi &hellip;<\/p>\n","protected":false},"author":1,"featured_media":20099,"comment_status":"closed","ping_status":"open","sticky":false,"template":"","format":"standard","meta":{"footnotes":""},"categories":[92,91],"tags":[113,112,653],"class_list":["post-20098","post","type-post","status-publish","format-standard","has-post-thumbnail","","category-dunya","category-haberler","tag-dunya-2","tag-haberler-2","tag-protesto"],"_links":{"self":[{"href":"http:\/\/www.gzone.com.tr\/index.php\/wp-json\/wp\/v2\/posts\/20098","targetHints":{"allow":["GET"]}}],"collection":[{"href":"http:\/\/www.gzone.com.tr\/index.php\/wp-json\/wp\/v2\/posts"}],"about":[{"href":"http:\/\/www.gzone.com.tr\/index.php\/wp-json\/wp\/v2\/types\/post"}],"author":[{"embeddable":true,"href":"http:\/\/www.gzone.com.tr\/index.php\/wp-json\/wp\/v2\/users\/1"}],"replies":[{"embeddable":true,"href":"http:\/\/www.gzone.com.tr\/index.php\/wp-json\/wp\/v2\/comments?post=20098"}],"version-history":[{"count":0,"href":"http:\/\/www.gzone.com.tr\/index.php\/wp-json\/wp\/v2\/posts\/20098\/revisions"}],"wp:featuredmedia":[{"embeddable":true,"href":"http:\/\/www.gzone.com.tr\/index.php\/wp-json\/wp\/v2\/media\/20099"}],"wp:attachment":[{"href":"http:\/\/www.gzone.com.tr\/index.php\/wp-json\/wp\/v2\/media?parent=20098"}],"wp:term":[{"taxonomy":"category","embeddable":true,"href":"http:\/\/www.gzone.com.tr\/index.php\/wp-json\/wp\/v2\/categories?post=20098"},{"taxonomy":"post_tag","embeddable":true,"href":"http:\/\/www.gzone.com.tr\/index.php\/wp-json\/wp\/v2\/tags?post=20098"}],"curies":[{"name":"wp","href":"https:\/\/api.w.org\/{rel}","templated":true}]}}