{"id":20020,"date":"2015-12-28T11:20:10","date_gmt":"2015-12-28T09:20:10","guid":{"rendered":"http:\/\/gzone.com.tr\/?p=20020"},"modified":"2015-12-28T11:20:10","modified_gmt":"2015-12-28T09:20:10","slug":"kaos-gl-20-yilini-gelecek-queer-sergisiyle-kutladi","status":"publish","type":"post","link":"http:\/\/www.gzone.com.tr\/index.php\/2015\/12\/28\/kaos-gl-20-yilini-gelecek-queer-sergisiyle-kutladi\/","title":{"rendered":"KAOS GL 20.YILINI &#8220;GELECEK QUEER&#8221; SERG\u0130S\u0130YLE KUTLADI"},"content":{"rendered":"<p class=\"p1\"><span class=\"s1\">Kaos Gey ve Lezbiyen K\u00fclt\u00fcrel Ara\u015ft\u0131rmalar ve Dayan\u0131\u015fma Derne\u011fi (Kaos GL), 2014 y\u0131l\u0131nda doldurdu\u011fu 20. ya\u015f\u0131na \u00f6zel bir sergi d\u00fczenledi. \u0130stanbul Cihangir ARK K\u00fclt\u00fcr\u2019de 26 Aral\u0131k\u2019ta ba\u015flayan sergi 7 \u015eubat 2016 tarihine kadar ziyaret edilebilecek edecek. Serginin k\u00fcrat\u00f6rl\u00fc\u011f\u00fcn\u00fc <strong>\u00d6v\u00fcl Durmu\u015fo\u011flu <\/strong>ger\u00e7ekle\u015ftirirken, yard\u0131mc\u0131 k\u00fcrat\u00f6rl\u00fc\u011f\u00fcn\u00fc <strong>Aylime Asl\u0131 Demir <\/strong>yapt\u0131.<\/span><\/p>\n<p class=\"p1\"><span class=\"s1\">Serginin k\u00fcrat\u00f6rl\u00fc\u011f\u00fcn\u00fc yapan Durmu\u015fo\u011flu, serginin \u00f6nemini anlat\u0131rken trafik kazas\u0131nda kaybedilen ve LGBT hareketinde \u00f6nc\u00fc isimlerden olan Zeli\u015f Deniz ve Boysan Yakar\u2019\u0131 and\u0131. Durmu\u015fo\u011flu, \u201cBu y\u0131l \u00e7ok fazla insan kaybettik. T\u00fcrkiye LGBT hareketinde aktif \u015fekilde \u00e7al\u0131\u015fm\u0131\u015f insanlar\u0131 kaybettik. Boysan ile Zeli\u015f bunun bir simgesi oldu. Bu sergi, benim g\u00f6n\u00fcl borcum\u201d dedi.<\/span><\/p>\n<p class=\"p1\"><span class=\"s1\">Durmu\u015fo\u011flu, Kaos GL ile yapt\u0131\u011f\u0131 ortakl\u0131\u011f\u0131n devam etmesini istedi\u011fini s\u00f6ylerken, \u201cT\u00fcrkiye\u2019deki LGBT hareketinin b\u00fct\u00fcn sanat\u00e7\u0131lar\u0131n\u0131 kapsamak gibi bir iddiam\u0131z yok. \u0130stiyoruz ki bu bir ba\u015flang\u0131\u00e7 olsun ve devam etsin\u201d ifadelerini kulland\u0131.<\/span><\/p>\n<p class=\"p1\">\u00a0&#8220;Yoktan var olan hareketin sanat yoluyla ortaya \u00e7\u0131kmas\u0131n\u0131 g\u00f6stermek istedik&#8221;<\/p>\n<p class=\"p1\"><span class=\"s1\">Sergideki eserlerden bahsederken kendisi i\u00e7in en \u00f6nemli k\u0131sm\u0131n ar\u015fiv b\u00f6l\u00fcm\u00fc oldu\u011funu s\u00f6yleyen k\u00fcrat\u00f6r Durmu\u015fo\u011flu, T\u00fcrk LGBT hareketini G\u00fcneydo\u011fu\u2019daki \u00e7at\u0131\u015fma ortam\u0131yla birlikte de\u011ferlendirirken \u201cBug\u00fcn \u00e7ok zor g\u00fcnlerden ge\u00e7iyoruz. G\u00fcneydo\u011fu\u2019daki i\u00e7 sava\u015f ayyuka \u00e7\u0131km\u0131\u015f durumda. Umutsuzlu\u011fa kap\u0131lm\u0131\u015f bir d\u00f6nemdeyiz. Bir hareketin nas\u0131l yoktan var oldu\u011funu ve aya\u011fa kalkt\u0131\u011f\u0131n\u0131 sanat vas\u0131tas\u0131yla g\u00f6sterebilmek bu y\u00fczden \u00f6nemli\u201d dedi.<\/span><\/p>\n<p class=\"p1\">T\u00fcrkiye\u2019de kendini e\u015fcinsel olarak konumland\u0131ran ilk k\u00fcrat\u00f6r oldu\u011funu s\u00f6yleyen Durmu\u015fo\u011flu, T\u00fcrkiye\u2019deki LGBT hareketinin siyaset ile her zaman beraber y\u00fcr\u00fcd\u00fc\u011f\u00fcn\u00fc ifade ederken \u201cKaos GL\u2019nin ar\u015fivine bakt\u0131\u011f\u0131m\u0131zda ba\u015f\u0131ndan beri LGBT\u2019nin partilerin g\u00fcndeminde olan bir \u015fey oldu\u011funu g\u00f6r\u00fcyoruz. Gelen mektuplarda parti kongrelerine davet edilen Kaos GL bunun bir \u00f6rne\u011fi. Beraber y\u00fcr\u00fcyen bir m\u00fccadele olarak g\u00f6r\u00fcyorum\u201d dedi.<\/p>\n<p class=\"p1\"><em>Kaynak: Mehmet Efe Altay-<a href=\"http:\/\/t24.com.tr\/haber\/kaos-gl-20-yilini-kutladi,321944\" target=\"_blank\">T24\u00a0<\/a><\/em><\/p>\n","protected":false},"excerpt":{"rendered":"<p>Kaos Gey ve Lezbiyen K\u00fclt\u00fcrel Ara\u015ft\u0131rmalar ve Dayan\u0131\u015fma Derne\u011fi (Kaos GL), 2014 y\u0131l\u0131nda doldurdu\u011fu 20. ya\u015f\u0131na \u00f6zel bir sergi d\u00fczenledi. \u0130stanbul Cihangir ARK K\u00fclt\u00fcr\u2019de 26 Aral\u0131k\u2019ta ba\u015flayan sergi 7 \u015eubat 2016 tarihine kadar ziyaret edilebilecek edecek. Serginin k\u00fcrat\u00f6rl\u00fc\u011f\u00fcn\u00fc \u00d6v\u00fcl Durmu\u015fo\u011flu ger\u00e7ekle\u015ftirirken, yard\u0131mc\u0131 k\u00fcrat\u00f6rl\u00fc\u011f\u00fcn\u00fc Aylime Asl\u0131 Demir yapt\u0131. Serginin k\u00fcrat\u00f6rl\u00fc\u011f\u00fcn\u00fc yapan Durmu\u015fo\u011flu, serginin \u00f6nemini anlat\u0131rken trafik &hellip;<\/p>\n","protected":false},"author":1,"featured_media":20022,"comment_status":"closed","ping_status":"open","sticky":false,"template":"","format":"standard","meta":{"footnotes":""},"categories":[62],"tags":[398,978],"class_list":["post-20020","post","type-post","status-publish","format-standard","has-post-thumbnail","","category-etkinlikvemekan","tag-kaos-gl","tag-sergi"],"_links":{"self":[{"href":"http:\/\/www.gzone.com.tr\/index.php\/wp-json\/wp\/v2\/posts\/20020","targetHints":{"allow":["GET"]}}],"collection":[{"href":"http:\/\/www.gzone.com.tr\/index.php\/wp-json\/wp\/v2\/posts"}],"about":[{"href":"http:\/\/www.gzone.com.tr\/index.php\/wp-json\/wp\/v2\/types\/post"}],"author":[{"embeddable":true,"href":"http:\/\/www.gzone.com.tr\/index.php\/wp-json\/wp\/v2\/users\/1"}],"replies":[{"embeddable":true,"href":"http:\/\/www.gzone.com.tr\/index.php\/wp-json\/wp\/v2\/comments?post=20020"}],"version-history":[{"count":0,"href":"http:\/\/www.gzone.com.tr\/index.php\/wp-json\/wp\/v2\/posts\/20020\/revisions"}],"wp:featuredmedia":[{"embeddable":true,"href":"http:\/\/www.gzone.com.tr\/index.php\/wp-json\/wp\/v2\/media\/20022"}],"wp:attachment":[{"href":"http:\/\/www.gzone.com.tr\/index.php\/wp-json\/wp\/v2\/media?parent=20020"}],"wp:term":[{"taxonomy":"category","embeddable":true,"href":"http:\/\/www.gzone.com.tr\/index.php\/wp-json\/wp\/v2\/categories?post=20020"},{"taxonomy":"post_tag","embeddable":true,"href":"http:\/\/www.gzone.com.tr\/index.php\/wp-json\/wp\/v2\/tags?post=20020"}],"curies":[{"name":"wp","href":"https:\/\/api.w.org\/{rel}","templated":true}]}}