{"id":19500,"date":"2015-12-15T10:42:09","date_gmt":"2015-12-15T08:42:09","guid":{"rendered":"http:\/\/gzone.com.tr\/?p=19500"},"modified":"2015-12-15T10:42:09","modified_gmt":"2015-12-15T08:42:09","slug":"mans-zelmerlow-eurovisiona-geri-donuyor","status":"publish","type":"post","link":"http:\/\/www.gzone.com.tr\/index.php\/2015\/12\/15\/mans-zelmerlow-eurovisiona-geri-donuyor\/","title":{"rendered":"M\u00e5NS ZELMERL\u00d6W EUROVISION&#8217;A GER\u0130 D\u00d6N\u00dcYOR"},"content":{"rendered":"<p><strong>Ge\u00e7ti\u011fimiz y\u0131l performans\u0131yla hepimizi kendine hayran b\u0131rakan Eurovision birincisi\u00a0M\u00e5ns Zelmerl\u00f6w, Eurovision sahnesine geri d\u00f6n\u00fcyor.<\/strong><\/p>\n<p>Ge\u00e7ti\u011fimiz y\u0131l \u0130sve\u00e7&#8217;e birincili\u011fi getiren Eurovision galibi\u00a0M\u00e5ns Zelmerl\u00f6w, bu y\u0131lki Eurovision finalinin sunucular\u0131 aras\u0131na eklendi. \u0130sve\u00e7&#8217;in \u00fcnl\u00fc TV sunucusu\u00a0Petra Mede&#8217;nin sunaca\u011f\u0131 a\u00e7\u0131klanan Eurovision finalinde, \u00fcnl\u00fc sunucuyla beraber sahnede yer alaca\u011f\u0131 a\u00e7\u0131klanan\u00a0Zelmerl\u00f6w&#8217;\u00fcn ayr\u0131ca gecenin a\u00e7\u0131l\u0131\u015f performans\u0131n\u0131 da ger\u00e7ekle\u015ftirece\u011fi s\u00f6ylenmekte.<\/p>\n<p>Eurovision galibiyeti ard\u0131ndan Avrupa turnesine \u00e7\u0131kan\u00a0Zelmerl\u00f6w, sosyal medya hesab\u0131 \u00fczerinden yapt\u0131\u011f\u0131 payla\u015f\u0131mlarla g\u00f6zlerimizi doyurmaya devam ediyor<\/p>\n","protected":false},"excerpt":{"rendered":"<p>Ge\u00e7ti\u011fimiz y\u0131l performans\u0131yla hepimizi kendine hayran b\u0131rakan Eurovision birincisi\u00a0M\u00e5ns Zelmerl\u00f6w, Eurovision sahnesine geri d\u00f6n\u00fcyor. Ge\u00e7ti\u011fimiz y\u0131l \u0130sve\u00e7&#8217;e birincili\u011fi getiren Eurovision galibi\u00a0M\u00e5ns Zelmerl\u00f6w, bu y\u0131lki Eurovision finalinin sunucular\u0131 aras\u0131na eklendi. \u0130sve\u00e7&#8217;in \u00fcnl\u00fc TV sunucusu\u00a0Petra Mede&#8217;nin sunaca\u011f\u0131 a\u00e7\u0131klanan Eurovision finalinde, \u00fcnl\u00fc sunucuyla beraber sahnede yer alaca\u011f\u0131 a\u00e7\u0131klanan\u00a0Zelmerl\u00f6w&#8217;\u00fcn ayr\u0131ca gecenin a\u00e7\u0131l\u0131\u015f performans\u0131n\u0131 da ger\u00e7ekle\u015ftirece\u011fi s\u00f6ylenmekte. Eurovision galibiyeti ard\u0131ndan &hellip;<\/p>\n","protected":false},"author":1,"featured_media":11892,"comment_status":"closed","ping_status":"open","sticky":false,"template":"","format":"standard","meta":{"footnotes":""},"categories":[39,28],"tags":[173,2086,275],"class_list":["post-19500","post","type-post","status-publish","format-standard","has-post-thumbnail","","category-muzik","category-pop","tag-eurovision","tag-mans-zelmerlow","tag-muzik-2"],"_links":{"self":[{"href":"http:\/\/www.gzone.com.tr\/index.php\/wp-json\/wp\/v2\/posts\/19500","targetHints":{"allow":["GET"]}}],"collection":[{"href":"http:\/\/www.gzone.com.tr\/index.php\/wp-json\/wp\/v2\/posts"}],"about":[{"href":"http:\/\/www.gzone.com.tr\/index.php\/wp-json\/wp\/v2\/types\/post"}],"author":[{"embeddable":true,"href":"http:\/\/www.gzone.com.tr\/index.php\/wp-json\/wp\/v2\/users\/1"}],"replies":[{"embeddable":true,"href":"http:\/\/www.gzone.com.tr\/index.php\/wp-json\/wp\/v2\/comments?post=19500"}],"version-history":[{"count":0,"href":"http:\/\/www.gzone.com.tr\/index.php\/wp-json\/wp\/v2\/posts\/19500\/revisions"}],"wp:featuredmedia":[{"embeddable":true,"href":"http:\/\/www.gzone.com.tr\/index.php\/wp-json\/wp\/v2\/media\/11892"}],"wp:attachment":[{"href":"http:\/\/www.gzone.com.tr\/index.php\/wp-json\/wp\/v2\/media?parent=19500"}],"wp:term":[{"taxonomy":"category","embeddable":true,"href":"http:\/\/www.gzone.com.tr\/index.php\/wp-json\/wp\/v2\/categories?post=19500"},{"taxonomy":"post_tag","embeddable":true,"href":"http:\/\/www.gzone.com.tr\/index.php\/wp-json\/wp\/v2\/tags?post=19500"}],"curies":[{"name":"wp","href":"https:\/\/api.w.org\/{rel}","templated":true}]}}