{"id":19105,"date":"2015-12-07T14:09:05","date_gmt":"2015-12-07T12:09:05","guid":{"rendered":"http:\/\/gzone.com.tr\/?p=19105"},"modified":"2015-12-07T14:09:05","modified_gmt":"2015-12-07T12:09:05","slug":"adalet-bakanina-oldurulen-trans-kadinlarla-ilgili-soru-onergesi","status":"publish","type":"post","link":"http:\/\/www.gzone.com.tr\/index.php\/2015\/12\/07\/adalet-bakanina-oldurulen-trans-kadinlarla-ilgili-soru-onergesi\/","title":{"rendered":"ADALET BAKANINA \u00d6LD\u00dcR\u00dcLEN TRANS KADINLARLA \u0130LG\u0130L\u0130 SORU \u00d6NERGES\u0130"},"content":{"rendered":"<p>Halklar\u0131n Demokratik Partisi \u0130stanbul milletvekili Erdal Ata\u015f, son 13 g\u00fcnde iki trans kad\u0131n\u0131n \u00f6ld\u00fcr\u00fclmesini Meclis\u2019e ta\u015f\u0131d\u0131.<\/p>\n<p>Ata\u015f, \u0130stanbul LGBTT Dayan\u0131\u015fma Derne\u011fi ile birlikte haz\u0131rlad\u0131\u011f\u0131 soru \u00f6nergesinde son 13 g\u00fcnde iki trans kad\u0131n\u0131n \u00f6ld\u00fcr\u00fcld\u00fc\u011f\u00fcn\u00fc, katillerinin yakalanamad\u0131\u011f\u0131n\u0131 belirterek polislerin nefret s\u00f6ylemi \u00fcreten ayr\u0131mc\u0131 tutumuna da de\u011findi.<\/p>\n<p>Adalet Bakan\u0131 Bekir Bozda\u011f\u2019\u0131n cevaplamas\u0131 i\u00e7in sunulan dilek\u00e7ede \u015fu ifadeler yer ald\u0131:<\/p>\n<p>\u201cT\u00fcrkiye\u2019de homofobik ve transfobik nefret s\u00f6ylemlerini giderek artmaktad\u0131r. 2015 y\u0131l\u0131nda 271 trans cinayeti i\u015flenmi\u015ftir ve bu rakam son y\u0131llar\u0131n en y\u00fcksek rakam\u0131 olmu\u015ftur. 23 Kas\u0131m 2015 tarihinde Maltepe\u2019de Nilay isimli trans kad\u0131n, 2 Aral\u0131k 2015 tarihinde ise Alev isimli trans kad\u0131n Avc\u0131lar\u2019da \u00f6ld\u00fcr\u00fclm\u00fc\u015f ve 2 ayr\u0131 transseks\u00fcel ise a\u011f\u0131r \u015fekilde darp edilmi\u015fti.<\/p>\n<p>Cinayet \u00fczerine Avc\u0131lar Emniyet M\u00fcd\u00fcrl\u00fc\u011f\u00fc (Fir\u00fczk\u00f6y) Asayi\u015f \u015eube M\u00fcd\u00fcrl\u00fc\u011f\u00fcne giden \u0130stanbul LGBTT Dayan\u0131\u015fma Derne\u011fi \u00e7al\u0131\u015fan\u0131 ve avukat\u0131 ifadelerin al\u0131nmas\u0131n\u0131 beklerken polis memuru \u201cne \u00e7ok ibne var arkada\u015f\u201d\u00a0 diyerek ayr\u0131mc\u0131 tutumunu belli etmi\u015ftir. Bu ayr\u0131mc\u0131 s\u00f6ylem yeni nefret cinayetleri i\u015flenmesine te\u015fvik eden bir unsurdur. Hen\u00fcz iki cinayetin de failleri bulunamam\u0131\u015ft\u0131r.\u201d<\/p>\n<p><em><img loading=\"lazy\" decoding=\"async\" class=\"alignnone\" src=\"http:\/\/s24.postimg.org\/kkms3rzqt\/166597.jpg\" alt=\"\" width=\"250\" height=\"175\" \/><\/em><\/p>\n<p><em>Ata\u015f, Adalet Bakan\u0131&#8217;na \u015fu sorular\u0131 y\u00f6neltti:<\/em><\/p>\n<p><strong>2002\u2019den beri ka\u00e7 trans kad\u0131n katili yakaland\u0131?<\/strong><\/p>\n<ul>\n<li>2002 y\u0131l\u0131ndan bu yana ka\u00e7 trans kad\u0131n \u00f6ld\u00fcr\u00fclm\u00fc\u015f ka\u00e7 olayla ilgili soru\u015fturma a\u00e7\u0131lm\u0131\u015f, ve ka\u00e7\u0131n\u0131n katili yakalanm\u0131\u015ft\u0131r\u00ac?<\/p>\n<\/li>\n<li>\n<p>Katillerin ka\u00e7\u0131 a\u011f\u0131r tahrik ve iyi hal indiriminden yararlanm\u0131\u015ft\u0131r?<\/p>\n<\/li>\n<li>\n<p>\u0130lgili bakanl\u0131klarla polislerin bu ayr\u0131mc\u0131 ve a\u015fa\u011f\u0131lay\u0131c\u0131 tutumunu engelleyecek her hangi bir \u00e7al\u0131\u015fman\u0131z var m\u0131 ya da olacak m\u0131?<\/p>\n<\/li>\n<\/ul>\n<p><strong>Kamu g\u00f6revlilerinin nefret s\u00f6ylemi<\/strong><\/p>\n<ul>\n<li>Toplumda huzur ve asayi\u015fi tesis etmesi gereken kamu g\u00f6revlisinin nefret s\u00f6ylemi \u00fcretmelerini engelleyici ne gibi tedbir vard\u0131r?<\/p>\n<\/li>\n<li>\n<p>Bug\u00fcne kadar ka\u00e7 kamu g\u00f6revlisi etnik kimlik, cinsiyet kimli\u011fi ve inan\u00e7 kimli\u011fine kar\u015f\u0131 sergiledikleri nefret s\u00f6yleminden dolay\u0131 uyar\u0131 veya ceza alm\u0131\u015ft\u0131r?<\/p>\n<\/li>\n<\/ul>\n<p>Kaynak: BIANET<\/p>\n<p>Foto:yurtsuz.net<\/p>\n","protected":false},"excerpt":{"rendered":"<p>Halklar\u0131n Demokratik Partisi \u0130stanbul milletvekili Erdal Ata\u015f, son 13 g\u00fcnde iki trans kad\u0131n\u0131n \u00f6ld\u00fcr\u00fclmesini Meclis\u2019e ta\u015f\u0131d\u0131. Ata\u015f, \u0130stanbul LGBTT Dayan\u0131\u015fma Derne\u011fi ile birlikte haz\u0131rlad\u0131\u011f\u0131 soru \u00f6nergesinde son 13 g\u00fcnde iki trans kad\u0131n\u0131n \u00f6ld\u00fcr\u00fcld\u00fc\u011f\u00fcn\u00fc, katillerinin yakalanamad\u0131\u011f\u0131n\u0131 belirterek polislerin nefret s\u00f6ylemi \u00fcreten ayr\u0131mc\u0131 tutumuna da de\u011findi. Adalet Bakan\u0131 Bekir Bozda\u011f\u2019\u0131n cevaplamas\u0131 i\u00e7in sunulan dilek\u00e7ede \u015fu ifadeler yer &hellip;<\/p>\n","protected":false},"author":1,"featured_media":19106,"comment_status":"closed","ping_status":"open","sticky":false,"template":"","format":"standard","meta":{"footnotes":""},"categories":[2370],"tags":[599],"class_list":["post-19105","post","type-post","status-publish","format-standard","has-post-thumbnail","","category-trans","tag-trans"],"_links":{"self":[{"href":"http:\/\/www.gzone.com.tr\/index.php\/wp-json\/wp\/v2\/posts\/19105","targetHints":{"allow":["GET"]}}],"collection":[{"href":"http:\/\/www.gzone.com.tr\/index.php\/wp-json\/wp\/v2\/posts"}],"about":[{"href":"http:\/\/www.gzone.com.tr\/index.php\/wp-json\/wp\/v2\/types\/post"}],"author":[{"embeddable":true,"href":"http:\/\/www.gzone.com.tr\/index.php\/wp-json\/wp\/v2\/users\/1"}],"replies":[{"embeddable":true,"href":"http:\/\/www.gzone.com.tr\/index.php\/wp-json\/wp\/v2\/comments?post=19105"}],"version-history":[{"count":0,"href":"http:\/\/www.gzone.com.tr\/index.php\/wp-json\/wp\/v2\/posts\/19105\/revisions"}],"wp:featuredmedia":[{"embeddable":true,"href":"http:\/\/www.gzone.com.tr\/index.php\/wp-json\/wp\/v2\/media\/19106"}],"wp:attachment":[{"href":"http:\/\/www.gzone.com.tr\/index.php\/wp-json\/wp\/v2\/media?parent=19105"}],"wp:term":[{"taxonomy":"category","embeddable":true,"href":"http:\/\/www.gzone.com.tr\/index.php\/wp-json\/wp\/v2\/categories?post=19105"},{"taxonomy":"post_tag","embeddable":true,"href":"http:\/\/www.gzone.com.tr\/index.php\/wp-json\/wp\/v2\/tags?post=19105"}],"curies":[{"name":"wp","href":"https:\/\/api.w.org\/{rel}","templated":true}]}}