{"id":18613,"date":"2015-11-22T13:42:44","date_gmt":"2015-11-22T11:42:44","guid":{"rendered":"http:\/\/gzone.com.tr\/?p=18613"},"modified":"2015-11-22T13:42:45","modified_gmt":"2015-11-22T11:42:45","slug":"izle-rita-ora-madonna-ile-bir-gece-kacamagina-hayir-demem","status":"publish","type":"post","link":"http:\/\/www.gzone.com.tr\/index.php\/2015\/11\/22\/izle-rita-ora-madonna-ile-bir-gece-kacamagina-hayir-demem\/","title":{"rendered":"\u0130ZLE: RITA ORA &#8221;MADONNA \u0130LE B\u0130R GECE KA\u00c7AMA\u011eINA HAYIR DEMEM!&#8221;"},"content":{"rendered":"<p><strong>\u00dcnl\u00fc \u0130ngiliz \u015fark\u0131c\u0131 Rita Ora, kat\u0131ld\u0131\u011f\u0131 bir TV program\u0131nda Madonna&#8217;ya olan hayranl\u0131\u011f\u0131n\u0131 ilgin\u00e7 bir \u015fekilde dile getirdi.\u00a0<\/strong><\/p>\n<p>Ge\u00e7ti\u011fimiz ak\u015fam kat\u0131ld\u0131\u011f\u0131\u00a0<em>Alan Carr Chatty Man\u00a0<\/em>program\u0131nda ilgin\u00e7 a\u00e7\u0131klamalarda bulunan, 24 ya\u015f\u0131ndaki \u0130ngiliz \u015fark\u0131c\u0131 Rita Ora, Madonna hakk\u0131nda sorulan sorulara ise &#8221;Madonna ile bir gece ka\u00e7ama\u011f\u0131na asla hay\u0131r demem&#8221; c\u00fcmlesiyle cevap verdi.<\/p>\n<p>Programda yeni projelerinden de bahseden Ora, efsane m\u00fczisyen Prince ile st\u00fcdyoda yeni bir proje \u00fczerine \u00e7al\u0131\u015ft\u0131klar\u0131n\u0131n t\u00fcyosunu verdi.<\/p>\n<p><iframe loading=\"lazy\" width=\"200\" height=\"113\" src=\"https:\/\/www.youtube.com\/embed\/TVPcvztNmGY?feature=oembed\" frameborder=\"0\" allowfullscreen><\/iframe><\/p>\n","protected":false},"excerpt":{"rendered":"<p>\u00dcnl\u00fc \u0130ngiliz \u015fark\u0131c\u0131 Rita Ora, kat\u0131ld\u0131\u011f\u0131 bir TV program\u0131nda Madonna&#8217;ya olan hayranl\u0131\u011f\u0131n\u0131 ilgin\u00e7 bir \u015fekilde dile getirdi.\u00a0 Ge\u00e7ti\u011fimiz ak\u015fam kat\u0131ld\u0131\u011f\u0131\u00a0Alan Carr Chatty Man\u00a0program\u0131nda ilgin\u00e7 a\u00e7\u0131klamalarda bulunan, 24 ya\u015f\u0131ndaki \u0130ngiliz \u015fark\u0131c\u0131 Rita Ora, Madonna hakk\u0131nda sorulan sorulara ise &#8221;Madonna ile bir gece ka\u00e7ama\u011f\u0131na asla hay\u0131r demem&#8221; c\u00fcmlesiyle cevap verdi. Programda yeni projelerinden de bahseden Ora, efsane &hellip;<\/p>\n","protected":false},"author":1,"featured_media":18614,"comment_status":"closed","ping_status":"open","sticky":false,"template":"","format":"standard","meta":{"footnotes":""},"categories":[39,28],"tags":[834,275,2193],"class_list":["post-18613","post","type-post","status-publish","format-standard","has-post-thumbnail","","category-muzik","category-pop","tag-madonna","tag-muzik-2","tag-rita-ora"],"_links":{"self":[{"href":"http:\/\/www.gzone.com.tr\/index.php\/wp-json\/wp\/v2\/posts\/18613","targetHints":{"allow":["GET"]}}],"collection":[{"href":"http:\/\/www.gzone.com.tr\/index.php\/wp-json\/wp\/v2\/posts"}],"about":[{"href":"http:\/\/www.gzone.com.tr\/index.php\/wp-json\/wp\/v2\/types\/post"}],"author":[{"embeddable":true,"href":"http:\/\/www.gzone.com.tr\/index.php\/wp-json\/wp\/v2\/users\/1"}],"replies":[{"embeddable":true,"href":"http:\/\/www.gzone.com.tr\/index.php\/wp-json\/wp\/v2\/comments?post=18613"}],"version-history":[{"count":0,"href":"http:\/\/www.gzone.com.tr\/index.php\/wp-json\/wp\/v2\/posts\/18613\/revisions"}],"wp:featuredmedia":[{"embeddable":true,"href":"http:\/\/www.gzone.com.tr\/index.php\/wp-json\/wp\/v2\/media\/18614"}],"wp:attachment":[{"href":"http:\/\/www.gzone.com.tr\/index.php\/wp-json\/wp\/v2\/media?parent=18613"}],"wp:term":[{"taxonomy":"category","embeddable":true,"href":"http:\/\/www.gzone.com.tr\/index.php\/wp-json\/wp\/v2\/categories?post=18613"},{"taxonomy":"post_tag","embeddable":true,"href":"http:\/\/www.gzone.com.tr\/index.php\/wp-json\/wp\/v2\/tags?post=18613"}],"curies":[{"name":"wp","href":"https:\/\/api.w.org\/{rel}","templated":true}]}}