{"id":18473,"date":"2015-11-16T13:25:27","date_gmt":"2015-11-16T11:25:27","guid":{"rendered":"http:\/\/gzone.com.tr\/?p=18473"},"modified":"2015-11-16T13:25:27","modified_gmt":"2015-11-16T11:25:27","slug":"trans-dunyasi-caitlyn-jenner-icin-ikiye-bolundu","status":"publish","type":"post","link":"http:\/\/www.gzone.com.tr\/index.php\/2015\/11\/16\/trans-dunyasi-caitlyn-jenner-icin-ikiye-bolundu\/","title":{"rendered":"TRANS D\u00dcNYASI CAITLYN JENNER \u0130\u00c7\u0130N \u0130K\u0130YE B\u00d6L\u00dcND\u00dc"},"content":{"rendered":"<p><strong>Ge\u00e7ti\u011fimiz hafta &#8221;Y\u0131l\u0131n en g\u00fc\u00e7l\u00fc Kad\u0131nlar\u0131&#8221; \u00f6d\u00fcl\u00fcne lay\u0131k g\u00f6r\u00fclen Caitlyn Jenner, ABD&#8217;de bir LGBT organizasyonunun kap\u0131s\u0131nda trans aktivistler taraf\u0131ndan yuhaland\u0131.\u00a0<\/strong><\/p>\n<p>Caitlyn Jenner&#8217;\u0131n trans g\u00f6r\u00fcn\u00fcrl\u00fc\u011f\u00fcne verdi\u011fi katk\u0131n\u0131n tart\u0131\u015fmaya \u00e7\u0131kt\u0131\u011f\u0131 \u015fu g\u00fcnlerde, ABD trans aktivistleri ikiye b\u00f6l\u00fcnd\u00fc. Jenner&#8217;\u0131n kat\u0131ld\u0131\u011f\u0131 bir LGBT yard\u0131m organizasyonunun kap\u0131s\u0131nda yuhalanmas\u0131 sonucunda a\u00e7\u0131klama yapan Trans aktivistler, &#8216;<em><strong>&#8216;Jenner bir malikanede ya\u015f\u0131yor, rahat ve sosyo ekonomik durumu sebebiyle cinsiyet kimlik de\u011fi\u015fimi t\u00fcm \u00fclke taraf\u0131ndan kabul edilebiliyor. Ancak mahalle aras\u0131nda ya\u015fayan trans bireyler haftada 10 dolardan da az gelirle ya\u015fam m\u00fccadelesi veriyor. Caitlyn Jenner bu insanlar\u0131 kendine bir promosyon arac\u0131 olarak kullan\u0131yor, bu insanlar\u0131n haklar\u0131n\u0131 yiyor&#8221;<\/strong><\/em> dedi.<\/p>\n<p>&nbsp;<\/p>\n","protected":false},"excerpt":{"rendered":"<p>Ge\u00e7ti\u011fimiz hafta &#8221;Y\u0131l\u0131n en g\u00fc\u00e7l\u00fc Kad\u0131nlar\u0131&#8221; \u00f6d\u00fcl\u00fcne lay\u0131k g\u00f6r\u00fclen Caitlyn Jenner, ABD&#8217;de bir LGBT organizasyonunun kap\u0131s\u0131nda trans aktivistler taraf\u0131ndan yuhaland\u0131.\u00a0 Caitlyn Jenner&#8217;\u0131n trans g\u00f6r\u00fcn\u00fcrl\u00fc\u011f\u00fcne verdi\u011fi katk\u0131n\u0131n tart\u0131\u015fmaya \u00e7\u0131kt\u0131\u011f\u0131 \u015fu g\u00fcnlerde, ABD trans aktivistleri ikiye b\u00f6l\u00fcnd\u00fc. Jenner&#8217;\u0131n kat\u0131ld\u0131\u011f\u0131 bir LGBT yard\u0131m organizasyonunun kap\u0131s\u0131nda yuhalanmas\u0131 sonucunda a\u00e7\u0131klama yapan Trans aktivistler, &#8216;&#8216;Jenner bir malikanede ya\u015f\u0131yor, rahat ve sosyo &hellip;<\/p>\n","protected":false},"author":1,"featured_media":16163,"comment_status":"closed","ping_status":"open","sticky":false,"template":"","format":"standard","meta":{"footnotes":""},"categories":[2370],"tags":[2143,599,2463],"class_list":["post-18473","post","type-post","status-publish","format-standard","has-post-thumbnail","","category-trans","tag-caitlyn-jenner","tag-trans","tag-trans-yasam"],"_links":{"self":[{"href":"http:\/\/www.gzone.com.tr\/index.php\/wp-json\/wp\/v2\/posts\/18473","targetHints":{"allow":["GET"]}}],"collection":[{"href":"http:\/\/www.gzone.com.tr\/index.php\/wp-json\/wp\/v2\/posts"}],"about":[{"href":"http:\/\/www.gzone.com.tr\/index.php\/wp-json\/wp\/v2\/types\/post"}],"author":[{"embeddable":true,"href":"http:\/\/www.gzone.com.tr\/index.php\/wp-json\/wp\/v2\/users\/1"}],"replies":[{"embeddable":true,"href":"http:\/\/www.gzone.com.tr\/index.php\/wp-json\/wp\/v2\/comments?post=18473"}],"version-history":[{"count":0,"href":"http:\/\/www.gzone.com.tr\/index.php\/wp-json\/wp\/v2\/posts\/18473\/revisions"}],"wp:featuredmedia":[{"embeddable":true,"href":"http:\/\/www.gzone.com.tr\/index.php\/wp-json\/wp\/v2\/media\/16163"}],"wp:attachment":[{"href":"http:\/\/www.gzone.com.tr\/index.php\/wp-json\/wp\/v2\/media?parent=18473"}],"wp:term":[{"taxonomy":"category","embeddable":true,"href":"http:\/\/www.gzone.com.tr\/index.php\/wp-json\/wp\/v2\/categories?post=18473"},{"taxonomy":"post_tag","embeddable":true,"href":"http:\/\/www.gzone.com.tr\/index.php\/wp-json\/wp\/v2\/tags?post=18473"}],"curies":[{"name":"wp","href":"https:\/\/api.w.org\/{rel}","templated":true}]}}