{"id":18122,"date":"2015-11-03T14:14:36","date_gmt":"2015-11-03T12:14:36","guid":{"rendered":"http:\/\/gzone.com.tr\/?p=18122"},"modified":"2015-11-03T14:14:36","modified_gmt":"2015-11-03T12:14:36","slug":"babasi-oglunun-cadilar-bayraminda-cruella-olmasindan-gurur-duyuyor","status":"publish","type":"post","link":"http:\/\/www.gzone.com.tr\/index.php\/2015\/11\/03\/babasi-oglunun-cadilar-bayraminda-cruella-olmasindan-gurur-duyuyor\/","title":{"rendered":"BABASI O\u011eLUNUN CADILAR BAYRAMI&#8217;NDA CRUELLA OLMASINDAN GURUR DUYUYOR"},"content":{"rendered":"<p><strong>ABD&#8217;de bir baba, o\u011flunun Cad\u0131lar Bayram\u0131 i\u00e7in Disney&#8217;in efsanevi k\u00f6t\u00fc kad\u0131n karakteri Cruella Devil kost\u00fcm\u00fc giymesi hakk\u0131nda gelen tepkilere sert cevap verdi.<\/strong><\/p>\n<p>Sosyal medyadan 9 ya\u015f\u0131ndaki o\u011flunun kad\u0131n kost\u00fcm\u00fc giymesine izin verdi\u011fi gerek\u00e7esiyle tepki toplayan baba, kendisine yap\u0131lan yorumlarla ilgili Daily Mail&#8217;e konu\u015ftu. Ele\u015ftiride bulunan insanlara, &#8221;O\u011flumun kad\u0131n k\u0131yafeti giymesi gibi seksist bir konuda yorum yapmaya hakk\u0131m yok, o\u011flum he ne isterse onu giymekte \u00f6zg\u00fcr. \u015eahsen ben o\u011flumun o kost\u00fcm\u00fc haz\u0131rlarken sarfetti\u011fi yarat\u0131c\u0131l\u0131\u011f\u0131 desteklemek ve bu yarat\u0131c\u0131l\u0131\u011f\u0131n\u0131 b\u00fcy\u00fctmesi i\u00e7in ona gereken ortam\u0131 sa\u011flamakla sorumluyum&#8221; s\u00f6zleriyle cevap veren baba bu cevab\u0131yla alk\u0131\u015f toplad\u0131.<\/p>\n<p><img loading=\"lazy\" decoding=\"async\" class=\"alignnone\" src=\"http:\/\/s15.postimg.org\/nw1078bcb\/cruella_dad1.jpg\" alt=\"\" width=\"650\" height=\"867\" \/><\/p>\n","protected":false},"excerpt":{"rendered":"<p>ABD&#8217;de bir baba, o\u011flunun Cad\u0131lar Bayram\u0131 i\u00e7in Disney&#8217;in efsanevi k\u00f6t\u00fc kad\u0131n karakteri Cruella Devil kost\u00fcm\u00fc giymesi hakk\u0131nda gelen tepkilere sert cevap verdi. Sosyal medyadan 9 ya\u015f\u0131ndaki o\u011flunun kad\u0131n kost\u00fcm\u00fc giymesine izin verdi\u011fi gerek\u00e7esiyle tepki toplayan baba, kendisine yap\u0131lan yorumlarla ilgili Daily Mail&#8217;e konu\u015ftu. Ele\u015ftiride bulunan insanlara, &#8221;O\u011flumun kad\u0131n k\u0131yafeti giymesi gibi seksist bir konuda yorum &hellip;<\/p>\n","protected":false},"author":1,"featured_media":18123,"comment_status":"closed","ping_status":"open","sticky":false,"template":"","format":"standard","meta":{"footnotes":""},"categories":[720],"tags":[844,2409,729],"class_list":["post-18122","post","type-post","status-publish","format-standard","has-post-thumbnail","","category-escinselyasam","tag-cadilar-bayrami","tag-escinsel-yasam","tag-yasam-2"],"_links":{"self":[{"href":"http:\/\/www.gzone.com.tr\/index.php\/wp-json\/wp\/v2\/posts\/18122","targetHints":{"allow":["GET"]}}],"collection":[{"href":"http:\/\/www.gzone.com.tr\/index.php\/wp-json\/wp\/v2\/posts"}],"about":[{"href":"http:\/\/www.gzone.com.tr\/index.php\/wp-json\/wp\/v2\/types\/post"}],"author":[{"embeddable":true,"href":"http:\/\/www.gzone.com.tr\/index.php\/wp-json\/wp\/v2\/users\/1"}],"replies":[{"embeddable":true,"href":"http:\/\/www.gzone.com.tr\/index.php\/wp-json\/wp\/v2\/comments?post=18122"}],"version-history":[{"count":0,"href":"http:\/\/www.gzone.com.tr\/index.php\/wp-json\/wp\/v2\/posts\/18122\/revisions"}],"wp:featuredmedia":[{"embeddable":true,"href":"http:\/\/www.gzone.com.tr\/index.php\/wp-json\/wp\/v2\/media\/18123"}],"wp:attachment":[{"href":"http:\/\/www.gzone.com.tr\/index.php\/wp-json\/wp\/v2\/media?parent=18122"}],"wp:term":[{"taxonomy":"category","embeddable":true,"href":"http:\/\/www.gzone.com.tr\/index.php\/wp-json\/wp\/v2\/categories?post=18122"},{"taxonomy":"post_tag","embeddable":true,"href":"http:\/\/www.gzone.com.tr\/index.php\/wp-json\/wp\/v2\/tags?post=18122"}],"curies":[{"name":"wp","href":"https:\/\/api.w.org\/{rel}","templated":true}]}}