{"id":18107,"date":"2015-11-03T10:53:16","date_gmt":"2015-11-03T08:53:16","guid":{"rendered":"http:\/\/gzone.com.tr\/?p=18107"},"modified":"2015-11-03T10:53:16","modified_gmt":"2015-11-03T08:53:16","slug":"olay-boksor-sonunda-itiraf-etti-biseksuelim","status":"publish","type":"post","link":"http:\/\/www.gzone.com.tr\/index.php\/2015\/11\/03\/olay-boksor-sonunda-itiraf-etti-biseksuelim\/","title":{"rendered":"OLAY BOKS\u00d6R SONUNDA \u0130T\u0130RAF ETT\u0130: B\u0130SEKS\u00dcEL\u0130M"},"content":{"rendered":"<p><strong>Y\u0131llar \u00f6nce oynad\u0131\u011f\u0131 e\u015fcinsel porno filmi ortaya \u00e7\u0131kan ve ge\u00e7ti\u011fimiz hafta konuyla ilgili &#8221;E\u015fcinsellikle ilgim yok, filmi \u00e7ekerken uyu\u015fturulmu\u015ftum&#8221; a\u00e7\u0131klamas\u0131yla g\u00fcndeme gelen boks\u00f6r Yusuf Mack sonunda itiraf etti: &#8221;Biseks\u00fcel bir erke\u011fim!&#8221;<\/strong><\/p>\n<p><strong><em><a href=\"http:\/\/gzone.com.tr\/gey-pornosunda-oynarken-uyusturucu-etkisindeydim\/\" target=\"_blank\">Yusuf Mack&#8217;\u0131n olay yaratan a\u00e7\u0131klamas\u0131 i\u00e7in buraya t\u0131klay\u0131n&#8230;<\/a><\/em><\/strong><\/p>\n<p><strong>\u0130\u015fte Yusuf Mack&#8217;\u0131n bas\u0131n kurulu\u015flar\u0131na g\u00f6nderdi\u011fi mektubundan \u00f6ne \u00e7\u0131kan b\u00f6l\u00fcmler:<\/strong><\/p>\n<p>Ge\u00e7ti\u011fimiz hafta yapt\u0131\u011f\u0131 &#8221;Gey porno filminde oynarken kand\u0131r\u0131ld\u0131m, uyu\u015fturucu etkisi alt\u0131ndayd\u0131m&#8221; a\u00e7\u0131klamas\u0131yla g\u00fcndem olan boks\u00f6r Yusuf Mack, filmin yap\u0131m firmas\u0131n\u0131n ald\u0131\u011f\u0131 dava karar\u0131ndan sonra bas\u0131na yaz\u0131l\u0131 bir a\u00e7\u0131klama g\u00f6ndererek su\u00e7lamalar\u0131 geri ald\u0131.<\/p>\n<p>&#8221; Bu kalbimden gelen bir \u00f6z\u00fcr a\u00e7\u0131klamas\u0131d\u0131r.\u00a0Bir s\u00fcre \u00f6nce rol ald\u0131\u011f\u0131m porno filmin ortaya \u00e7\u0131kmas\u0131ndan sonra, ge\u00e7ti\u011fimiz hafta yapt\u0131\u011f\u0131m baz\u0131 su\u00e7lay\u0131c\u0131 a\u00e7\u0131klamalardan dolay\u0131 bir\u00e7ok insan\u0131 zan alt\u0131nda b\u0131rakt\u0131\u011f\u0131m i\u00e7in \u00fczg\u00fcn oldu\u011fumu belirtmek isterim. \u00d6zellikle yap\u0131mc\u0131 firmay\u0131 iftiraya maruz b\u0131rakt\u0131\u011f\u0131m i\u00e7in de \u00f6z\u00fcr dilemeyi bor\u00e7 bilirim.<\/p>\n<p>Evli ve \u00e7ocuk sahibi olan biri olarak biseks\u00fcelli\u011fimi hep kapal\u0131 kap\u0131lar arkas\u0131nda ya\u015famak zorunda kald\u0131m. Son ya\u015fad\u0131\u011f\u0131m olaydan ald\u0131\u011f\u0131m bir ders varsa, o da her zaman d\u00fcr\u00fcst olmak gerekti\u011fi. Ya\u015fam\u0131m\u0131 saklamak ad\u0131na s\u00f6ylemek zorunda hissetti\u011fim yalanlar y\u00fcz\u00fcnden utan\u0131yorum.<\/p>\n<p>Benim ya\u015fad\u0131\u011f\u0131m zorlu\u011fu ya\u015fayan ba\u015fka insanlar da oldu\u011funu biliyorum. Onlara en b\u00fcy\u00fck tavsiyem sevdiklerine d\u00fcr\u00fcst olmalar\u0131, onlar\u0131 seven insanlar onlar\u0131n kimlerle ili\u015fki ya\u015fad\u0131\u011f\u0131n\u0131 umursamayacakt\u0131r. &#8221;<\/p>\n<p>&nbsp;<\/p>\n","protected":false},"excerpt":{"rendered":"<p>Y\u0131llar \u00f6nce oynad\u0131\u011f\u0131 e\u015fcinsel porno filmi ortaya \u00e7\u0131kan ve ge\u00e7ti\u011fimiz hafta konuyla ilgili &#8221;E\u015fcinsellikle ilgim yok, filmi \u00e7ekerken uyu\u015fturulmu\u015ftum&#8221; a\u00e7\u0131klamas\u0131yla g\u00fcndeme gelen boks\u00f6r Yusuf Mack sonunda itiraf etti: &#8221;Biseks\u00fcel bir erke\u011fim!&#8221; Yusuf Mack&#8217;\u0131n olay yaratan a\u00e7\u0131klamas\u0131 i\u00e7in buraya t\u0131klay\u0131n&#8230; \u0130\u015fte Yusuf Mack&#8217;\u0131n bas\u0131n kurulu\u015flar\u0131na g\u00f6nderdi\u011fi mektubundan \u00f6ne \u00e7\u0131kan b\u00f6l\u00fcmler: Ge\u00e7ti\u011fimiz hafta yapt\u0131\u011f\u0131 &#8221;Gey porno filminde &hellip;<\/p>\n","protected":false},"author":1,"featured_media":18111,"comment_status":"closed","ping_status":"open","sticky":false,"template":"","format":"standard","meta":{"footnotes":""},"categories":[81],"tags":[2967,165,729,3007],"class_list":["post-18107","post","type-post","status-publish","format-standard","has-post-thumbnail","","category-spor","tag-boks","tag-spor","tag-yasam-2","tag-yusuf-mack"],"_links":{"self":[{"href":"http:\/\/www.gzone.com.tr\/index.php\/wp-json\/wp\/v2\/posts\/18107","targetHints":{"allow":["GET"]}}],"collection":[{"href":"http:\/\/www.gzone.com.tr\/index.php\/wp-json\/wp\/v2\/posts"}],"about":[{"href":"http:\/\/www.gzone.com.tr\/index.php\/wp-json\/wp\/v2\/types\/post"}],"author":[{"embeddable":true,"href":"http:\/\/www.gzone.com.tr\/index.php\/wp-json\/wp\/v2\/users\/1"}],"replies":[{"embeddable":true,"href":"http:\/\/www.gzone.com.tr\/index.php\/wp-json\/wp\/v2\/comments?post=18107"}],"version-history":[{"count":0,"href":"http:\/\/www.gzone.com.tr\/index.php\/wp-json\/wp\/v2\/posts\/18107\/revisions"}],"wp:featuredmedia":[{"embeddable":true,"href":"http:\/\/www.gzone.com.tr\/index.php\/wp-json\/wp\/v2\/media\/18111"}],"wp:attachment":[{"href":"http:\/\/www.gzone.com.tr\/index.php\/wp-json\/wp\/v2\/media?parent=18107"}],"wp:term":[{"taxonomy":"category","embeddable":true,"href":"http:\/\/www.gzone.com.tr\/index.php\/wp-json\/wp\/v2\/categories?post=18107"},{"taxonomy":"post_tag","embeddable":true,"href":"http:\/\/www.gzone.com.tr\/index.php\/wp-json\/wp\/v2\/tags?post=18107"}],"curies":[{"name":"wp","href":"https:\/\/api.w.org\/{rel}","templated":true}]}}