{"id":17662,"date":"2015-10-18T11:25:43","date_gmt":"2015-10-18T09:25:43","guid":{"rendered":"http:\/\/gzone.com.tr\/?p=17662"},"modified":"2015-10-18T11:25:43","modified_gmt":"2015-10-18T09:25:43","slug":"tanistiralim-bu-pazar-erkegi-brezilyadan-veridiano-tesh","status":"publish","type":"post","link":"http:\/\/www.gzone.com.tr\/index.php\/2015\/10\/18\/tanistiralim-bu-pazar-erkegi-brezilyadan-veridiano-tesh\/","title":{"rendered":"TANI\u015eTIRALIM: BU PAZAR ERKE\u011e\u0130 BREZ\u0130LYA&#8217;DAN, VERIDIANO TESH"},"content":{"rendered":"<p>Her pazar oldu\u011fu gibi, bu pazar da sizleri uluslararas\u0131 bir yak\u0131\u015f\u0131kl\u0131 ile tan\u0131\u015ft\u0131r\u0131yoruz. Kar\u015f\u0131n\u0131zda bir Brezilya kaplan\u0131, Veridiano Tesch,\u00a0Brezilya&#8217;n\u0131n g\u00fcneyinde bulunan\u00a0Rio Grande do Sul do\u011fumlu Tesh, neredeyse ergenlik d\u00f6neminden beri modellik yap\u0131yor. D\u00fcnyan\u0131n d\u00f6rt bir yan\u0131nda modellik yapan yak\u0131\u015f\u0131kl\u0131, son olarak Milano Moda Haftas\u0131&#8217;nda kendini olduk\u00e7a g\u00f6sterdi.<\/p>\n<p>Griye boyatt\u0131\u011f\u0131 sa\u00e7lar\u0131 ile i\u00e7imizdeki Christian Grey arzusunu da tavan yapt\u0131ran Veridiano&#8217;yu yak\u0131ndan tan\u0131yabilece\u011finiz Instagram payla\u015f\u0131mlar\u0131 sayesinde pazar g\u00fcn\u00fcn\u00fcz\u00fc bir nebze keyiflendirebilirsiniz&#8230;<\/p>\n<p>&nbsp;<\/p>\n<blockquote class=\"instagram-media\" style=\"background: #FFF; border: 0; border-radius: 3px; box-shadow: 0 0 1px 0 rgba(0,0,0,0.5),0 1px 10px 0 rgba(0,0,0,0.15); margin: 1px; max-width: 658px; padding: 0; width: calc(100% - 2px);\" data-instgrm-captioned=\"\" data-instgrm-version=\"5\">\n<div style=\"padding: 8px;\">\n<div style=\"background: #F8F8F8; line-height: 0; margin-top: 40px; padding: 50.0% 0; text-align: center; width: 100%;\"><\/div>\n<p style=\"margin: 8px 0 0 0; padding: 0 4px;\"><a style=\"color: #000; font-family: Arial,sans-serif; font-size: 14px; font-style: normal; font-weight: normal; line-height: 17px; text-decoration: none; word-wrap: break-word;\" href=\"https:\/\/instagram.com\/p\/7v-UuHODA3\/\" target=\"_blank\">#photography by @lanznake #makeupart by @gusbortolotti #model @baxtmodelsofficial #brazilian #model #ilovemyjob #picoftheday #job #modeling #happy #veridianotesch #baxtmodels #madeinbrazil #cdmx #mexico #brazilianmodel #moda #fashion #mexicofeelings #DemigodModels #menmoments #imporiomasculino #outtherestyle<\/a><\/p>\n<p style=\"color: #c9c8cd; font-family: Arial,sans-serif; font-size: 14px; line-height: 17px; margin-bottom: 0; margin-top: 8px; overflow: hidden; padding: 8px 0 7px; text-align: center; text-overflow: ellipsis; white-space: nowrap;\">A photo posted by Veridiano Tesch (@veridianotesch) on <time style=\"font-family: Arial,sans-serif; font-size: 14px; line-height: 17px;\" datetime=\"2015-09-17T23:08:10+00:00\">Sep 17, 2015 at 4:08pm PDT<\/time><\/p>\n<\/div>\n<\/blockquote>\n<p><script src=\"\/\/platform.instagram.com\/en_US\/embeds.js\" async=\"\" defer=\"defer\"><\/script><\/p>\n<blockquote class=\"instagram-media\" style=\"background: #FFF; border: 0; border-radius: 3px; box-shadow: 0 0 1px 0 rgba(0,0,0,0.5),0 1px 10px 0 rgba(0,0,0,0.15); margin: 1px; max-width: 658px; padding: 0; width: calc(100% - 2px);\" data-instgrm-captioned=\"\" data-instgrm-version=\"5\">\n<div style=\"padding: 8px;\">\n<div style=\"background: #F8F8F8; line-height: 0; margin-top: 40px; padding: 50.0% 0; text-align: center; width: 100%;\"><\/div>\n<p><a style=\"color: #000; font-family: Arial,sans-serif; font-size: 14px; font-style: normal; font-weight: normal; line-height: 17px; text-decoration: none; word-wrap: break-word;\" href=\"https:\/\/instagram.com\/p\/77-fhouDMy\/\" target=\"_blank\">Thanks @lanznake @gusbortolotti @arturojaramillobrand @ricardo_leepock Can&#8217;t wait to see the results @baxtmodelslife<\/a><\/p>\n<p>A video posted by Veridiano Tesch (@veridianotesch) on <time style=\"font-family: Arial,sans-serif; font-size: 14px; line-height: 17px;\" datetime=\"2015-09-22T15:00:32+00:00\">Sep 22, 2015 at 8:00am PDT<\/time>\n<\/div>\n<\/blockquote>\n<p><script src=\"\/\/platform.instagram.com\/en_US\/embeds.js\" async=\"\" defer=\"defer\"><\/script><\/p>\n<blockquote class=\"instagram-media\" style=\"background: #FFF; border: 0; border-radius: 3px; box-shadow: 0 0 1px 0 rgba(0,0,0,0.5),0 1px 10px 0 rgba(0,0,0,0.15); margin: 1px; max-width: 658px; padding: 0; width: calc(100% - 2px);\" data-instgrm-captioned=\"\" data-instgrm-version=\"5\">\n<div style=\"padding: 8px;\">\n<div style=\"background: #F8F8F8; line-height: 0; margin-top: 40px; padding: 50.0% 0; text-align: center; width: 100%;\"><\/div>\n<p style=\"margin: 8px 0 0 0; padding: 0 4px;\"><a style=\"color: #000; font-family: Arial,sans-serif; font-size: 14px; font-style: normal; font-weight: normal; line-height: 17px; text-decoration: none; word-wrap: break-word;\" href=\"https:\/\/instagram.com\/p\/8KRJ3VuDJj\/\" target=\"_blank\">: Veridiano, 2015 \/ #photo @germinizer + @ifppfi #gosee #blonde #portrait #shoot #boy #bnw #blackandwhite #unique #fashion #uomo #art #exposure #composition #focus #capture #hot #moment #model #malemodel #jeans<\/a><\/p>\n<p style=\"color: #c9c8cd; font-family: Arial,sans-serif; font-size: 14px; line-height: 17px; margin-bottom: 0; margin-top: 8px; overflow: hidden; padding: 8px 0 7px; text-align: center; text-overflow: ellipsis; white-space: nowrap;\">A photo posted by Veridiano Tesch (@veridianotesch) on <time style=\"font-family: Arial,sans-serif; font-size: 14px; line-height: 17px;\" datetime=\"2015-09-28T04:12:58+00:00\">Sep 27, 2015 at 9:12pm PDT<\/time><\/p>\n<\/div>\n<\/blockquote>\n<p><script src=\"\/\/platform.instagram.com\/en_US\/embeds.js\" async=\"\" defer=\"defer\"><\/script><\/p>\n<blockquote class=\"instagram-media\" style=\"background: #FFF; border: 0; border-radius: 3px; box-shadow: 0 0 1px 0 rgba(0,0,0,0.5),0 1px 10px 0 rgba(0,0,0,0.15); margin: 1px; max-width: 658px; padding: 0; width: calc(100% - 2px);\" data-instgrm-captioned=\"\" data-instgrm-version=\"5\">\n<div style=\"padding: 8px;\">\n<div style=\"background: #F8F8F8; line-height: 0; margin-top: 40px; padding: 62.5161290323% 0; text-align: center; width: 100%;\"><\/div>\n<p><a style=\"color: #000; font-family: Arial,sans-serif; font-size: 14px; font-style: normal; font-weight: normal; line-height: 17px; text-decoration: none; word-wrap: break-word;\" href=\"https:\/\/instagram.com\/p\/8eUR7fuDAw\/\" target=\"_blank\">#photography by @algabo_photo #brazilian #model #algabo #ilovemyjob #picoftheday #job #modeling #happy #veridianotesch #baxtmodels #madeinbrazil #cdmx #mexico #brazilianmodel #moda #fashion #mexicofeelings #menmoments #imporiomasculino #sexy @baxtmodelsofficial @baxtmodelslife<\/a><\/p>\n<p>A photo posted by Veridiano Tesch (@veridianotesch) on <time style=\"font-family: Arial,sans-serif; font-size: 14px; line-height: 17px;\" datetime=\"2015-10-05T23:05:06+00:00\">Oct 5, 2015 at 4:05pm PDT<\/time>\n<\/div>\n<\/blockquote>\n<p><script src=\"\/\/platform.instagram.com\/en_US\/embeds.js\" async=\"\" defer=\"defer\"><\/script><\/p>\n<blockquote class=\"instagram-media\" style=\"background: #FFF; border: 0; border-radius: 3px; box-shadow: 0 0 1px 0 rgba(0,0,0,0.5),0 1px 10px 0 rgba(0,0,0,0.15); margin: 1px; max-width: 658px; padding: 0; width: calc(100% - 2px);\" data-instgrm-captioned=\"\" data-instgrm-version=\"5\">\n<div style=\"padding: 8px;\">\n<div style=\"background: #F8F8F8; line-height: 0; margin-top: 40px; padding: 50.0% 0; text-align: center; width: 100%;\"><\/div>\n<p style=\"margin: 8px 0 0 0; padding: 0 4px;\"><a style=\"color: #000; font-family: Arial,sans-serif; font-size: 14px; font-style: normal; font-weight: normal; line-height: 17px; text-decoration: none; word-wrap: break-word;\" href=\"https:\/\/instagram.com\/p\/74hbcvODMr\/\" target=\"_blank\">#photography by @lanznake makeupart by @gusbortolotti @baxtmodelsofficial #brazilian #model #ilovemyjob #picoftheday #job #modeling #happy #veridianotesch #baxtmodels #madeinbrazil #cdmx #mexico #brazilianmodel #moda #fashion #mexicofeelings #DemigodModels #menmoments #imporiomasculino #outtherestyle<\/a><\/p>\n<p style=\"color: #c9c8cd; font-family: Arial,sans-serif; font-size: 14px; line-height: 17px; margin-bottom: 0; margin-top: 8px; overflow: hidden; padding: 8px 0 7px; text-align: center; text-overflow: ellipsis; white-space: nowrap;\">A photo posted by Veridiano Tesch (@veridianotesch) on <time style=\"font-family: Arial,sans-serif; font-size: 14px; line-height: 17px;\" datetime=\"2015-09-21T06:48:51+00:00\">Sep 20, 2015 at 11:48pm PDT<\/time><\/p>\n<\/div>\n<\/blockquote>\n<p><script src=\"\/\/platform.instagram.com\/en_US\/embeds.js\" async=\"\" defer=\"defer\"><\/script><\/p>\n<blockquote class=\"instagram-media\" style=\"background: #FFF; border: 0; border-radius: 3px; box-shadow: 0 0 1px 0 rgba(0,0,0,0.5),0 1px 10px 0 rgba(0,0,0,0.15); margin: 1px; max-width: 658px; padding: 0; width: calc(100% - 2px);\" data-instgrm-captioned=\"\" data-instgrm-version=\"5\">\n<div style=\"padding: 8px;\">\n<div style=\"background: #F8F8F8; line-height: 0; margin-top: 40px; padding: 50.0% 0; text-align: center; width: 100%;\"><\/div>\n<p><a style=\"color: #000; font-family: Arial,sans-serif; font-size: 14px; font-style: normal; font-weight: normal; line-height: 17px; text-decoration: none; word-wrap: break-word;\" href=\"https:\/\/instagram.com\/p\/7gZzQuODJf\/\" target=\"_blank\">#photography by @lanznake #makeupart by @gusbortolotti #malemodel @baxtmodelsofficial #brazilian #model #ilovemyjob #picoftheday #job #modeling #happy #veridianotesch #baxtmodels #madeinbrazil #cdmx #mexico #brazilianmodel #moda #fashion #mexicofeelings #menmoments #imporiomasculino #art #bodypainting<\/a><\/p>\n<p>A photo posted by Veridiano Tesch (@veridianotesch) on <time style=\"font-family: Arial,sans-serif; font-size: 14px; line-height: 17px;\" datetime=\"2015-09-11T22:00:25+00:00\">Sep 11, 2015 at 3:00pm PDT<\/time>\n<\/div>\n<\/blockquote>\n<p><script src=\"\/\/platform.instagram.com\/en_US\/embeds.js\" async=\"\" defer=\"defer\"><\/script><\/p>\n<blockquote class=\"instagram-media\" style=\"background: #FFF; border: 0; border-radius: 3px; box-shadow: 0 0 1px 0 rgba(0,0,0,0.5),0 1px 10px 0 rgba(0,0,0,0.15); margin: 1px; max-width: 658px; padding: 0; width: calc(100% - 2px);\" data-instgrm-captioned=\"\" data-instgrm-version=\"5\">\n<div style=\"padding: 8px;\">\n<div style=\"background: #F8F8F8; line-height: 0; margin-top: 40px; padding: 50% 0; text-align: center; width: 100%;\"><\/div>\n<p style=\"margin: 8px 0 0 0; padding: 0 4px;\"><a style=\"color: #000; font-family: Arial,sans-serif; font-size: 14px; font-style: normal; font-weight: normal; line-height: 17px; text-decoration: none; word-wrap: break-word;\" href=\"https:\/\/instagram.com\/p\/zMbj5RuDHt\/\" target=\"_blank\">#miss this #place #thailand #tb #island #summer #holidays #peace #love #nature<\/a><\/p>\n<p style=\"color: #c9c8cd; font-family: Arial,sans-serif; font-size: 14px; line-height: 17px; margin-bottom: 0; margin-top: 8px; overflow: hidden; padding: 8px 0 7px; text-align: center; text-overflow: ellipsis; white-space: nowrap;\">A photo posted by Veridiano Tesch (@veridianotesch) on <time style=\"font-family: Arial,sans-serif; font-size: 14px; line-height: 17px;\" datetime=\"2015-02-17T07:39:50+00:00\">Feb 16, 2015 at 11:39pm PST<\/time><\/p>\n<\/div>\n<\/blockquote>\n<p><script src=\"\/\/platform.instagram.com\/en_US\/embeds.js\" async=\"\" defer=\"defer\"><\/script><\/p>\n","protected":false},"excerpt":{"rendered":"<p>Her pazar oldu\u011fu gibi, bu pazar da sizleri uluslararas\u0131 bir yak\u0131\u015f\u0131kl\u0131 ile tan\u0131\u015ft\u0131r\u0131yoruz. Kar\u015f\u0131n\u0131zda bir Brezilya kaplan\u0131, Veridiano Tesch,\u00a0Brezilya&#8217;n\u0131n g\u00fcneyinde bulunan\u00a0Rio Grande do Sul do\u011fumlu Tesh, neredeyse ergenlik d\u00f6neminden beri modellik yap\u0131yor. D\u00fcnyan\u0131n d\u00f6rt bir yan\u0131nda modellik yapan yak\u0131\u015f\u0131kl\u0131, son olarak Milano Moda Haftas\u0131&#8217;nda kendini olduk\u00e7a g\u00f6sterdi. Griye boyatt\u0131\u011f\u0131 sa\u00e7lar\u0131 ile i\u00e7imizdeki Christian Grey arzusunu &hellip;<\/p>\n","protected":false},"author":1,"featured_media":17663,"comment_status":"closed","ping_status":"open","sticky":false,"template":"","format":"standard","meta":{"footnotes":""},"categories":[2369],"tags":[218,2906],"class_list":["post-17662","post","type-post","status-publish","format-standard","has-post-thumbnail","","category-erkekler","tag-erkekler","tag-veridiano-tesh"],"_links":{"self":[{"href":"http:\/\/www.gzone.com.tr\/index.php\/wp-json\/wp\/v2\/posts\/17662","targetHints":{"allow":["GET"]}}],"collection":[{"href":"http:\/\/www.gzone.com.tr\/index.php\/wp-json\/wp\/v2\/posts"}],"about":[{"href":"http:\/\/www.gzone.com.tr\/index.php\/wp-json\/wp\/v2\/types\/post"}],"author":[{"embeddable":true,"href":"http:\/\/www.gzone.com.tr\/index.php\/wp-json\/wp\/v2\/users\/1"}],"replies":[{"embeddable":true,"href":"http:\/\/www.gzone.com.tr\/index.php\/wp-json\/wp\/v2\/comments?post=17662"}],"version-history":[{"count":0,"href":"http:\/\/www.gzone.com.tr\/index.php\/wp-json\/wp\/v2\/posts\/17662\/revisions"}],"wp:featuredmedia":[{"embeddable":true,"href":"http:\/\/www.gzone.com.tr\/index.php\/wp-json\/wp\/v2\/media\/17663"}],"wp:attachment":[{"href":"http:\/\/www.gzone.com.tr\/index.php\/wp-json\/wp\/v2\/media?parent=17662"}],"wp:term":[{"taxonomy":"category","embeddable":true,"href":"http:\/\/www.gzone.com.tr\/index.php\/wp-json\/wp\/v2\/categories?post=17662"},{"taxonomy":"post_tag","embeddable":true,"href":"http:\/\/www.gzone.com.tr\/index.php\/wp-json\/wp\/v2\/tags?post=17662"}],"curies":[{"name":"wp","href":"https:\/\/api.w.org\/{rel}","templated":true}]}}