{"id":17044,"date":"2015-09-29T12:09:52","date_gmt":"2015-09-29T10:09:52","guid":{"rendered":"http:\/\/gzone.com.tr\/?p=17044"},"modified":"2015-09-29T12:09:52","modified_gmt":"2015-09-29T10:09:52","slug":"paul-walkerin-kizi-porscheye-dava-aciyor","status":"publish","type":"post","link":"http:\/\/www.gzone.com.tr\/index.php\/2015\/09\/29\/paul-walkerin-kizi-porscheye-dava-aciyor\/","title":{"rendered":"PAUL WALKER&#8217;IN KIZI PORSCHE&#8217;YE DAVA A\u00c7IYOR"},"content":{"rendered":"<p class=\"story-body__introduction\">ABD medyas\u0131n\u0131n aktard\u0131\u011f\u0131na g\u00f6re H\u0131zl\u0131 ve \u00d6fkeli (Fast and Furious) filminin oyuncusu Paul Walker&#8217;\u0131n k\u0131z\u0131, babas\u0131n\u0131n yolcu koltu\u011fundayken trafik kazas\u0131 ge\u00e7irip hayat\u0131n\u0131 kaybetti\u011fi otomobilin \u00fcreticisi Porsche&#8217;ye dava a\u00e7\u0131yor.<\/p>\n<p>Walker, 2013 y\u0131l\u0131 Kas\u0131m ay\u0131nda i\u00e7inde bulundu\u011fu Porsche marka ara\u00e7 bir dire\u011fe \u00e7arp\u0131p alev al\u0131nca hayat\u0131n\u0131 kaybetmi\u015fti.<\/p>\n<p>ABD medyas\u0131nda yer alan haberlere g\u00f6re Walker&#8217;\u0131n 16 ya\u015f\u0131ndaki k\u0131z\u0131 Meadow Rain Walker, otomobil \u00fcreticisinin g\u00fcvenlik eksikleri oldu\u011funu iddia edip ihmal sonucu \u00f6l\u00fcme sebebiyet verme su\u00e7lamas\u0131yla dava a\u00e7t\u0131.<\/p>\n<p>Firmadan hen\u00fcz davayla ilgili bir a\u00e7\u0131klama yap\u0131lmad\u0131.<\/p>\n<p>Meadow Walker, arac\u0131n tasar\u0131m\u0131nda gerekli g\u00fcvenlik \u00f6nlemleri olsayd\u0131 kazan\u0131n engellenebilece\u011fini ve Walker&#8217;\u0131n hayatta kalabilece\u011fini s\u00f6yl\u00fcyor.<\/p>\n<p class=\"story-body__crosshead\"><strong>&#8216;Emniyet kemeri engel oldu&#8217;<\/strong><\/p>\n<p>Polis d\u00f6rt ayl\u0131k soru\u015fturman\u0131n ard\u0131ndan Walker&#8217;\u0131n arkada\u015f\u0131 Roger Rodas&#8217;\u0131n kulland\u0131\u011f\u0131 Porsche Carrera GT model arac\u0131n, h\u0131z s\u0131n\u0131r\u0131n\u0131n saatte yakla\u015f\u0131k 70 km oldu\u011fu b\u00f6lgede, 151 km h\u0131zla hareket etti\u011fini ve bir elektrik dire\u011fine \u00e7arpt\u0131\u011f\u0131n\u0131 bildirmi\u015fti.<\/p>\n<p>TMZ internet sitesinin haberine g\u00f6re davac\u0131 Meadow Walker&#8217;\u0131n \u015fik\u00e2yetinde, arac\u0131n kontrolden \u00e7\u0131kt\u0131\u011f\u0131 s\u0131rada s\u00f6ylenenden \u00e7ok daha yava\u015f bir h\u0131zda ilerledi\u011fi belirtiliyor.<\/p>\n<p>Meadow Walker&#8217;\u0131n avukatlar\u0131, emniyet kemerinin \u00e7arpma an\u0131nda kilitlenip bas\u0131n\u00e7 uygulamas\u0131 nedeniyle Paul Walker&#8217;\u0131n g\u00f6\u011f\u00fcs kafesi ve le\u011fen kemi\u011finin k\u0131r\u0131ld\u0131\u011f\u0131n\u0131, ara\u00e7 alev ald\u0131\u011f\u0131 s\u0131rada da emniyet kemeri y\u00fcz\u00fcnden i\u00e7eride mahsur kald\u0131\u011f\u0131n\u0131 iddia ediyor.<\/p>\n<p>Kaza s\u0131ras\u0131nda arac\u0131 kullanan Roger Rodas&#8217;\u0131n e\u015fi de ge\u00e7en sene benzer bir \u015fikayetle Porsche&#8217;ye dava a\u00e7m\u0131\u015f, fakat firma kazan\u0131n ara\u00e7 tasar\u0131m\u0131ndan \u00e7ok s\u00fcr\u00fcc\u00fc hatas\u0131ndan kaynakland\u0131\u011f\u0131n\u0131 s\u00f6ylemi\u015fti.<\/p>\n<p><em>Kaynak: BBC\u00a0<\/em><\/p>\n","protected":false},"excerpt":{"rendered":"<p>ABD medyas\u0131n\u0131n aktard\u0131\u011f\u0131na g\u00f6re H\u0131zl\u0131 ve \u00d6fkeli (Fast and Furious) filminin oyuncusu Paul Walker&#8217;\u0131n k\u0131z\u0131, babas\u0131n\u0131n yolcu koltu\u011fundayken trafik kazas\u0131 ge\u00e7irip hayat\u0131n\u0131 kaybetti\u011fi otomobilin \u00fcreticisi Porsche&#8217;ye dava a\u00e7\u0131yor. Walker, 2013 y\u0131l\u0131 Kas\u0131m ay\u0131nda i\u00e7inde bulundu\u011fu Porsche marka ara\u00e7 bir dire\u011fe \u00e7arp\u0131p alev al\u0131nca hayat\u0131n\u0131 kaybetmi\u015fti. ABD medyas\u0131nda yer alan haberlere g\u00f6re Walker&#8217;\u0131n 16 ya\u015f\u0131ndaki k\u0131z\u0131 &hellip;<\/p>\n","protected":false},"author":1,"featured_media":17055,"comment_status":"closed","ping_status":"open","sticky":false,"template":"","format":"standard","meta":{"footnotes":""},"categories":[28,61],"tags":[409,2785,195,2786],"class_list":["post-17044","post","type-post","status-publish","format-standard","has-post-thumbnail","","category-pop","category-sinematv","tag-hollywood","tag-paul-walker","tag-sinema","tag-trafik-kazasi"],"_links":{"self":[{"href":"http:\/\/www.gzone.com.tr\/index.php\/wp-json\/wp\/v2\/posts\/17044","targetHints":{"allow":["GET"]}}],"collection":[{"href":"http:\/\/www.gzone.com.tr\/index.php\/wp-json\/wp\/v2\/posts"}],"about":[{"href":"http:\/\/www.gzone.com.tr\/index.php\/wp-json\/wp\/v2\/types\/post"}],"author":[{"embeddable":true,"href":"http:\/\/www.gzone.com.tr\/index.php\/wp-json\/wp\/v2\/users\/1"}],"replies":[{"embeddable":true,"href":"http:\/\/www.gzone.com.tr\/index.php\/wp-json\/wp\/v2\/comments?post=17044"}],"version-history":[{"count":0,"href":"http:\/\/www.gzone.com.tr\/index.php\/wp-json\/wp\/v2\/posts\/17044\/revisions"}],"wp:featuredmedia":[{"embeddable":true,"href":"http:\/\/www.gzone.com.tr\/index.php\/wp-json\/wp\/v2\/media\/17055"}],"wp:attachment":[{"href":"http:\/\/www.gzone.com.tr\/index.php\/wp-json\/wp\/v2\/media?parent=17044"}],"wp:term":[{"taxonomy":"category","embeddable":true,"href":"http:\/\/www.gzone.com.tr\/index.php\/wp-json\/wp\/v2\/categories?post=17044"},{"taxonomy":"post_tag","embeddable":true,"href":"http:\/\/www.gzone.com.tr\/index.php\/wp-json\/wp\/v2\/tags?post=17044"}],"curies":[{"name":"wp","href":"https:\/\/api.w.org\/{rel}","templated":true}]}}