{"id":16510,"date":"2015-09-17T12:50:29","date_gmt":"2015-09-17T10:50:29","guid":{"rendered":"http:\/\/gzone.com.tr\/?p=16510"},"modified":"2015-09-17T12:50:29","modified_gmt":"2015-09-17T10:50:29","slug":"papanin-abd-ziyaretinde-gundem-lgbt","status":"publish","type":"post","link":"http:\/\/www.gzone.com.tr\/index.php\/2015\/09\/17\/papanin-abd-ziyaretinde-gundem-lgbt\/","title":{"rendered":"PAPA&#8217;NIN ABD Z\u0130YARET\u0130NDE G\u00dcNDEM LGBT"},"content":{"rendered":"<p><em><strong>Papa Francis uzun zamand\u0131r beklenen ABD ziyaretini \u00f6n\u00fcm\u00fczdeki hafta ger\u00e7ekle\u015ftirecek. Human Rights Campaign (HRC) Papa\u2019n\u0131n ziyareti s\u0131ras\u0131nda Katolik Kilisesi\u2019nin LGBT\u0130 bireyleri tekrar ho\u015f kar\u015f\u0131lamas\u0131 konusunda dikkatini \u00e7ekmeyi planl\u0131yor.<\/strong><\/em><\/p>\n<p>Papa, uzun zamand\u0131r beklenen ABD ziyaretini \u00f6n\u00fcm\u00fczdeki hafta ger\u00e7ekle\u015ftirecek ve bu s\u0131rada HRC LGBT\u0130 ve Katolik Kilisesi\u2019ne mensup bireylerin ABD\u2019de ne kadar \u00f6nemli bir yeri oldu\u011funu g\u00f6stermeyi planl\u0131yor.<\/p>\n<p>HRC\u2019nin dikkat \u00e7ekmeyi istedi\u011fi konular aras\u0131nda Katolik LGBT\u0130 bireylerin u\u011frad\u0131\u011f\u0131 ayr\u0131mc\u0131l\u0131k konusu da yer al\u0131yor.<\/p>\n<p>Hepimiz Tanr\u0131n\u0131n \u00e7ocuklar\u0131y\u0131z diyecek olan HRC, \u201c<em><strong>B\u0130Z S\u0130Z \u0130NAN\u00c7LI \u0130NSANLARIN \u00c7OCUKLARIYIZ, \u00d6\u011eRETMENLER\u0130Y\u0130Z. RAH\u0130B\u0130M\u0130Z B\u0130Z\u0130 G\u00d6RMEZDEN GEL\u0130YOR, PAPA FRANCIS SEN B\u0130Z\u0130 HO\u015e KAR\u015eILAYACAK MISIN?<\/strong><\/em>\u201d yaz\u0131l\u0131 pankart\u0131 Papa\u2019n\u0131n u\u011frayaca\u011f\u0131 yerlerden birisi olan St. Matthew katedralinin \u00f6n\u00fcne asmay\u0131 planl\u0131yor.<\/p>\n","protected":false},"excerpt":{"rendered":"<p>Papa Francis uzun zamand\u0131r beklenen ABD ziyaretini \u00f6n\u00fcm\u00fczdeki hafta ger\u00e7ekle\u015ftirecek. Human Rights Campaign (HRC) Papa\u2019n\u0131n ziyareti s\u0131ras\u0131nda Katolik Kilisesi\u2019nin LGBT\u0130 bireyleri tekrar ho\u015f kar\u015f\u0131lamas\u0131 konusunda dikkatini \u00e7ekmeyi planl\u0131yor. Papa, uzun zamand\u0131r beklenen ABD ziyaretini \u00f6n\u00fcm\u00fczdeki hafta ger\u00e7ekle\u015ftirecek ve bu s\u0131rada HRC LGBT\u0130 ve Katolik Kilisesi\u2019ne mensup bireylerin ABD\u2019de ne kadar \u00f6nemli bir yeri oldu\u011funu g\u00f6stermeyi &hellip;<\/p>\n","protected":false},"author":1,"featured_media":6724,"comment_status":"closed","ping_status":"open","sticky":false,"template":"","format":"standard","meta":{"footnotes":""},"categories":[92,91],"tags":[113,112,2714],"class_list":["post-16510","post","type-post","status-publish","format-standard","has-post-thumbnail","","category-dunya","category-haberler","tag-dunya-2","tag-haberler-2","tag-human-right-campaign"],"_links":{"self":[{"href":"http:\/\/www.gzone.com.tr\/index.php\/wp-json\/wp\/v2\/posts\/16510","targetHints":{"allow":["GET"]}}],"collection":[{"href":"http:\/\/www.gzone.com.tr\/index.php\/wp-json\/wp\/v2\/posts"}],"about":[{"href":"http:\/\/www.gzone.com.tr\/index.php\/wp-json\/wp\/v2\/types\/post"}],"author":[{"embeddable":true,"href":"http:\/\/www.gzone.com.tr\/index.php\/wp-json\/wp\/v2\/users\/1"}],"replies":[{"embeddable":true,"href":"http:\/\/www.gzone.com.tr\/index.php\/wp-json\/wp\/v2\/comments?post=16510"}],"version-history":[{"count":0,"href":"http:\/\/www.gzone.com.tr\/index.php\/wp-json\/wp\/v2\/posts\/16510\/revisions"}],"wp:featuredmedia":[{"embeddable":true,"href":"http:\/\/www.gzone.com.tr\/index.php\/wp-json\/wp\/v2\/media\/6724"}],"wp:attachment":[{"href":"http:\/\/www.gzone.com.tr\/index.php\/wp-json\/wp\/v2\/media?parent=16510"}],"wp:term":[{"taxonomy":"category","embeddable":true,"href":"http:\/\/www.gzone.com.tr\/index.php\/wp-json\/wp\/v2\/categories?post=16510"},{"taxonomy":"post_tag","embeddable":true,"href":"http:\/\/www.gzone.com.tr\/index.php\/wp-json\/wp\/v2\/tags?post=16510"}],"curies":[{"name":"wp","href":"https:\/\/api.w.org\/{rel}","templated":true}]}}