{"id":16426,"date":"2015-09-16T11:03:58","date_gmt":"2015-09-16T09:03:58","guid":{"rendered":"http:\/\/gzone.com.tr\/?p=16426"},"modified":"2015-09-16T11:03:58","modified_gmt":"2015-09-16T09:03:58","slug":"duvardabarisvar-diyenler-bu-filme-davetli","status":"publish","type":"post","link":"http:\/\/www.gzone.com.tr\/index.php\/2015\/09\/16\/duvardabarisvar-diyenler-bu-filme-davetli\/","title":{"rendered":"#DUVARDABARI\u015eVAR D\u0130YENLER BU F\u0130LME DAVETL\u0130"},"content":{"rendered":"<p><strong>18 \u015eubat \u2013 6 Mart 2016<\/strong> tarihleri aras\u0131nda ger\u00e7ekle\u015ftirilecek <strong>!f \u0130stanbul Ba\u011f\u0131ms\u0131z Filmler Festivali<\/strong>, 15. ya\u015f\u0131na girmenin co\u015fkusunu seyircilerine \u00f6zel etkinliklerle payla\u015f\u0131yor. <strong>!f \u0130stanbul<\/strong>\u2019un ilk etkinli\u011fi ise <strong>d\u00fcnyayla ayn\u0131 anda<\/strong> g\u00f6sterilecek <strong>ROGER WATERS THE WALL<\/strong> olacak. \u00dccretsiz g\u00f6sterilecek filme ise <strong>#DuvardaBar\u0131\u015fVar<\/strong> diyen !f\u2019\u00e7iler davetli!<\/p>\n<p><strong>18-28 \u015eubat 2016<\/strong> tarihlerinde \u0130stanbul\u2019da, <strong>3-6 Mart 2016<\/strong> tarihlerinde ise Ankara ve \u0130zmir\u2019de ger\u00e7ekle\u015ftirilecek<strong> 15. !f \u0130stanbul Ba\u011f\u0131ms\u0131z Filmler Festivali<\/strong>, 15 ya\u015f\u0131na !f\u2019\u00e7ileri bir araya getirecek etkinliklerle \u201cmerhaba\u201d demeye haz\u0131rlan\u0131yor. Bunlardan ilki ise, bar\u0131\u015f i\u00e7in \u015fark\u0131lar s\u00f6yleyen Roger Waters&#8217;tan geliyor. 2013 yaz\u0131nda \u0130stanbul\u2019a da u\u011frad\u0131\u011f\u0131 ve b\u00fcy\u00fck ses getiren The Wall turnesini Waters\u2019\u0131n g\u00f6z\u00fcnden izleyece\u011fimiz <strong>ROGER WATERS THE WALL<\/strong> belgeseli, <strong>d\u00fcnyayla ayn\u0131 anda<\/strong>\u00a0!f\u2019te g\u00f6steriliyor.<\/p>\n<p><strong>#DuvardaBar\u0131\u015fVar diyen !f\u2019\u00e7iler davetli!<\/strong><\/p>\n<p><strong>!f \u0130stanbul<\/strong>, <strong>29 Eyl\u00fcl<\/strong>\u2019de <strong>Cinemaximum City&#8217;s Ni\u015fanta\u015f\u0131<\/strong>\u2019nda \u00fccretsiz ger\u00e7ekle\u015fecek g\u00f6sterim i\u00e7in sosyal medyadan <strong>#DuvardaBar\u0131\u015fVar <\/strong>mottosuyla bir \u00e7a\u011fr\u0131 ba\u015flatt\u0131. Son zamanlarda artan bar\u0131\u015f talebine sineman\u0131n birle\u015ftirici g\u00fcc\u00fcyle katk\u0131da bulunmak isteyen <strong>!f \u0130stanbul<\/strong>, !f\u2019\u00e7ilerin foto\u011fraf\u0131n\u0131 \u00e7ektikleri ya da dijital ortamda tasarlad\u0131klar\u0131 bar\u0131\u015f temal\u0131 duvar yaz\u0131lar\u0131n\u0131 instagram hesaplar\u0131nda payla\u015fmalar\u0131n\u0131 istedi. Bu g\u00f6rselleri <strong>#DuvardaBar\u0131\u015fVar hashtag\u2019iyle<\/strong> payla\u015fan !f\u2019\u00e7ilerden en \u00e7ok be\u011feni alanlar ise g\u00f6sterime kat\u0131lma hakk\u0131 kazanacak.<\/p>\n<p><img loading=\"lazy\" decoding=\"async\" class=\"alignnone\" src=\"http:\/\/s18.postimg.org\/jo9arjvw9\/Roger_Waters_The_Wall_01.jpg\" alt=\"\" width=\"546\" height=\"800\" \/><\/p>\n<ol start=\"15\">\n<li><strong> kez ba\u011f\u0131ms\u0131z sinema!<\/strong><\/li>\n<\/ol>\n<p><strong>Mars Cinema Group<\/strong> ortakl\u0131\u011f\u0131nda ger\u00e7ekle\u015fecek <strong>15. !f \u0130stanbul Ba\u011f\u0131ms\u0131z Filmler Festivali<\/strong>, <strong>1<\/strong><strong>8<\/strong><strong> \u015eubat<\/strong>\u2019ta \u0130stanbul\u2019da ba\u015flayacak ve <strong>3 Mart<\/strong>\u2019ta Ankara\u2019ya ve \u0130zmir\u2019e u\u011frayarak <strong>6 Mart<\/strong>\u2019ta yolculu\u011funu tamamlayacak.<\/p>\n<p><strong>#DuvardaBar\u0131\u015fVar davetine kat\u0131l\u0131m detaylar\u0131 i\u00e7in: <\/strong><a href=\"http:\/\/blog.ifistanbul.com\/duvardabarisvar\/\">http:\/\/blog.ifistanbul.com\/duvardabarisvar\/<\/a><\/p>\n<p>&nbsp;<\/p>\n<p>&nbsp;<\/p>\n","protected":false},"excerpt":{"rendered":"<p>18 \u015eubat \u2013 6 Mart 2016 tarihleri aras\u0131nda ger\u00e7ekle\u015ftirilecek !f \u0130stanbul Ba\u011f\u0131ms\u0131z Filmler Festivali, 15. ya\u015f\u0131na girmenin co\u015fkusunu seyircilerine \u00f6zel etkinliklerle payla\u015f\u0131yor. !f \u0130stanbul\u2019un ilk etkinli\u011fi ise d\u00fcnyayla ayn\u0131 anda g\u00f6sterilecek ROGER WATERS THE WALL olacak. \u00dccretsiz g\u00f6sterilecek filme ise #DuvardaBar\u0131\u015fVar diyen !f\u2019\u00e7iler davetli! 18-28 \u015eubat 2016 tarihlerinde \u0130stanbul\u2019da, 3-6 Mart 2016 tarihlerinde ise Ankara &hellip;<\/p>\n","protected":false},"author":1,"featured_media":16429,"comment_status":"closed","ping_status":"open","sticky":false,"template":"","format":"standard","meta":{"footnotes":""},"categories":[62],"tags":[422],"class_list":["post-16426","post","type-post","status-publish","format-standard","has-post-thumbnail","","category-etkinlikvemekan","tag-etkinlik-2"],"_links":{"self":[{"href":"http:\/\/www.gzone.com.tr\/index.php\/wp-json\/wp\/v2\/posts\/16426","targetHints":{"allow":["GET"]}}],"collection":[{"href":"http:\/\/www.gzone.com.tr\/index.php\/wp-json\/wp\/v2\/posts"}],"about":[{"href":"http:\/\/www.gzone.com.tr\/index.php\/wp-json\/wp\/v2\/types\/post"}],"author":[{"embeddable":true,"href":"http:\/\/www.gzone.com.tr\/index.php\/wp-json\/wp\/v2\/users\/1"}],"replies":[{"embeddable":true,"href":"http:\/\/www.gzone.com.tr\/index.php\/wp-json\/wp\/v2\/comments?post=16426"}],"version-history":[{"count":0,"href":"http:\/\/www.gzone.com.tr\/index.php\/wp-json\/wp\/v2\/posts\/16426\/revisions"}],"wp:featuredmedia":[{"embeddable":true,"href":"http:\/\/www.gzone.com.tr\/index.php\/wp-json\/wp\/v2\/media\/16429"}],"wp:attachment":[{"href":"http:\/\/www.gzone.com.tr\/index.php\/wp-json\/wp\/v2\/media?parent=16426"}],"wp:term":[{"taxonomy":"category","embeddable":true,"href":"http:\/\/www.gzone.com.tr\/index.php\/wp-json\/wp\/v2\/categories?post=16426"},{"taxonomy":"post_tag","embeddable":true,"href":"http:\/\/www.gzone.com.tr\/index.php\/wp-json\/wp\/v2\/tags?post=16426"}],"curies":[{"name":"wp","href":"https:\/\/api.w.org\/{rel}","templated":true}]}}