{"id":16125,"date":"2015-09-10T13:13:41","date_gmt":"2015-09-10T11:13:41","guid":{"rendered":"http:\/\/gzone.com.tr\/?p=16125"},"modified":"2015-10-14T01:15:17","modified_gmt":"2015-10-13T23:15:17","slug":"cihan-nacar-escinsellerin-hayati-farkli-bir-acidan-gorduklerine-inaniyorum","status":"publish","type":"post","link":"http:\/\/www.gzone.com.tr\/index.php\/2015\/09\/10\/cihan-nacar-escinsellerin-hayati-farkli-bir-acidan-gorduklerine-inaniyorum\/","title":{"rendered":"C\u0130HAN NACAR: E\u015eC\u0130NSELLER\u0130N HAYATI FARKLI B\u0130R A\u00c7IDAN G\u00d6RD\u00dcKLER\u0130NE \u0130NANIYORUM"},"content":{"rendered":"<p class=\"p1\" style=\"text-align: left;\"><span class=\"s1\">T\u00fcrkiye\u2019nin ilk ve tek e\u015fcinsel ya\u015fam ve k\u00fclt\u00fcr dergisi GZone yay\u0131n hayat\u0131na ba\u015flayal\u0131 tam bir y\u0131l ve 12 say\u0131 ge\u00e7ti. 13.say\u0131m\u0131z\u0131n kapa\u011f\u0131n\u0131 1.ya\u015f\u0131m\u0131z\u0131 kutlamaya ay\u0131rd\u0131k ve her daim g\u00fczel, her zaman g\u00fc\u00e7l\u00fc bir pop star olan Ye\u015fim Salk\u0131m bize kat\u0131ld\u0131&#8230;<\/span><\/p>\n<p class=\"p1\" style=\"text-align: left;\"><span class=\"s1\">Yeni say\u0131m\u0131zdaki ilgi \u00e7ekecek konuklardan biri de mayo tasar\u0131mlar\u0131 kad\u0131nlar i\u00e7in bir arzu nesnesi olan, \u00fcnl\u00fc tasar\u0131mc\u0131 C\u0130HAN NACAR oldu. Moda edit\u00f6rlerimizden Kerem Can Dum\u2019un tasar\u0131mc\u0131yla yapt\u0131\u011f\u0131 bu \u00f6zel r\u00f6portajdan \u00f6ne \u00e7\u0131kan ba\u015fl\u0131klar ise \u015f\u00f6yle: <\/span><\/p>\n<p class=\"p1\" style=\"text-align: left;\"><span style=\"text-decoration: underline;\"><em><span class=\"s1\">R\u00f6portaj: Kerem Can Dum<\/span><\/em><\/span><\/p>\n<p class=\"p1\">\n<p class=\"p1\"><span class=\"s1\"><b>C\u0130HAN NACAR<\/b><\/span><\/p>\n<p class=\"p2\"><span class=\"s1\">1984 do\u011fumlu tasar\u0131mc\u0131, e\u011fitimine 2002\u2019de \u00c7ukurova \u00dcniversitesi G\u00fczel Sanatlar Fak\u00fcltesi Tekstil ve Moda Tasar\u0131m b\u00f6l\u00fcm\u00fcnde ba\u015flad\u0131<span class=\"Apple-converted-space\">\u00a0 <\/span>ve sonras\u0131nda \u0130SPANYA-Universidad Politecnica De Valencia\u2019da devam etti. 2006 y\u0131l\u0131nda Marmara \u00dcniversitesi G\u00fczel Sanatlar Fak\u00fcltesi Moda Tasar\u0131m b\u00f6l\u00fcm\u00fcnde y\u00fcksek lisansa ba\u015flayan Nacar, 2007\u2019de Project Runway T\u00fcrkiye 2. si oldu. U.S. Polo ASSN- No Gossip- Pierre Cardin , Dagi ,Bonesta gibi markalara tasar\u0131m dan\u0131\u015fmanl\u0131\u011f\u0131 yapan tasar\u0131mc\u0131, ayn\u0131 zamanda \u00fcnl\u00fc isimler i\u00e7in sahne giysileri haz\u0131rlamaya devam etmektedir. Kendi markas\u0131nda 3. Sezonunu tamamlayan Cihan Nacar, T\u00fcrkiye\u2019de bir\u00e7ok tasar\u0131m buti\u011finde \u00fcr\u00fcnlerini sat\u0131\u015fa sunmu\u015ftur.<\/span><\/p>\n<p class=\"p2\"><span class=\"s1\"><b>Mayo tasar\u0131mlar\u0131n\u0131z ile t\u00fcm T\u00fcrkiye\u2019de tan\u0131n\u0131yorsunuz. Peki tasar\u0131m olarak neden mayoyu se\u00e7tiniz?<\/b><\/span><\/p>\n<p class=\"p2\"><span class=\"s1\">Mayo kuma\u015flar\u0131 \u00e7ocuklu\u011fumdan beri her zaman ilgimi \u00e7ekmi\u015ftir. Renkli ve parlak dokular\u0131 da, bu yola \u00e7\u0131karken bana ilham kayna\u011f\u0131 olmu\u015ftur. Mayo kuma\u015flar\u0131yla oynama iste\u011fi ve tasarlama arzum beni mayoya y\u00f6nlendirdi diyebilirim.<\/span><\/p>\n<p class=\"p2\"><span class=\"s1\"><b>2015 koleksiyonunuz bir \u00f6ncekilere g\u00f6re daha renkli ve bask\u0131l\u0131, hatta biraz daha hareketli. \u00d6nceki koleksiyonlar\u0131n\u0131zdan bu noktalarda biraz ayr\u0131l\u0131yor. 2015\u2019in konseptini biraz da sizden dinleyebilir miyiz?<\/b><\/span><\/p>\n<p class=\"p2\"><span class=\"s1\">2015 Koleksiyonunda Cihan Nacar kad\u0131n\u0131n\u0131 biraz daha cesur k\u0131ld\u0131k. \u015eehir hayat\u0131n\u0131 bir Amazon orman\u0131na benzetirsek, kararlar\u0131ndan emin ve kendini \u00f6ne \u00e7\u0131karmay\u0131 seven bir kad\u0131n\u0131n detaylar\u0131nda di\u011ferlerinden farkl\u0131la\u015faca\u011f\u0131na inand\u0131k. Bu nedenle 2015 Amazon kad\u0131n\u0131 konseptimize farkl\u0131 ve g\u00fc\u00e7l\u00fc dokunu\u015flar ekledik.<\/span><\/p>\n<p class=\"p2\"><span class=\"s1\"><b>\u00d6zellikle ten rengi mayolar\u0131n\u0131z \u00e7ok \u00f6ne \u00e7\u0131kt\u0131. Renk olarak ten rengini se\u00e7mek nereden akl\u0131n\u0131za geldi?\u00a0<\/b><\/span><\/p>\n<p class=\"p2\"><span class=\"s1\">Ten rengi kad\u0131n\u0131n en de\u011ferli giysisidir. Kad\u0131n\u0131n ten rengini \u00f6ne \u00e7\u0131kartmak iste\u011fi ile haz\u0131rlad\u0131\u011f\u0131m\u0131z koleksiyonda ten rengi, vizon ve pudra tonlar\u0131n\u0131 t\u00fcm koleksiyonda kulland\u0131k.<\/span><\/p>\n<p class=\"p4\"><span class=\"s1\"><b>T\u00fcrkiye ve yurtd\u0131\u015f\u0131n\u0131 k\u0131yaslad\u0131\u011f\u0131m\u0131zda, \u00f6zellikle \u201cbeachwear\u201d\u0131 nas\u0131l yorumlars\u0131n\u0131z?<\/b><\/span><\/p>\n<p class=\"p2\"><span class=\"s1\">Markalar\u0131n daha \u00e7ok mayo renklerine ve desenlerine \u00f6nem verdi\u011fini g\u00f6r\u00fcyorum ancak kad\u0131n fizi\u011fi her zaman m\u00fckemmel olmak zorunda de\u011fil. Bu nedenle her kad\u0131n fizi\u011fine uygun mayo kal\u0131b\u0131 \u00e7\u0131karabilmek benim i\u00e7in \u00e7ok \u00f6nemli. K\u0131saca \u015f\u00f6yle a\u00e7\u0131klayay\u0131m; Titizlikle \u00e7al\u0131\u015f\u0131lm\u0131\u015f bir kal\u0131p ve uygun renklerle haz\u0131rlanan bikini, kilo fazlas\u0131 olan bir kad\u0131n\u0131 gayet ince g\u00f6sterebilir.<\/span><\/p>\n<p class=\"p4\"><span class=\"s1\"><b>T\u00fcrkiye ve yurtd\u0131\u015f\u0131n\u0131 k\u0131yaslad\u0131\u011f\u0131m\u0131zda, \u00f6zellikle \u201cbeachwear\u201d\u0131 nas\u0131l yorumlars\u0131n\u0131z?<\/b><\/span><\/p>\n<p class=\"p2\"><span class=\"s1\">Markalar\u0131n daha \u00e7ok mayo renklerine ve desenlerine \u00f6nem verdi\u011fini g\u00f6r\u00fcyorum ancak kad\u0131n fizi\u011fi her zaman m\u00fckemmel olmak zorunda de\u011fil. Bu nedenle her kad\u0131n fizi\u011fine uygun mayo kal\u0131b\u0131 \u00e7\u0131karabilmek benim i\u00e7in \u00e7ok \u00f6nemli. K\u0131saca \u015f\u00f6yle a\u00e7\u0131klayay\u0131m; Titizlikle \u00e7al\u0131\u015f\u0131lm\u0131\u015f bir kal\u0131p ve uygun renklerle haz\u0131rlanan bikini, kilo fazlas\u0131 olan bir kad\u0131n\u0131 gayet ince g\u00f6sterebilir.<\/span><\/p>\n<p class=\"p2\"><span class=\"s1\"><b>T\u00fcrkiye ve d\u00fcnyadan kimi giydirmek isterdiniz?\u00a0<\/b><\/span><\/p>\n<p class=\"p2\"><span class=\"s1\">T\u00fcrkiye\u2019den Burcu Esmersoy -ki \u00fcnl\u00fc bir moda dergisinde kendisine \u00e7ok yak\u0131\u015ft\u0131rd\u0131\u011f\u0131m\u0131z bir mayomuzu giydi- \u00a0d\u00fcnyadan ise Cara Delevingne diyebilirim.<\/span><\/p>\n<p class=\"p2\"><span class=\"s1\"><b>Erkek mayo tasar\u0131m\u0131 yapmay\u0131 d\u00fc\u015f\u00fcnd\u00fcn\u00fcz m\u00fc?<\/b><\/span><\/p>\n<p class=\"p2\"><span class=\"s1\">Hay\u0131r.<\/span><\/p>\n<p class=\"p2\"><span class=\"s1\"><b>Erkek mayo tasar\u0131mlar\u0131n\u0131n geli\u015fimi hakk\u0131nda yorumlar\u0131n\u0131z neler?<\/b><\/span><\/p>\n<p class=\"p2\"><span class=\"s1\">Hen\u00fcz ihtiya\u00e7lar do\u011frultusunda ilerledi\u011fini d\u00fc\u015f\u00fcn\u00fcyorum. Umar\u0131m ilerde farkl\u0131 kal\u0131plarda erkek mayolar\u0131 g\u00f6r\u00fcr\u00fcr\u00fcz.<\/span><\/p>\n<p class=\"p2\"><span class=\"s1\"><b>D\u00fcnya modas\u0131 ve T\u00fcrkiye\u2019yi k\u0131yaslayacak olursan\u0131z. Sizce T\u00fcrk moda d\u00fcnyas\u0131 global pazar\u0131n neresinde? Geli\u015fmesi i\u00e7in neler yap\u0131lmal\u0131?<\/b><\/span><\/p>\n<p class=\"p2\"><span class=\"s1\">T\u00fcrk modas\u0131 hen\u00fcz yurtd\u0131\u015f\u0131nda kendini g\u00f6sterebilmi\u015f de\u011fil. Bir iki duayen kendini yurtd\u0131\u015f\u0131nda ispatlam\u0131\u015f olsa bu ki\u015filer bir elin parma\u011f\u0131n\u0131 ge\u00e7miyor maalesef. Bunun sebebinin tasar\u0131mc\u0131lar\u0131n tek bir noktada de\u011fil pazar\u0131n bir\u00e7ok noktas\u0131nda bulunma istekleri oldu\u011funa inan\u0131yorum.\u00a0<\/span><\/p>\n<p class=\"p2\"><span class=\"s1\">Fakat son y\u0131llarda baz\u0131 tasar\u0131mc\u0131lar\u0131n do\u011fru stratejiler yapt\u0131\u011f\u0131n\u0131 g\u00f6r\u00fcyorum. \u0130nanc\u0131m yak\u0131n zamanda D\u00fcnya\u2019da T\u00fcrk tasar\u0131mc\u0131lar\u0131n isimlerinin daha s\u0131k duyulaca\u011f\u0131.<\/span><\/p>\n<p class=\"p2\"><span class=\"s1\"><b>Moda ve LGBT ba\u011flant\u0131s\u0131n\u0131 kuracak olursak, d\u00fcnyada modac\u0131lar\u0131n b\u00fcy\u00fck \u00e7o\u011funlu\u011fu e\u015fcinsel. Bunu neye ba\u011fl\u0131yorsunuz?<\/b><\/span><\/p>\n<p class=\"p2\"><span class=\"s1\">E\u015fcinsel insanlar\u0131n hayat\u0131 farkl\u0131 bir a\u00e7\u0131dan g\u00f6rd\u00fc\u011f\u00fcne ve g\u00f6rd\u00fckleri her noktada yarat\u0131c\u0131 bir \u015feyler bulabildi\u011fine inan\u0131yorum. Bu kadar yarat\u0131c\u0131 bir insan\u0131n kendini modan\u0131n i\u00e7inde bulmas\u0131 zaten ka\u00e7\u0131n\u0131lmaz. Bu nedenle \u00e7o\u011fu e\u015fcinsel tasar\u0131mc\u0131lar\u0131n tasar\u0131mlar\u0131 her zaman alk\u0131\u015flan\u0131r.<\/span><\/p>\n<p class=\"p4\"><span class=\"s1\"><b>Modan\u0131n cinsiyetleri homojenle\u015ftirdi\u011fine dair s\u00f6ylemler g\u00fcndemde. Bu konu hakk\u0131nda yorumlar\u0131n\u0131z neler? <\/b><\/span><\/p>\n<p class=\"p2\"><span class=\"s1\">Cinsiyetleri homojenle\u015ftiriyor mu bilmiyorum ancak hepimizi g\u00f6rsel bir \u015fenlikle bir araya getirdi\u011fi kesinlikle do\u011fru.<\/span><\/p>\n<p class=\"p2\"><span class=\"s1\"><b>T\u00fcrkiye\u2019de \u00f6zg\u00fcrl\u00fckler ve LGBT haklar\u0131n\u0131 nerede g\u00f6r\u00fcyorsunuz? Sizce geli\u015fmesi ne durumda, neler yapmak gerekmekte?<\/b><\/span><\/p>\n<p class=\"p2\"><span class=\"s1\">D\u00fcnyada her ge\u00e7en g\u00fcn artan fark\u0131ndal\u0131k ilham verici. T\u00fcrkiye\u2019de bu fark\u0131ndal\u0131\u011f\u0131n g\u00fcnden g\u00fcne artt\u0131\u011f\u0131na inansam da \u00f6zg\u00fcrl\u00fck kavram\u0131n\u0131n tam anlam\u0131yla yerle\u015fmesi biraz daha zaman alacakt\u0131r. Umudum d\u00fcnyada verilen haklar\u0131n bir g\u00fcn T\u00fcrkiye\u2019de de olmas\u0131. Bu nedenle \u00f6zg\u00fcrl\u00fck ve e\u015fitlik i\u00e7in at\u0131lan ad\u0131mlar\u0131n hepsinin destek\u00e7isiyim ve destek olmaya da devam edece\u011fim.\u00a0<\/span><\/p>\n<p class=\"p3\" style=\"text-align: left;\"><b><\/b><strong> GZONE DERG\u0130&#8217;N\u0130N 1. YA\u015e \u00d6ZEL EYL\u00dcL 2015 SAYISINDAN, A\u015eA\u011eIDAK\u0130 BUTONLAR ARACILI\u011eI \u0130LE \u00dcCRETS\u0130Z OKUYAB\u0130L\u0130RS\u0130N\u0130Z..<\/strong><\/p>\n<p style=\"text-align: left;\"><img loading=\"lazy\" decoding=\"async\" class=\"alignnone\" src=\"http:\/\/s12.postimg.org\/nqciwrbz1\/Gzone_Eylul_kapak_Post_icin.jpg\" alt=\"\" width=\"660\" height=\"880\" \/><\/p>\n<p style=\"text-align: left;\"><a href=\"http:\/\/gzone.com.tr\/gzonedergi\/eylul2015.pdf\" target=\"_blank\"><img loading=\"lazy\" decoding=\"async\" class=\"aligncenter wp-image-8514 size-full\" src=\"http:\/\/gzone.com.tr\/wp-content\/uploads\/2015\/03\/gzone-indir-ikon.jpg\" alt=\"gzone indir ikon\" width=\"300\" height=\"57\" \/><\/a><\/p>\n<p style=\"text-align: left;\"><a href=\"https:\/\/play.google.com\/store\/apps\/details?id=ngmtr.com.gzone\" target=\"_blank\"><img loading=\"lazy\" decoding=\"async\" class=\" size-full wp-image-8507 aligncenter\" src=\"http:\/\/gzone.com.tr\/wp-content\/uploads\/2015\/03\/google.jpg\" alt=\"google\" width=\"300\" height=\"57\" \/><\/a><\/p>\n<p style=\"text-align: center;\"><a href=\"https:\/\/itunes.apple.com\/tr\/app\/g-zone\/id946894486?mt=8\" target=\"_blank\"><img loading=\"lazy\" decoding=\"async\" class=\"size-full wp-image-8508 alignleft\" src=\"http:\/\/gzone.com.tr\/wp-content\/uploads\/2015\/03\/apstore.jpg\" alt=\"apstore\" width=\"300\" height=\"57\" \/><\/a><\/p>\n","protected":false},"excerpt":{"rendered":"<p>T\u00fcrkiye\u2019nin ilk ve tek e\u015fcinsel ya\u015fam ve k\u00fclt\u00fcr dergisi GZone yay\u0131n hayat\u0131na ba\u015flayal\u0131 tam bir y\u0131l ve 12 say\u0131 ge\u00e7ti. 13.say\u0131m\u0131z\u0131n kapa\u011f\u0131n\u0131 1.ya\u015f\u0131m\u0131z\u0131 kutlamaya ay\u0131rd\u0131k ve her daim g\u00fczel, her zaman g\u00fc\u00e7l\u00fc bir pop star olan Ye\u015fim Salk\u0131m bize kat\u0131ld\u0131&#8230; Yeni say\u0131m\u0131zdaki ilgi \u00e7ekecek konuklardan biri de mayo tasar\u0131mlar\u0131 kad\u0131nlar i\u00e7in bir arzu nesnesi olan, &hellip;<\/p>\n","protected":false},"author":1,"featured_media":16127,"comment_status":"closed","ping_status":"open","sticky":false,"template":"","format":"standard","meta":{"footnotes":""},"categories":[1079,70,74,1080],"tags":[2661,1123,1129,200,1101],"class_list":["post-16125","post","type-post","status-publish","format-standard","has-post-thumbnail","","category-gzone-ozel","category-moda","category-modahaberleri","category-roportajlar","tag-cihan-nacar","tag-gzone-dergi","tag-gzone-ozel-2","tag-moda","tag-roportaj"],"_links":{"self":[{"href":"http:\/\/www.gzone.com.tr\/index.php\/wp-json\/wp\/v2\/posts\/16125","targetHints":{"allow":["GET"]}}],"collection":[{"href":"http:\/\/www.gzone.com.tr\/index.php\/wp-json\/wp\/v2\/posts"}],"about":[{"href":"http:\/\/www.gzone.com.tr\/index.php\/wp-json\/wp\/v2\/types\/post"}],"author":[{"embeddable":true,"href":"http:\/\/www.gzone.com.tr\/index.php\/wp-json\/wp\/v2\/users\/1"}],"replies":[{"embeddable":true,"href":"http:\/\/www.gzone.com.tr\/index.php\/wp-json\/wp\/v2\/comments?post=16125"}],"version-history":[{"count":0,"href":"http:\/\/www.gzone.com.tr\/index.php\/wp-json\/wp\/v2\/posts\/16125\/revisions"}],"wp:featuredmedia":[{"embeddable":true,"href":"http:\/\/www.gzone.com.tr\/index.php\/wp-json\/wp\/v2\/media\/16127"}],"wp:attachment":[{"href":"http:\/\/www.gzone.com.tr\/index.php\/wp-json\/wp\/v2\/media?parent=16125"}],"wp:term":[{"taxonomy":"category","embeddable":true,"href":"http:\/\/www.gzone.com.tr\/index.php\/wp-json\/wp\/v2\/categories?post=16125"},{"taxonomy":"post_tag","embeddable":true,"href":"http:\/\/www.gzone.com.tr\/index.php\/wp-json\/wp\/v2\/tags?post=16125"}],"curies":[{"name":"wp","href":"https:\/\/api.w.org\/{rel}","templated":true}]}}