{"id":15961,"date":"2015-09-07T13:13:57","date_gmt":"2015-09-07T11:13:57","guid":{"rendered":"http:\/\/gzone.com.tr\/?p=15961"},"modified":"2015-09-07T16:16:39","modified_gmt":"2015-09-07T14:16:39","slug":"boysan-yakar-ve-zelis-deniz-sonsuzluga-ugurlandi","status":"publish","type":"post","link":"http:\/\/www.gzone.com.tr\/index.php\/2015\/09\/07\/boysan-yakar-ve-zelis-deniz-sonsuzluga-ugurlandi\/","title":{"rendered":"BOYSAN YAKAR, ZEL\u0130\u015e DEN\u0130Z VE MERT SER\u00c7E SONSUZLU\u011eA U\u011eURLANDI"},"content":{"rendered":"<p>\u00d6nceki g\u00fcn trafik kazas\u0131nda ya\u015fam\u0131n\u0131 yitiren LGBT\u0130 aktivistleri Boysan Yakar ve Zeli\u015f Deniz, \u015ei\u015fli Merkez Camii&#8217;nde \u00f6\u011fle namaz\u0131n\u0131n ard\u0131ndan defnedilmek \u00fczere mezarl\u0131klar\u0131na u\u011furland\u0131lar.<\/p>\n<p><img loading=\"lazy\" decoding=\"async\" class=\"alignnone\" src=\"http:\/\/s7.postimg.org\/s9eiuxp17\/IMG_3009.jpg\" alt=\"\" width=\"618\" height=\"618\" \/><\/p>\n<p>\u015ei\u015fli Camii&#8217;ni dolduran b\u00fcy\u00fck kalabal\u0131k, alk\u0131\u015flar e\u015fli\u011finde Boysan Yakar&#8217;\u0131 Zincirlikuyu mezarl\u0131\u011f\u0131na, Zeli\u015f Deniz&#8217;i ise Yeni Kanarya mezarl\u0131\u011f\u0131na yolcu etti. Cenazelerin tabutlar\u0131 g\u00f6kku\u015fa\u011f\u0131 bayra\u011f\u0131na sar\u0131l\u0131yd\u0131.<\/p>\n<p><img loading=\"lazy\" decoding=\"async\" class=\"alignnone\" src=\"http:\/\/s11.postimg.org\/q0e8q5vir\/12002138_10153632245131639_2226902192014562251_n.jpg\" alt=\"\" width=\"720\" height=\"960\" \/><img loading=\"lazy\" decoding=\"async\" class=\"alignnone\" src=\"http:\/\/s13.postimg.org\/wrtleu73r\/11949354_1093596967339601_4097765749667839417_n.jpg\" alt=\"\" width=\"852\" height=\"640\" \/>Yakar ve Deniz&#8217;le ayn\u0131 ara\u00e7ta bulunan Mert Ser\u00e7e&#8217;nin cenazesi, defnedilmek \u00fczere Antakya&#8217;ya g\u00f6nderilmi\u015fti. Mert Ser\u00e7e&#8217;nin bug\u00fcn Antakya&#8217;daki cenazesinden de alttaki g\u00f6r\u00fcnt\u00fc haber merkezimize ula\u015ft\u0131.<\/p>\n<p><img loading=\"lazy\" decoding=\"async\" class=\"alignnone\" src=\"http:\/\/s24.postimg.org\/af4oo7ubp\/11999938_10153632486186639_1234263126_n.jpg\" alt=\"\" width=\"960\" height=\"720\" \/><\/p>\n<p><em>Boysan Yakar, Mert Ser\u00e7e ve Zeli\u015f Deniz&#8217;in sevenleri ve ailelerine yeniden ba\u015fsa\u011fl\u0131\u011f\u0131 ve sab\u0131r diliyoruz.<\/em><\/p>\n<p>&nbsp;<\/p>\n<p>Haber ana g\u00f6rseli: Instagram, @goktuggokhanyuksel<\/p>\n<p>Di\u011fer g\u00f6rseller: Metin Akdemir, \u00c7a\u011fda\u015f Engin K\u0131rlang\u0131\u00e7<\/p>\n<p>&nbsp;<\/p>\n","protected":false},"excerpt":{"rendered":"<p>\u00d6nceki g\u00fcn trafik kazas\u0131nda ya\u015fam\u0131n\u0131 yitiren LGBT\u0130 aktivistleri Boysan Yakar ve Zeli\u015f Deniz, \u015ei\u015fli Merkez Camii&#8217;nde \u00f6\u011fle namaz\u0131n\u0131n ard\u0131ndan defnedilmek \u00fczere mezarl\u0131klar\u0131na u\u011furland\u0131lar. \u015ei\u015fli Camii&#8217;ni dolduran b\u00fcy\u00fck kalabal\u0131k, alk\u0131\u015flar e\u015fli\u011finde Boysan Yakar&#8217;\u0131 Zincirlikuyu mezarl\u0131\u011f\u0131na, Zeli\u015f Deniz&#8217;i ise Yeni Kanarya mezarl\u0131\u011f\u0131na yolcu etti. Cenazelerin tabutlar\u0131 g\u00f6kku\u015fa\u011f\u0131 bayra\u011f\u0131na sar\u0131l\u0131yd\u0131. Yakar ve Deniz&#8217;le ayn\u0131 ara\u00e7ta bulunan Mert Ser\u00e7e&#8217;nin &hellip;<\/p>\n","protected":false},"author":1,"featured_media":15962,"comment_status":"closed","ping_status":"open","sticky":false,"template":"","format":"standard","meta":{"footnotes":""},"categories":[91,96],"tags":[645,112,529,2651],"class_list":["post-15961","post","type-post","status-publish","format-standard","has-post-thumbnail","","category-haberler","category-turkiye","tag-boysan-yakar","tag-haberler-2","tag-turkiye-2","tag-zelis-deniz"],"_links":{"self":[{"href":"http:\/\/www.gzone.com.tr\/index.php\/wp-json\/wp\/v2\/posts\/15961","targetHints":{"allow":["GET"]}}],"collection":[{"href":"http:\/\/www.gzone.com.tr\/index.php\/wp-json\/wp\/v2\/posts"}],"about":[{"href":"http:\/\/www.gzone.com.tr\/index.php\/wp-json\/wp\/v2\/types\/post"}],"author":[{"embeddable":true,"href":"http:\/\/www.gzone.com.tr\/index.php\/wp-json\/wp\/v2\/users\/1"}],"replies":[{"embeddable":true,"href":"http:\/\/www.gzone.com.tr\/index.php\/wp-json\/wp\/v2\/comments?post=15961"}],"version-history":[{"count":0,"href":"http:\/\/www.gzone.com.tr\/index.php\/wp-json\/wp\/v2\/posts\/15961\/revisions"}],"wp:featuredmedia":[{"embeddable":true,"href":"http:\/\/www.gzone.com.tr\/index.php\/wp-json\/wp\/v2\/media\/15962"}],"wp:attachment":[{"href":"http:\/\/www.gzone.com.tr\/index.php\/wp-json\/wp\/v2\/media?parent=15961"}],"wp:term":[{"taxonomy":"category","embeddable":true,"href":"http:\/\/www.gzone.com.tr\/index.php\/wp-json\/wp\/v2\/categories?post=15961"},{"taxonomy":"post_tag","embeddable":true,"href":"http:\/\/www.gzone.com.tr\/index.php\/wp-json\/wp\/v2\/tags?post=15961"}],"curies":[{"name":"wp","href":"https:\/\/api.w.org\/{rel}","templated":true}]}}