{"id":15953,"date":"2015-09-07T08:20:01","date_gmt":"2015-09-07T06:20:01","guid":{"rendered":"http:\/\/gzone.com.tr\/?p=15953"},"modified":"2015-09-07T10:13:12","modified_gmt":"2015-09-07T08:13:12","slug":"sadece-boysan-degil-annesi-de-lgbti-dunyasi-icin-onemli-bir-isim","status":"publish","type":"post","link":"http:\/\/www.gzone.com.tr\/index.php\/2015\/09\/07\/sadece-boysan-degil-annesi-de-lgbti-dunyasi-icin-onemli-bir-isim\/","title":{"rendered":"SADECE BOYSAN DE\u011e\u0130L, ANNES\u0130 DE LGBT\u0130 D\u00dcNYASI \u0130\u00c7\u0130N \u00d6NEML\u0130 B\u0130R \u0130S\u0130M"},"content":{"rendered":"<p>T\u00fcrkiye LGBT\u0130 hareketinin en \u00f6nemli isimlerinden biri olan Boysan Yakar&#8217;\u0131n \u00f6nceki g\u00fcn trafik kazas\u0131nda arkada\u015f\u0131\u00a0Mert Ser\u00e7e ve ba\u015fka bir LGBT\u0130 aktivisti Zeli\u015f Deniz&#8217;le beraber hayat\u0131n\u0131 kaybetmesi b\u00fcy\u00fck \u00fcz\u00fcnt\u00fcye yol a\u00e7t\u0131. Boysan Yakar ve Zeli\u015f Deniz&#8217;in cenazesi bug\u00fcn (07.09.2015 Pazartesi) \u00f6\u011fle namaz\u0131nda \u0130stanbul \u015ei\u015fli Camii&#8217;nden son yolculu\u011funa u\u011furlan\u0131yor.<\/p>\n<p>Boysan Yakar ismi, sevgili annesi Sema Yakar&#8217;la daha ba\u015fka bir \u00f6nem kazan\u0131yor. Sema Yakar, L\u0130STAG Aile Grubu (Lezbiyen, Gey, Biseks\u00fcel, Trans, \u0130nterseks Bireylerin Aileleri ve Yak\u0131nlar\u0131 Derne\u011fi)&#8217;nun kurucu ve en aktif \u00fcyelerinden. LGBT\u0130 Onur Y\u00fcr\u00fcy\u00fc\u015fleri&#8217;nde hep bizlere e\u015flik eden L\u0130STAG grubundan arkada\u015flar\u0131yla birlikte TBMM&#8217;de bu konuda konu\u015fmak dahil pek \u00e7ok \u00f6nemli i\u015fe imza atan Yakar, Can Candan&#8217;\u0131n LGBT\u0130 anne-babalar\u0131n\u0131 anlatt\u0131\u011f\u0131 2013 tarihli &#8220;Benim \u00c7ocu\u011fum&#8221; belgeselinde Boysan&#8217;\u0131n ailesine a\u00e7\u0131lma s\u00fcrecini anlatm\u0131\u015ft\u0131.<\/p>\n<p><iframe loading=\"lazy\" src=\"https:\/\/www.youtube.com\/embed\/bwPLIl9eAmk\" width=\"560\" height=\"315\" frameborder=\"0\" allowfullscreen=\"allowfullscreen\"><\/iframe><\/p>\n<p>Tarifsiz bir ac\u0131 ya\u015fad\u0131\u011f\u0131n\u0131 tahmin etti\u011fimiz Sema Yakar, bu sabah Facebook profilinden ekte g\u00f6rd\u00fc\u011f\u00fcn\u00fcz o\u011fluyla \u00e7ekilmi\u015f bu foto\u011fraflar\u0131 payla\u015ft\u0131.<\/p>\n<p><img loading=\"lazy\" decoding=\"async\" class=\"alignnone\" src=\"http:\/\/s28.postimg.org\/6fckaxcx9\/sema_yakar2.jpg\" alt=\"\" width=\"960\" height=\"720\" \/><\/p>\n<p>Ba\u015fta Sema Yakar olmak \u00fczere Boysan Yakar&#8217;\u0131n t\u00fcm sevenlerine yeniden sab\u0131r ve ba\u015fsa\u011fl\u0131\u011f\u0131 diliyoruz. Sema Yakar&#8217;a da bir mesaj\u0131m\u0131z var:\u00a0<em>Sema anne, belki Boysan gitti ama senin on binlerce \u00e7ocu\u011fun var, hep buraday\u0131z, hep yan\u0131nday\u0131z ve Boysan&#8217;\u0131n arzu etti\u011fi \u015fekilde m\u00fccadelemize devam edece\u011fiz&#8230;<\/em><\/p>\n<p>Sema Yakar&#8217;\u0131n bir LISTAG toplant\u0131s\u0131nda yapt\u0131\u011f\u0131 konu\u015fman\u0131n videosunu payla\u015f\u0131yoruz:<\/p>\n<p><iframe loading=\"lazy\" src=\"https:\/\/www.youtube.com\/embed\/eZvceppO9lk\" width=\"560\" height=\"315\" frameborder=\"0\" allowfullscreen=\"allowfullscreen\"><\/iframe><\/p>\n","protected":false},"excerpt":{"rendered":"<p>T\u00fcrkiye LGBT\u0130 hareketinin en \u00f6nemli isimlerinden biri olan Boysan Yakar&#8217;\u0131n \u00f6nceki g\u00fcn trafik kazas\u0131nda arkada\u015f\u0131\u00a0Mert Ser\u00e7e ve ba\u015fka bir LGBT\u0130 aktivisti Zeli\u015f Deniz&#8217;le beraber hayat\u0131n\u0131 kaybetmesi b\u00fcy\u00fck \u00fcz\u00fcnt\u00fcye yol a\u00e7t\u0131. Boysan Yakar ve Zeli\u015f Deniz&#8217;in cenazesi bug\u00fcn (07.09.2015 Pazartesi) \u00f6\u011fle namaz\u0131nda \u0130stanbul \u015ei\u015fli Camii&#8217;nden son yolculu\u011funa u\u011furlan\u0131yor. Boysan Yakar ismi, sevgili annesi Sema Yakar&#8217;la daha &hellip;<\/p>\n","protected":false},"author":1,"featured_media":15954,"comment_status":"closed","ping_status":"open","sticky":false,"template":"","format":"standard","meta":{"footnotes":""},"categories":[91,96],"tags":[993,645,787],"class_list":["post-15953","post","type-post","status-publish","format-standard","has-post-thumbnail","","category-haberler","category-turkiye","tag-benim-cocugum","tag-boysan-yakar","tag-listag"],"_links":{"self":[{"href":"http:\/\/www.gzone.com.tr\/index.php\/wp-json\/wp\/v2\/posts\/15953","targetHints":{"allow":["GET"]}}],"collection":[{"href":"http:\/\/www.gzone.com.tr\/index.php\/wp-json\/wp\/v2\/posts"}],"about":[{"href":"http:\/\/www.gzone.com.tr\/index.php\/wp-json\/wp\/v2\/types\/post"}],"author":[{"embeddable":true,"href":"http:\/\/www.gzone.com.tr\/index.php\/wp-json\/wp\/v2\/users\/1"}],"replies":[{"embeddable":true,"href":"http:\/\/www.gzone.com.tr\/index.php\/wp-json\/wp\/v2\/comments?post=15953"}],"version-history":[{"count":0,"href":"http:\/\/www.gzone.com.tr\/index.php\/wp-json\/wp\/v2\/posts\/15953\/revisions"}],"wp:featuredmedia":[{"embeddable":true,"href":"http:\/\/www.gzone.com.tr\/index.php\/wp-json\/wp\/v2\/media\/15954"}],"wp:attachment":[{"href":"http:\/\/www.gzone.com.tr\/index.php\/wp-json\/wp\/v2\/media?parent=15953"}],"wp:term":[{"taxonomy":"category","embeddable":true,"href":"http:\/\/www.gzone.com.tr\/index.php\/wp-json\/wp\/v2\/categories?post=15953"},{"taxonomy":"post_tag","embeddable":true,"href":"http:\/\/www.gzone.com.tr\/index.php\/wp-json\/wp\/v2\/tags?post=15953"}],"curies":[{"name":"wp","href":"https:\/\/api.w.org\/{rel}","templated":true}]}}