{"id":15724,"date":"2015-09-02T11:55:41","date_gmt":"2015-09-02T09:55:41","guid":{"rendered":"http:\/\/gzone.com.tr\/?p=15724"},"modified":"2015-09-02T11:55:41","modified_gmt":"2015-09-02T09:55:41","slug":"seriat-mahkemesi-ingiliz-annenin-ogluna-el-koydu-escinsel-arkadaslari-var","status":"publish","type":"post","link":"http:\/\/www.gzone.com.tr\/index.php\/2015\/09\/02\/seriat-mahkemesi-ingiliz-annenin-ogluna-el-koydu-escinsel-arkadaslari-var\/","title":{"rendered":"\u015eER\u0130AT MAHKEMES\u0130 \u0130NG\u0130L\u0130Z ANNEN\u0130N O\u011eLUNA EL KOYDU: E\u015eC\u0130NSEL ARKADA\u015eLARI VAR"},"content":{"rendered":"<p><strong>\u015eeriat mahkemesi 47 ya\u015f\u0131ndaki \u0130ngiltere vatanda\u015f\u0131 anneden o\u011flunu ald\u0131. Sebepse kad\u0131n\u0131n &#8220;emzirememesi, e\u015fcinsel arkada\u015flar\u0131 olmas\u0131&#8221; ve &#8220;\u0130slami olmayan&#8221; bir \u015fekilde y\u0131lba\u015f\u0131 kutlamas\u0131.<\/strong><\/p>\n<p><em>Express<\/em>&#8216;in haberine g\u00f6re \u0130ngiltere vatanda\u015f\u0131 olan\u00a047 ya\u015f\u0131nda Afsana Lachaux, evlendikten sonra Dubai&#8217;ye ta\u015f\u0131nd\u0131. Burada e\u015fiyle ayr\u0131lan Lachaux&#8217;un \u00e7ocu\u011funun velayeti kendisine de\u011fil e\u015fine verildi.<\/p>\n<p>\u015eeriat mahkemesi sebep olarak Afsana&#8217;n\u0131n &#8220;emzirememesini&#8221;, &#8220;kimi arkada\u015flar\u0131n\u0131n e\u015fcinsel olmas\u0131n\u0131&#8221; ve &#8220;\u0130slami olmayan&#8221; bir \u015fekilde eski e\u015finin y\u0131lba\u015f\u0131n\u0131 kutlamas\u0131n\u0131 g\u00f6sterdi.<\/p>\n<p>\u0130ngiltereye d\u00f6nen Lachaux&#8217;un \u00e7ocu\u011funu 18 ya\u015f\u0131na gelene kadar g\u00f6remeyebilece\u011fi bildirilirken, kad\u0131n\u0131n &#8220;\u0130slami yasa&#8221; taraf\u0131ndan \u00e7ocu\u011funun \u00e7al\u0131nd\u0131\u011f\u0131n\u0131 d\u00fc\u015f\u00fcnd\u00fc\u011f\u00fcn\u00fc s\u00f6yleniyor.<\/p>\n<p>Kad\u0131n\u0131n eski e\u015finin kendisini emzirememesi sebebiyle ele\u015ftirdi\u011fi, evde internet kullan\u0131m\u0131 k\u0131s\u0131tlad\u0131\u011f\u0131 ve t\u00fcm paray\u0131 kontrol etti\u011fi bildiriliyor.<\/p>\n<p>Lachaux, eski e\u015finin \u0130slami \u00fclkelerde &#8220;erke\u011fin s\u00f6z\u00fc&#8221;n\u00fcn yasa oldu\u011funun kendisine s\u00fcrekli hat\u0131rlatt\u0131\u011f\u0131n\u0131 s\u00f6ylerken, eski e\u015finin kendisinden bu sebeple itaat bekledi\u011fini aktar\u0131yor.<\/p>\n<p>Kad\u0131n\u0131n \u00e7ocu\u011funu g\u00f6rmesinin tek yolunun Dubai&#8217;ye &#8220;erkek bir akrabas\u0131 ile&#8221; gitmek oldu\u011fu ve bu \u015fekilde yaln\u0131zca eski e\u015finin evini ziyaret edebilece\u011fi, ancak kad\u0131n\u0131n Dubai taraf\u0131ndan kendi \u00e7ocu\u011funu ka\u00e7\u0131rmakla su\u00e7land\u0131\u011f\u0131 ve bu sebeple bunu da yapamayaca\u011f\u0131 bildiriliyor.<\/p>\n","protected":false},"excerpt":{"rendered":"<p>\u015eeriat mahkemesi 47 ya\u015f\u0131ndaki \u0130ngiltere vatanda\u015f\u0131 anneden o\u011flunu ald\u0131. Sebepse kad\u0131n\u0131n &#8220;emzirememesi, e\u015fcinsel arkada\u015flar\u0131 olmas\u0131&#8221; ve &#8220;\u0130slami olmayan&#8221; bir \u015fekilde y\u0131lba\u015f\u0131 kutlamas\u0131. Express&#8216;in haberine g\u00f6re \u0130ngiltere vatanda\u015f\u0131 olan\u00a047 ya\u015f\u0131nda Afsana Lachaux, evlendikten sonra Dubai&#8217;ye ta\u015f\u0131nd\u0131. Burada e\u015fiyle ayr\u0131lan Lachaux&#8217;un \u00e7ocu\u011funun velayeti kendisine de\u011fil e\u015fine verildi. \u015eeriat mahkemesi sebep olarak Afsana&#8217;n\u0131n &#8220;emzirememesini&#8221;, &#8220;kimi arkada\u015flar\u0131n\u0131n e\u015fcinsel olmas\u0131n\u0131&#8221; &hellip;<\/p>\n","protected":false},"author":1,"featured_media":15725,"comment_status":"closed","ping_status":"open","sticky":false,"template":"","format":"standard","meta":{"footnotes":""},"categories":[92,91],"tags":[113,112,465,566,407],"class_list":["post-15724","post","type-post","status-publish","format-standard","has-post-thumbnail","","category-dunya","category-haberler","tag-dunya-2","tag-haberler-2","tag-homofobi","tag-ingiltere","tag-islam"],"_links":{"self":[{"href":"http:\/\/www.gzone.com.tr\/index.php\/wp-json\/wp\/v2\/posts\/15724","targetHints":{"allow":["GET"]}}],"collection":[{"href":"http:\/\/www.gzone.com.tr\/index.php\/wp-json\/wp\/v2\/posts"}],"about":[{"href":"http:\/\/www.gzone.com.tr\/index.php\/wp-json\/wp\/v2\/types\/post"}],"author":[{"embeddable":true,"href":"http:\/\/www.gzone.com.tr\/index.php\/wp-json\/wp\/v2\/users\/1"}],"replies":[{"embeddable":true,"href":"http:\/\/www.gzone.com.tr\/index.php\/wp-json\/wp\/v2\/comments?post=15724"}],"version-history":[{"count":0,"href":"http:\/\/www.gzone.com.tr\/index.php\/wp-json\/wp\/v2\/posts\/15724\/revisions"}],"wp:featuredmedia":[{"embeddable":true,"href":"http:\/\/www.gzone.com.tr\/index.php\/wp-json\/wp\/v2\/media\/15725"}],"wp:attachment":[{"href":"http:\/\/www.gzone.com.tr\/index.php\/wp-json\/wp\/v2\/media?parent=15724"}],"wp:term":[{"taxonomy":"category","embeddable":true,"href":"http:\/\/www.gzone.com.tr\/index.php\/wp-json\/wp\/v2\/categories?post=15724"},{"taxonomy":"post_tag","embeddable":true,"href":"http:\/\/www.gzone.com.tr\/index.php\/wp-json\/wp\/v2\/tags?post=15724"}],"curies":[{"name":"wp","href":"https:\/\/api.w.org\/{rel}","templated":true}]}}