{"id":15632,"date":"2015-08-30T14:17:59","date_gmt":"2015-08-30T12:17:59","guid":{"rendered":"http:\/\/gzone.com.tr\/?p=15632"},"modified":"2015-08-30T14:17:59","modified_gmt":"2015-08-30T12:17:59","slug":"yeni-iphonelar-09-eylulde-tanitiliyor","status":"publish","type":"post","link":"http:\/\/www.gzone.com.tr\/index.php\/2015\/08\/30\/yeni-iphonelar-09-eylulde-tanitiliyor\/","title":{"rendered":"YEN\u0130 IPHONE&#8217;LAR 09 EYL\u00dcL&#8217;DE TANITILIYOR"},"content":{"rendered":"<p>Apple\u2019\u0131n her y\u0131l Eyl\u00fcl ay\u0131nda d\u00fczenledi\u011fi iPhone etkinli\u011finin tarihi belli oldu. \u015eirketin, beklendi\u011fi gibi, 9 Eyl\u00fcl\u2019de d\u00fczenlenecek etkinlik i\u00e7in bas\u0131n mensuplar\u0131na\u00a0iletti\u011fi davetiyeler \u201c<em>Hey, Siri bize bir ip ucu ver<\/em>\u201d mesaj\u0131n\u0131 i\u00e7eriyor. Gelenek oldu\u011fu \u00fczere Apple, etkinli\u011fin i\u00e7eri\u011fiyle ilgili daha fazla detay vermiyor ancak Apple\u2019\u0131n \u015fimdiye kadar iPhone 6S ve iPhone 6S Plus olarak an\u0131lan yeni iPhone 6 serisini tan\u0131tmas\u0131 bekleniyor.<\/p>\n<p>Etkinli\u011fi bu y\u0131l ilk kez, San Francisco\u2019daki 7 bin ki\u015fi kapasiteli <em>Bill Graham Civic Auditorium<\/em>\u2018da d\u00fczenleyecek olan Apple\u2019\u0131n bu tip b\u00fcy\u00fck bir mekan se\u00e7mi\u015f olmas\u0131 beklentileri y\u00fckseltiyor. Yani Apple\u2019\u0131n etkinlikte yeniApple TV\u2018ye yer vermesi de olas\u0131. Zira bu y\u0131l ba\u015f\u0131ndan itibaren, Apple\u2019\u0131n\u00a0<strong>Netflix, Hulu, HBO Now<\/strong> ve\u00a0<strong>Showtime<\/strong> gibi mevcut i\u015f ortaklar\u0131yla yeni bir TV hizmeti sunabilece\u011fi haberleri gelmeye devam etti.<\/p>\n<p>iPhone 6S ile ilgili bug\u00fcne kadar farkl\u0131 haber kaynaklar\u0131n\u0131n iletti\u011fi tutarl\u0131 duyumlar aras\u0131nda yeni cihazlar\u0131n Pembe renk se\u00e7ene\u011fiyle gelece\u011fi de vard\u0131. Ancak 9to5Mac\u2019in d\u00fcn yani 27 A\u011fustos tarihinde yay\u0131nlad\u0131\u011f\u0131 duyumlara g\u00f6re cihazlara eklenen renk se\u00e7ene\u011fi Apple Watch Edition\u2019daki gibi Pembe Alt\u0131n (<em>Rose Gold<\/em>). Bunun d\u0131\u015f\u0131nda yeni iPhone\u2019da yeni MacBook\u2019taki gibi Force Touch display \u00f6zelli\u011fi olmas\u0131 ancak \u00f6zelli\u011fin yeni fonksiyonlardan ziyade, iOS uygulamalar\u0131 i\u00e7in k\u0131sa yollar getirmesi bekleniyor. Apple\u2019\u0131n yeni iPhone serisinin \u00f6n y\u00fcz\u00fcn\u00fcn safir kristal olmayaca\u011f\u0131 ve 4K \u00e7\u00f6z\u00fcn\u00fcrl\u00fckte video \u00e7ekimini destekleyece\u011fi de yine etkinlik \u00f6ncesi gelen duyumlar aras\u0131nda. iPhone 6S\u2019in tasar\u0131m a\u00e7\u0131s\u0131ndan iPhone 6 \u00e7izgisinden ayr\u0131lmas\u0131 beklenmiyor.<\/p>\n<p>Cihaz\u0131n kamera ve i\u015flemcisinde iyile\u015ftirmeler yapmas\u0131 beklenen Apple\u2019\u0131n bu y\u0131l iPhone 5c serisinin devam\u0131 niteli\u011finde iPhone 6c\u2019yi tan\u0131taca\u011f\u0131 da yine\u00a0kulislerde konu\u015fulmu\u015ftu. Apple\u2019\u0131n 4 inch\u2019lik bu tip bir cihaz \u00fczerinde \u00e7al\u0131\u015ft\u0131\u011f\u0131 belirtilse de iPhone 6c\u2019nin 9 Eyl\u00fcl etkinli\u011fine kadar haz\u0131r olmas\u0131 beklenmiyor. Buna kar\u015f\u0131n iPhone 6S ve iPhone 6S Plus\u2019\u0131n tan\u0131t\u0131lmas\u0131yla Apple\u2019\u0131n iPhone 5c serisinin \u00fcretimini durdurmas\u0131 bekleniyor.<\/p>\n<p><strong><em>Kaynak: WebRazzi<\/em><\/strong><\/p>\n","protected":false},"excerpt":{"rendered":"<p>Apple\u2019\u0131n her y\u0131l Eyl\u00fcl ay\u0131nda d\u00fczenledi\u011fi iPhone etkinli\u011finin tarihi belli oldu. \u015eirketin, beklendi\u011fi gibi, 9 Eyl\u00fcl\u2019de d\u00fczenlenecek etkinlik i\u00e7in bas\u0131n mensuplar\u0131na\u00a0iletti\u011fi davetiyeler \u201cHey, Siri bize bir ip ucu ver\u201d mesaj\u0131n\u0131 i\u00e7eriyor. Gelenek oldu\u011fu \u00fczere Apple, etkinli\u011fin i\u00e7eri\u011fiyle ilgili daha fazla detay vermiyor ancak Apple\u2019\u0131n \u015fimdiye kadar iPhone 6S ve iPhone 6S Plus olarak an\u0131lan yeni &hellip;<\/p>\n","protected":false},"author":1,"featured_media":15633,"comment_status":"closed","ping_status":"open","sticky":false,"template":"","format":"standard","meta":{"footnotes":""},"categories":[98],"tags":[231,434,172],"class_list":["post-15632","post","type-post","status-publish","format-standard","has-post-thumbnail","","category-teknoloji","tag-apple","tag-iphone","tag-teknoloji-2"],"_links":{"self":[{"href":"http:\/\/www.gzone.com.tr\/index.php\/wp-json\/wp\/v2\/posts\/15632","targetHints":{"allow":["GET"]}}],"collection":[{"href":"http:\/\/www.gzone.com.tr\/index.php\/wp-json\/wp\/v2\/posts"}],"about":[{"href":"http:\/\/www.gzone.com.tr\/index.php\/wp-json\/wp\/v2\/types\/post"}],"author":[{"embeddable":true,"href":"http:\/\/www.gzone.com.tr\/index.php\/wp-json\/wp\/v2\/users\/1"}],"replies":[{"embeddable":true,"href":"http:\/\/www.gzone.com.tr\/index.php\/wp-json\/wp\/v2\/comments?post=15632"}],"version-history":[{"count":0,"href":"http:\/\/www.gzone.com.tr\/index.php\/wp-json\/wp\/v2\/posts\/15632\/revisions"}],"wp:featuredmedia":[{"embeddable":true,"href":"http:\/\/www.gzone.com.tr\/index.php\/wp-json\/wp\/v2\/media\/15633"}],"wp:attachment":[{"href":"http:\/\/www.gzone.com.tr\/index.php\/wp-json\/wp\/v2\/media?parent=15632"}],"wp:term":[{"taxonomy":"category","embeddable":true,"href":"http:\/\/www.gzone.com.tr\/index.php\/wp-json\/wp\/v2\/categories?post=15632"},{"taxonomy":"post_tag","embeddable":true,"href":"http:\/\/www.gzone.com.tr\/index.php\/wp-json\/wp\/v2\/tags?post=15632"}],"curies":[{"name":"wp","href":"https:\/\/api.w.org\/{rel}","templated":true}]}}