{"id":15306,"date":"2015-08-24T11:41:42","date_gmt":"2015-08-24T09:41:42","guid":{"rendered":"http:\/\/gzone.com.tr\/?p=15306"},"modified":"2015-08-24T11:41:42","modified_gmt":"2015-08-24T09:41:42","slug":"kadir-dogulunun-kosem-sultan-imaji-ortaya-cikti","status":"publish","type":"post","link":"http:\/\/www.gzone.com.tr\/index.php\/2015\/08\/24\/kadir-dogulunun-kosem-sultan-imaji-ortaya-cikti\/","title":{"rendered":"KAD\u0130R DO\u011eULU&#8217;NUN K\u00d6SEM SULTAN \u0130MAJI ORTAYA \u00c7IKTI"},"content":{"rendered":"<p>Kadir Do\u011fulu Muhte\u015fem Y\u00fczy\u0131l K\u00f6sem Sultan&#8217;\u0131n ekibine kat\u0131ld\u0131. Do\u011fulu\u00a0Star TV&#8217;de ekim ay\u0131nda ba\u015flayacak olan dizinin setinden ilk g\u00f6r\u00fcnt\u00fcs\u00fcn\u00fc payla\u015ft\u0131. Yeni imaj\u0131 \u00e7ok be\u011fenilen oyuncunun payla\u015ft\u0131\u011f\u0131 foto\u011frafta bir ayr\u0131nt\u0131 dikkat \u00e7ekti. Do\u011fulu gen\u00e7 K\u00f6sem&#8217;i canland\u0131ran 17 ya\u015f\u0131ndaki Yunan oyuncunun g\u00f6r\u00fcnt\u00fcs\u00fcn\u00fc saklad\u0131.<\/p>\n<p>&nbsp;<\/p>\n","protected":false},"excerpt":{"rendered":"<p>Kadir Do\u011fulu Muhte\u015fem Y\u00fczy\u0131l K\u00f6sem Sultan&#8217;\u0131n ekibine kat\u0131ld\u0131. Do\u011fulu\u00a0Star TV&#8217;de ekim ay\u0131nda ba\u015flayacak olan dizinin setinden ilk g\u00f6r\u00fcnt\u00fcs\u00fcn\u00fc payla\u015ft\u0131. Yeni imaj\u0131 \u00e7ok be\u011fenilen oyuncunun payla\u015ft\u0131\u011f\u0131 foto\u011frafta bir ayr\u0131nt\u0131 dikkat \u00e7ekti. Do\u011fulu gen\u00e7 K\u00f6sem&#8217;i canland\u0131ran 17 ya\u015f\u0131ndaki Yunan oyuncunun g\u00f6r\u00fcnt\u00fcs\u00fcn\u00fc saklad\u0131. &nbsp;<\/p>\n","protected":false},"author":1,"featured_media":15307,"comment_status":"closed","ping_status":"open","sticky":false,"template":"","format":"standard","meta":{"footnotes":""},"categories":[28,61],"tags":[592,2503,2206,2205,132],"class_list":["post-15306","post","type-post","status-publish","format-standard","has-post-thumbnail","","category-pop","category-sinematv","tag-dizi","tag-kadir-dogulu","tag-kosem-sultan","tag-muhtesem-yuzyil","tag-tv"],"_links":{"self":[{"href":"http:\/\/www.gzone.com.tr\/index.php\/wp-json\/wp\/v2\/posts\/15306","targetHints":{"allow":["GET"]}}],"collection":[{"href":"http:\/\/www.gzone.com.tr\/index.php\/wp-json\/wp\/v2\/posts"}],"about":[{"href":"http:\/\/www.gzone.com.tr\/index.php\/wp-json\/wp\/v2\/types\/post"}],"author":[{"embeddable":true,"href":"http:\/\/www.gzone.com.tr\/index.php\/wp-json\/wp\/v2\/users\/1"}],"replies":[{"embeddable":true,"href":"http:\/\/www.gzone.com.tr\/index.php\/wp-json\/wp\/v2\/comments?post=15306"}],"version-history":[{"count":0,"href":"http:\/\/www.gzone.com.tr\/index.php\/wp-json\/wp\/v2\/posts\/15306\/revisions"}],"wp:featuredmedia":[{"embeddable":true,"href":"http:\/\/www.gzone.com.tr\/index.php\/wp-json\/wp\/v2\/media\/15307"}],"wp:attachment":[{"href":"http:\/\/www.gzone.com.tr\/index.php\/wp-json\/wp\/v2\/media?parent=15306"}],"wp:term":[{"taxonomy":"category","embeddable":true,"href":"http:\/\/www.gzone.com.tr\/index.php\/wp-json\/wp\/v2\/categories?post=15306"},{"taxonomy":"post_tag","embeddable":true,"href":"http:\/\/www.gzone.com.tr\/index.php\/wp-json\/wp\/v2\/tags?post=15306"}],"curies":[{"name":"wp","href":"https:\/\/api.w.org\/{rel}","templated":true}]}}