{"id":15249,"date":"2015-08-22T12:47:01","date_gmt":"2015-08-22T10:47:01","guid":{"rendered":"http:\/\/gzone.com.tr\/?p=15249"},"modified":"2015-08-22T12:47:01","modified_gmt":"2015-08-22T10:47:01","slug":"arrowun-yildizi-stephen-amell-summerslam-dovuslerine-katildi","status":"publish","type":"post","link":"http:\/\/www.gzone.com.tr\/index.php\/2015\/08\/22\/arrowun-yildizi-stephen-amell-summerslam-dovuslerine-katildi\/","title":{"rendered":"ARROW&#8217;UN YILDIZI STEPHEN AMELL SUMMERSLAM D\u00d6V\u00dc\u015eLER\u0130NE KATILDI"},"content":{"rendered":"<p>ABD&#8217;nin en b\u00fcy\u00fck yaz e\u011flencelerinden SummerSlam d\u00f6v\u00fc\u015fleri ge\u00e7ti\u011fimiz ak\u015fam ger\u00e7ekle\u015fti. Her y\u0131l Amerikan halk\u0131n\u0131 TV ba\u015f\u0131na yap\u0131\u015ft\u0131ran d\u00f6v\u00fc\u015flere bu sene Arrow&#8217;un y\u0131ld\u0131z\u0131 Stephen Amell&#8217;de kat\u0131ld\u0131. Arrow rol\u00fcyle konuk olarak kat\u0131ld\u0131\u011f\u0131 d\u00f6v\u00fc\u015flerde bir d\u00f6v\u00fc\u015f\u00e7\u00fcy\u00fc fena pataklayan Amell bug\u00fcn\u00fcn sosyal medya fenomeni oldu.<\/p>\n<p><iframe loading=\"lazy\" width=\"200\" height=\"113\" src=\"https:\/\/www.youtube.com\/embed\/Uz1KXqGbW6s?feature=oembed\" frameborder=\"0\" allowfullscreen><\/iframe><\/p>\n","protected":false},"excerpt":{"rendered":"<p>ABD&#8217;nin en b\u00fcy\u00fck yaz e\u011flencelerinden SummerSlam d\u00f6v\u00fc\u015fleri ge\u00e7ti\u011fimiz ak\u015fam ger\u00e7ekle\u015fti. Her y\u0131l Amerikan halk\u0131n\u0131 TV ba\u015f\u0131na yap\u0131\u015ft\u0131ran d\u00f6v\u00fc\u015flere bu sene Arrow&#8217;un y\u0131ld\u0131z\u0131 Stephen Amell&#8217;de kat\u0131ld\u0131. Arrow rol\u00fcyle konuk olarak kat\u0131ld\u0131\u011f\u0131 d\u00f6v\u00fc\u015flerde bir d\u00f6v\u00fc\u015f\u00e7\u00fcy\u00fc fena pataklayan Amell bug\u00fcn\u00fcn sosyal medya fenomeni oldu.<\/p>\n","protected":false},"author":1,"featured_media":15250,"comment_status":"closed","ping_status":"open","sticky":false,"template":"","format":"standard","meta":{"footnotes":""},"categories":[28,61],"tags":[1700,592,218,2573,132],"class_list":["post-15249","post","type-post","status-publish","format-standard","has-post-thumbnail","","category-pop","category-sinematv","tag-arrow","tag-dizi","tag-erkekler","tag-stephen-amell","tag-tv"],"_links":{"self":[{"href":"http:\/\/www.gzone.com.tr\/index.php\/wp-json\/wp\/v2\/posts\/15249","targetHints":{"allow":["GET"]}}],"collection":[{"href":"http:\/\/www.gzone.com.tr\/index.php\/wp-json\/wp\/v2\/posts"}],"about":[{"href":"http:\/\/www.gzone.com.tr\/index.php\/wp-json\/wp\/v2\/types\/post"}],"author":[{"embeddable":true,"href":"http:\/\/www.gzone.com.tr\/index.php\/wp-json\/wp\/v2\/users\/1"}],"replies":[{"embeddable":true,"href":"http:\/\/www.gzone.com.tr\/index.php\/wp-json\/wp\/v2\/comments?post=15249"}],"version-history":[{"count":0,"href":"http:\/\/www.gzone.com.tr\/index.php\/wp-json\/wp\/v2\/posts\/15249\/revisions"}],"wp:featuredmedia":[{"embeddable":true,"href":"http:\/\/www.gzone.com.tr\/index.php\/wp-json\/wp\/v2\/media\/15250"}],"wp:attachment":[{"href":"http:\/\/www.gzone.com.tr\/index.php\/wp-json\/wp\/v2\/media?parent=15249"}],"wp:term":[{"taxonomy":"category","embeddable":true,"href":"http:\/\/www.gzone.com.tr\/index.php\/wp-json\/wp\/v2\/categories?post=15249"},{"taxonomy":"post_tag","embeddable":true,"href":"http:\/\/www.gzone.com.tr\/index.php\/wp-json\/wp\/v2\/tags?post=15249"}],"curies":[{"name":"wp","href":"https:\/\/api.w.org\/{rel}","templated":true}]}}