{"id":14926,"date":"2015-08-14T13:07:27","date_gmt":"2015-08-14T11:07:27","guid":{"rendered":"http:\/\/gzone.com.tr\/?p=14926"},"modified":"2015-08-14T13:07:27","modified_gmt":"2015-08-14T11:07:27","slug":"ask-tesadufleri-severin-devam-filminin-cekimleri-basliyor","status":"publish","type":"post","link":"http:\/\/www.gzone.com.tr\/index.php\/2015\/08\/14\/ask-tesadufleri-severin-devam-filminin-cekimleri-basliyor\/","title":{"rendered":"&#8221;A\u015eK TESAD\u00dcFLER\u0130 SEVER&#8221;\u0130N DEVAM F\u0130LM\u0130N\u0130N \u00c7EK\u0130MLER\u0130 BA\u015eLIYOR"},"content":{"rendered":"<p><strong>Ba\u015frollerini Bel\u00e7im Bilgin Erdo\u011fan ve Mehmet G\u00fcns\u00fcr&#8217;\u00fcn payla\u015ft\u0131\u011f\u0131 A\u015fk Tesad\u00fcfleri Sever&#8217;in devam filmi geliyor.<\/strong><\/p>\n<p>Devam filmi i\u00e7in haz\u0131rl\u0131klar\u0131n ba\u015flad\u0131\u011f\u0131 m\u00fcjdesi, B\u00f6cek Yap\u0131m\u2019\u0131n sosyalmedya hesab\u0131ndan payla\u015f\u0131lan \u201cA\u015fk Tesad\u00fcfleri Sever 2 Faruk Sorak y\u00f6netmenli\u011finde yak\u0131nda sizlerle! Takipte kal\u0131n\u2026\u201d notuyla verildi. Filmin tamamlanm\u0131\u015f senaryosunun foto\u011fraf\u0131 da payla\u015f\u0131ld\u0131.<\/p>\n<p>&nbsp;<\/p>\n<blockquote class=\"twitter-tweet\" lang=\"tr\">\n<p dir=\"ltr\" lang=\"tr\">A\u015fk Tesad\u00fcfleri Sever 2 <a href=\"https:\/\/twitter.com\/FarukSorak\">@faruksorak<\/a> y\u00f6netmenli\u011finde yak\u0131nda sizlerle! Takipte kal\u0131n\u2026 <a href=\"https:\/\/twitter.com\/ipeksorak\">@ipeksorak<\/a><a href=\"https:\/\/twitter.com\/NuranEvrenSit\">@NuranEvrenSit<\/a><a href=\"http:\/\/t.co\/x009uyX3lS\">pic.twitter.com\/x009uyX3lS<\/a><\/p>\n<p>\u2014 B\u00f6cek Film (@BocekFilm) <a href=\"https:\/\/twitter.com\/BocekFilm\/status\/628975528402223104\">5 A\u011fustos 2015<\/a><\/p><\/blockquote>\n<p>&nbsp;<\/p>\n<p>2011 y\u0131l\u0131nda vizyona giren ilk film, \u00e7ocukluklar\u0131 ve gen\u00e7liklerinde yollar\u0131 Ankara &#8216;da kesi\u015fen ve 2010 y\u0131l\u0131nda \u0130stanbul&#8217;da tekrar kar\u015f\u0131la\u015fan \u00d6zg\u00fcr ve Deniz&#8217;in, kendilerini engellerle dolu bir a\u015fk maceras\u0131 i\u00e7inde bulduklar\u0131 hayatlar\u0131na odaklan\u0131yordu.<\/p>\n<p>Bel\u00e7im Bilgin Erdo\u011fan\u2019\u0131n \u00f6l\u00fcm\u00fcyle sona eren A\u015fk Tesad\u00fcfleri Sever\u2019in oyuncu kadrosunda kimlerin yer alaca\u011f\u0131 hen\u00fcz a\u00e7\u0131klanmad\u0131.<\/p>\n<p>&nbsp;<\/p>\n<p><script src=\"\/\/platform.twitter.com\/widgets.js\" async=\"\" charset=\"utf-8\"><\/script><\/p>\n","protected":false},"excerpt":{"rendered":"<p>Ba\u015frollerini Bel\u00e7im Bilgin Erdo\u011fan ve Mehmet G\u00fcns\u00fcr&#8217;\u00fcn payla\u015ft\u0131\u011f\u0131 A\u015fk Tesad\u00fcfleri Sever&#8217;in devam filmi geliyor. Devam filmi i\u00e7in haz\u0131rl\u0131klar\u0131n ba\u015flad\u0131\u011f\u0131 m\u00fcjdesi, B\u00f6cek Yap\u0131m\u2019\u0131n sosyalmedya hesab\u0131ndan payla\u015f\u0131lan \u201cA\u015fk Tesad\u00fcfleri Sever 2 Faruk Sorak y\u00f6netmenli\u011finde yak\u0131nda sizlerle! Takipte kal\u0131n\u2026\u201d notuyla verildi. Filmin tamamlanm\u0131\u015f senaryosunun foto\u011fraf\u0131 da payla\u015f\u0131ld\u0131. &nbsp; A\u015fk Tesad\u00fcfleri Sever 2 @faruksorak y\u00f6netmenli\u011finde yak\u0131nda sizlerle! Takipte kal\u0131n\u2026 &hellip;<\/p>\n","protected":false},"author":1,"featured_media":14928,"comment_status":"closed","ping_status":"open","sticky":false,"template":"","format":"standard","meta":{"footnotes":""},"categories":[28,61],"tags":[2506,195],"class_list":["post-14926","post","type-post","status-publish","format-standard","has-post-thumbnail","","category-pop","category-sinematv","tag-ask-tesadufleri-sever","tag-sinema"],"_links":{"self":[{"href":"http:\/\/www.gzone.com.tr\/index.php\/wp-json\/wp\/v2\/posts\/14926","targetHints":{"allow":["GET"]}}],"collection":[{"href":"http:\/\/www.gzone.com.tr\/index.php\/wp-json\/wp\/v2\/posts"}],"about":[{"href":"http:\/\/www.gzone.com.tr\/index.php\/wp-json\/wp\/v2\/types\/post"}],"author":[{"embeddable":true,"href":"http:\/\/www.gzone.com.tr\/index.php\/wp-json\/wp\/v2\/users\/1"}],"replies":[{"embeddable":true,"href":"http:\/\/www.gzone.com.tr\/index.php\/wp-json\/wp\/v2\/comments?post=14926"}],"version-history":[{"count":0,"href":"http:\/\/www.gzone.com.tr\/index.php\/wp-json\/wp\/v2\/posts\/14926\/revisions"}],"wp:featuredmedia":[{"embeddable":true,"href":"http:\/\/www.gzone.com.tr\/index.php\/wp-json\/wp\/v2\/media\/14928"}],"wp:attachment":[{"href":"http:\/\/www.gzone.com.tr\/index.php\/wp-json\/wp\/v2\/media?parent=14926"}],"wp:term":[{"taxonomy":"category","embeddable":true,"href":"http:\/\/www.gzone.com.tr\/index.php\/wp-json\/wp\/v2\/categories?post=14926"},{"taxonomy":"post_tag","embeddable":true,"href":"http:\/\/www.gzone.com.tr\/index.php\/wp-json\/wp\/v2\/tags?post=14926"}],"curies":[{"name":"wp","href":"https:\/\/api.w.org\/{rel}","templated":true}]}}