{"id":1492,"date":"2014-09-03T10:40:16","date_gmt":"2014-09-03T10:40:16","guid":{"rendered":"http:\/\/gzone.com.tr\/?p=1492"},"modified":"2014-11-03T21:42:11","modified_gmt":"2014-11-03T21:42:11","slug":"teknoloji-meraklilarina-duyuru","status":"publish","type":"post","link":"http:\/\/www.gzone.com.tr\/index.php\/2014\/09\/03\/teknoloji-meraklilarina-duyuru\/","title":{"rendered":"TEKNOLOJ\u0130 MERAKLILARINA DUYURU"},"content":{"rendered":"<p>Teknolojiye merakl\u0131 olan ve yenilikleri d\u00f6rt g\u00f6zle bekleyen herkesin bekledi\u011fi Apple tan\u0131t\u0131m etkinli\u011fi 9 Eyl\u00fcl\u2019de ger\u00e7ekle\u015fecek. Bu etkinlikte, iPhone 6 ve bir\u00e7ok Apple \u00fcr\u00fcn\u00fc hakk\u0131nda her \u015fey netlik kazanacak.<\/p>\n<p>Teknoloji d\u00fcnyas\u0131, bu \u00fcr\u00fcnler aras\u0131nda iPhone ve iPad ile senkronize \u00e7al\u0131\u015facak ak\u0131ll\u0131 kol saati iWatch\u2019nda yer alaca\u011f\u0131n\u0131 konu\u015fuyor.<\/p>\n<p>Recode&#8217;un yapm\u0131\u015f oldu\u011fu habere g\u00f6re, Apple 9 Eyl\u00fcl&#8217;de birden fazla giyilebilir model tan\u0131tacak. Tahminen bunlar iWatch&#8217;un farkl\u0131 modelleri olacakt\u0131r.<\/p>\n<p>Bu modellerin fiyat\u0131 hakk\u0131nda ise en pahal\u0131s\u0131n\u0131n 400 dolarl\u0131k Apple iWatch olaca\u011f\u0131 iddialar aras\u0131nda.Bununla birlikte Apple&#8217;\u0131n ka\u00e7 tane iWatch modeli \u00e7\u0131karaca\u011f\u0131 ve en d\u00fc\u015f\u00fck fiyata sahip iWatch&#8217;un ne kadar olaca\u011f\u0131 hakk\u0131nda ise \u015fu an i\u00e7in bir bilgi yok. ABD&#8217;de iWatch&#8217;un 400 dolara sat\u0131\u015fa \u00e7\u0131kmas\u0131, \u00fclkemizde 1250 TL civar\u0131nda sat\u0131\u015fa \u00e7\u0131kaca\u011f\u0131 anlam\u0131na geliyor.<\/p>\n","protected":false},"excerpt":{"rendered":"<p>Teknolojiye merakl\u0131 olan ve yenilikleri d\u00f6rt g\u00f6zle bekleyen herkesin bekledi\u011fi Apple tan\u0131t\u0131m etkinli\u011fi 9 Eyl\u00fcl\u2019de ger\u00e7ekle\u015fecek. Bu etkinlikte, iPhone 6 ve bir\u00e7ok Apple \u00fcr\u00fcn\u00fc hakk\u0131nda her \u015fey netlik kazanacak. Teknoloji d\u00fcnyas\u0131, bu \u00fcr\u00fcnler aras\u0131nda iPhone ve iPad ile senkronize \u00e7al\u0131\u015facak ak\u0131ll\u0131 kol saati iWatch\u2019nda yer alaca\u011f\u0131n\u0131 konu\u015fuyor. Recode&#8217;un yapm\u0131\u015f oldu\u011fu habere g\u00f6re, Apple 9 Eyl\u00fcl&#8217;de &hellip;<\/p>\n","protected":false},"author":1,"featured_media":4339,"comment_status":"open","ping_status":"open","sticky":false,"template":"","format":"standard","meta":{"footnotes":""},"categories":[98],"tags":[233,232,231,175,204,234,197,172],"class_list":["post-1492","post","type-post","status-publish","format-standard","has-post-thumbnail","","category-teknoloji","tag-akilli-kol-saati","tag-aksesuar","tag-apple","tag-fashion","tag-gzone","tag-magazine","tag-saat","tag-teknoloji-2"],"_links":{"self":[{"href":"http:\/\/www.gzone.com.tr\/index.php\/wp-json\/wp\/v2\/posts\/1492","targetHints":{"allow":["GET"]}}],"collection":[{"href":"http:\/\/www.gzone.com.tr\/index.php\/wp-json\/wp\/v2\/posts"}],"about":[{"href":"http:\/\/www.gzone.com.tr\/index.php\/wp-json\/wp\/v2\/types\/post"}],"author":[{"embeddable":true,"href":"http:\/\/www.gzone.com.tr\/index.php\/wp-json\/wp\/v2\/users\/1"}],"replies":[{"embeddable":true,"href":"http:\/\/www.gzone.com.tr\/index.php\/wp-json\/wp\/v2\/comments?post=1492"}],"version-history":[{"count":0,"href":"http:\/\/www.gzone.com.tr\/index.php\/wp-json\/wp\/v2\/posts\/1492\/revisions"}],"wp:featuredmedia":[{"embeddable":true,"href":"http:\/\/www.gzone.com.tr\/index.php\/wp-json\/wp\/v2\/media\/4339"}],"wp:attachment":[{"href":"http:\/\/www.gzone.com.tr\/index.php\/wp-json\/wp\/v2\/media?parent=1492"}],"wp:term":[{"taxonomy":"category","embeddable":true,"href":"http:\/\/www.gzone.com.tr\/index.php\/wp-json\/wp\/v2\/categories?post=1492"},{"taxonomy":"post_tag","embeddable":true,"href":"http:\/\/www.gzone.com.tr\/index.php\/wp-json\/wp\/v2\/tags?post=1492"}],"curies":[{"name":"wp","href":"https:\/\/api.w.org\/{rel}","templated":true}]}}