{"id":1472,"date":"2014-09-03T08:40:17","date_gmt":"2014-09-03T08:40:17","guid":{"rendered":"http:\/\/gzone.com.tr\/?p=1472"},"modified":"2014-11-03T21:36:15","modified_gmt":"2014-11-03T21:36:15","slug":"birinci-bahamalar-gay-pride-yuruyusune-sifir-katilimci","status":"publish","type":"post","link":"http:\/\/www.gzone.com.tr\/index.php\/2014\/09\/03\/birinci-bahamalar-gay-pride-yuruyusune-sifir-katilimci\/","title":{"rendered":"B\u0130R\u0130NC\u0130 BAHAMALAR ONUR Y\u00dcR\u00dcY\u00dc\u015e\u00dcNE 0 KATILIMCI"},"content":{"rendered":"<p style=\"text-align: left;\">Bahamalar\u2019da ger\u00e7ekle\u015fen ilk onur y\u00fcr\u00fcy\u00fc\u015f\u00fc, organizat\u00f6r\u00fcn \u00f6l\u00fcm tehditleri almaya ba\u015flamas\u0131ndan dolay\u0131 k\u0131sa s\u00fcrd\u00fc.<\/p>\n<p style=\"text-align: left;\">\u00a0Y\u00fcr\u00fcy\u00fc\u015f, 28 A\u011fustos Per\u015fembe g\u00fcn\u00fc ba\u015flad\u0131 ve sal\u0131 g\u00fcn\u00fcne kadar s\u00fcrd\u00fc\u011f\u00fc s\u00f6ylenildi.<\/p>\n<p style=\"text-align: left;\">\u00a0The Nassau Guardian\u2019\u0131n haberine gore, Organizat\u00f6r Victor Rollins\u2019in d\u00fczenledi\u011fi bu organizasyona organizat\u00f6rlerin d\u0131\u015f\u0131nda 11 ki\u015fi kat\u0131ld\u0131.<\/p>\n<p style=\"text-align: left;\">\u00a0Organizasyona yerel e\u015fcinsel toplumdan onur i\u00e7in dahi olsa kat\u0131lan hi\u00e7 kimse olmad\u0131.<\/p>\n<p style=\"text-align: left;\">Victor Rollins \u201c \u00d6l\u00fcm tehditlerinden dolay\u0131 herkes korktu.\u201d dedi.<\/p>\n<p style=\"text-align: left;\">Rollins, olay kar\u015f\u0131s\u0131nda korkmu\u015f insanlar\u0131n \u201cbu organizasyona izin verildi\u011fi i\u00e7in Bahamadakiler Allah taraf\u0131ndan yarg\u0131lanacak\u201d diye ortaya \u00e7e\u015fitli iddialar att\u0131klar\u0131n\u0131 s\u00f6yledi.<\/p>\n<p style=\"text-align: left;\">Bunun \u00fczerine, Papaz Dr. Myles Munroe olay\u0131 protesto eden ve yurtta\u015fl\u0131k haklar\u0131 hareketine kar\u015f\u0131 bir sald\u0131r\u0131 oldu\u011funu belirten organizat\u00f6rleri su\u00e7lay\u0131c\u0131 6 sayfal\u0131k \u00a0bir bildiri yay\u0131nlam\u0131\u015ft\u0131r. Papaz, Bahamadakilerin % 90 \u0131n\u0131n olay\u0131n kabul edilemez oldu\u011funu, manevi de\u011fer ve y\u00fck\u00fcml\u00fcl\u00fcklerin ihlal edildi\u011fini d\u00fc\u015f\u00fcnd\u00fcklerini s\u00f6yledi.<\/p>\n<p style=\"text-align: left;\">Rollins, Pride y\u00fcr\u00fcy\u00fc\u015f\u00fcne kat\u0131lan ve Bahama bayra\u011f\u0131 ta\u015f\u0131yan kat\u0131l\u0131mc\u0131lar\u0131n foto\u011fraflar\u0131n\u0131 Facebook \u00fczerinden yay\u0131nlad\u0131ktan sonra, \u00f6l\u00fcm tehditleri ald\u0131\u011f\u0131n\u0131 s\u00f6yledi.<\/p>\n<p style=\"text-align: left;\">Pride y\u00fcr\u00fcy\u00fc\u015f\u00fc son bulmasayd\u0131 e\u011fer, bir plaj partisi, pijama partisi, tekne gezisi ve iki ge\u00e7it t\u00f6reniyle devam edece\u011fi belirtildi.<\/p>\n","protected":false},"excerpt":{"rendered":"<p>Bahamalar\u2019da ger\u00e7ekle\u015fen ilk onur y\u00fcr\u00fcy\u00fc\u015f\u00fc, organizat\u00f6r\u00fcn \u00f6l\u00fcm tehditleri almaya ba\u015flamas\u0131ndan dolay\u0131 k\u0131sa s\u00fcrd\u00fc. \u00a0Y\u00fcr\u00fcy\u00fc\u015f, 28 A\u011fustos Per\u015fembe g\u00fcn\u00fc ba\u015flad\u0131 ve sal\u0131 g\u00fcn\u00fcne kadar s\u00fcrd\u00fc\u011f\u00fc s\u00f6ylenildi. \u00a0The Nassau Guardian\u2019\u0131n haberine gore, Organizat\u00f6r Victor Rollins\u2019in d\u00fczenledi\u011fi bu organizasyona organizat\u00f6rlerin d\u0131\u015f\u0131nda 11 ki\u015fi kat\u0131ld\u0131. \u00a0Organizasyona yerel e\u015fcinsel toplumdan onur i\u00e7in dahi olsa kat\u0131lan hi\u00e7 kimse olmad\u0131. Victor Rollins &hellip;<\/p>\n","protected":false},"author":1,"featured_media":4337,"comment_status":"open","ping_status":"open","sticky":false,"template":"","format":"standard","meta":{"footnotes":""},"categories":[92,91],"tags":[222,113,152,112,221],"class_list":["post-1472","post","type-post","status-publish","format-standard","has-post-thumbnail","","category-dunya","category-haberler","tag-bahamalar","tag-dunya-2","tag-gay","tag-haberler-2","tag-pride"],"_links":{"self":[{"href":"http:\/\/www.gzone.com.tr\/index.php\/wp-json\/wp\/v2\/posts\/1472","targetHints":{"allow":["GET"]}}],"collection":[{"href":"http:\/\/www.gzone.com.tr\/index.php\/wp-json\/wp\/v2\/posts"}],"about":[{"href":"http:\/\/www.gzone.com.tr\/index.php\/wp-json\/wp\/v2\/types\/post"}],"author":[{"embeddable":true,"href":"http:\/\/www.gzone.com.tr\/index.php\/wp-json\/wp\/v2\/users\/1"}],"replies":[{"embeddable":true,"href":"http:\/\/www.gzone.com.tr\/index.php\/wp-json\/wp\/v2\/comments?post=1472"}],"version-history":[{"count":0,"href":"http:\/\/www.gzone.com.tr\/index.php\/wp-json\/wp\/v2\/posts\/1472\/revisions"}],"wp:featuredmedia":[{"embeddable":true,"href":"http:\/\/www.gzone.com.tr\/index.php\/wp-json\/wp\/v2\/media\/4337"}],"wp:attachment":[{"href":"http:\/\/www.gzone.com.tr\/index.php\/wp-json\/wp\/v2\/media?parent=1472"}],"wp:term":[{"taxonomy":"category","embeddable":true,"href":"http:\/\/www.gzone.com.tr\/index.php\/wp-json\/wp\/v2\/categories?post=1472"},{"taxonomy":"post_tag","embeddable":true,"href":"http:\/\/www.gzone.com.tr\/index.php\/wp-json\/wp\/v2\/tags?post=1472"}],"curies":[{"name":"wp","href":"https:\/\/api.w.org\/{rel}","templated":true}]}}