{"id":14505,"date":"2015-08-03T12:06:04","date_gmt":"2015-08-03T10:06:04","guid":{"rendered":"http:\/\/gzone.com.tr\/?p=14505"},"modified":"2015-08-03T12:06:05","modified_gmt":"2015-08-03T10:06:05","slug":"neler-oluyor-moda-dunyasi-yaz-tatilinden-dondu-hazirliklar-basladi","status":"publish","type":"post","link":"http:\/\/www.gzone.com.tr\/index.php\/2015\/08\/03\/neler-oluyor-moda-dunyasi-yaz-tatilinden-dondu-hazirliklar-basladi\/","title":{"rendered":"NELER OLUYOR: MODA D\u00dcNYASI YAZ TAT\u0130L\u0130NDEN D\u00d6ND\u00dc, HAZIRLIKLAR BA\u015eLADI!"},"content":{"rendered":"<p><strong><em>Moda d\u00fcnyas\u0131 yeni sezonun ba\u015flang\u0131\u00e7 \u00e7izgisine do\u011fru yol al\u0131rken sekt\u00f6r\u00fcn \u00f6nc\u00fc oyuncular\u0131ndan da yeni haberler gelmeye ba\u015flad\u0131. Tatillerini tamamlayan tasar\u0131mc\u0131lar ve kreatif direkt\u00f6rler yava\u015ftan at\u00f6lyelerinin ba\u015flar\u0131na ge\u00e7erken, \u00fcnl\u00fc markalar\u0131n ba\u011fl\u0131 oldu\u011fu gruplar da pozitif ekonomik g\u00f6stergelerin \u0131\u015f\u0131\u011f\u0131nda \u00f6n\u00fcm\u00fczdeki sezona haz\u0131rlan\u0131yor.<\/em><\/strong><\/p>\n<p>Eyl\u00fcl ay\u0131n\u0131n yakla\u015fmas\u0131yla birlikte moda markalar\u0131 y\u0131l\u0131n ilk alt\u0131 ayl\u0131k d\u00f6nemindeki geli\u015fmelerin meyvelerini toplamaya ba\u015flad\u0131. Global anlamda ya\u015fanan \u00e7e\u015fitli ekonomik hareketlilikler ve d\u00f6viz kurlar\u0131n\u0131n sabitlik g\u00f6stermemesi nedeniyle Uzakdo\u011fu ba\u015fta olmak \u00fczere ihracat\u0131 kuvvetli \u00e7e\u015fitli markalarda ilgin\u00e7 geli\u015fmeler s\u00f6z konusu oldu. Y\u0131l\u0131n kalan d\u00f6neminde yans\u0131malar\u0131n\u0131 g\u00f6rebilece\u011fimiz bu hareketlili\u011fe k\u0131saca bir g\u00f6z atal\u0131m.<\/p>\n<p><img loading=\"lazy\" decoding=\"async\" class=\"alignnone\" src=\"http:\/\/s18.postimg.org\/4r4eknm15\/cq5dam_web_1920_1280_kopya.jpg\" alt=\"\" width=\"1278\" height=\"853\" \/><\/p>\n<p><strong>YOL AYRIMI A\u00c7IKLANDI<br \/>\n<\/strong>G\u00fcndemin en taze haberi hi\u00e7 ku\u015fkusuz hafta ortas\u0131nda s\u00f6ylentilere son vererek bir a\u00e7\u0131klama yapan Balenicaga\u2019dan geldi. Bir s\u00fcredir piyasada Alexander Wang ile yollar\u0131n\u0131n ayr\u0131laca\u011f\u0131 spek\u00fcle edilen marka bu s\u00f6ylentilere nihai bir nokta koydu. Modaevinin ba\u011fl\u0131 oldu\u011fu Kering grubundan yap\u0131lan a\u00e7\u0131klamada 2012\u2019nin aral\u0131k ay\u0131nda Balenciaga artistik direkt\u00f6r\u00fc olarak g\u00f6reve ba\u015flayan Wang\u2019in s\u00f6zle\u015fmesinin yenilenmedi\u011fi bildirildi. Gruba yak\u0131n kulislerde \u00fcst\u00fc kapal\u0131 bir bi\u00e7imde ekonomik verilerin \u00e7ok da parlak olmad\u0131\u011f\u0131 konu\u015fuluyor. Bir di\u011fer yorumda ise Wang\u2019in kendi imza markas\u0131na yeterli zaman ay\u0131ramamas\u0131 ve bu nedenle de yat\u0131r\u0131mc\u0131 bulamamas\u0131 konu\u015fuluyor. Tasar\u0131mc\u0131n\u0131n \u00f6n\u00fcm\u00fczdeki Paris Moda Haftas\u0131\u2019nda podyumda sunaca\u011f\u0131 2016 \u0130lkbahar\/Yaz koleksiyonu, Balenciaga i\u00e7in haz\u0131rlad\u0131\u011f\u0131 son koleksiyon olacak. Akabinde yerini kimin alaca\u011f\u0131 hen\u00fcz a\u00e7\u0131klanmazken, Kering grubunun t\u0131pk\u0131 grup b\u00fcnyesinde bulunan Gucci\u2019de oldu\u011fu gibi, daha az tan\u0131nm\u0131\u015f bir isimle yola devam edebilece\u011fini konu\u015fuluyor.<\/p>\n<p><img loading=\"lazy\" decoding=\"async\" class=\"alignnone\" src=\"http:\/\/s15.postimg.org\/q9sctttcb\/Alessandro_Michele_portrait.jpg\" alt=\"\" width=\"1280\" height=\"960\" \/><\/p>\n<p><strong>SATI\u015e GRAF\u0130KLERI Y\u00dcKSEL\u0130\u015eTE<br \/>\n<\/strong>Frida Giannini\u2019nin ayr\u0131lmas\u0131n\u0131n ard\u0131ndan Gucci\u2019nin kreatif direkt\u00f6r\u00fc olan Alessandro Michele\u2019nin haz\u0131rlad\u0131\u011f\u0131 koleksiyonlar, markay\u0131 yak\u0131ndan takip edenler i\u00e7in ilk ba\u015fta \u015fa\u015f\u0131rt\u0131c\u0131 olsa da y\u0131l\u0131n ilk alt\u0131 ay\u0131ndaki veriler olduk\u00e7a olumlu y\u00f6nde seyretti\u011fini ve bu de\u011fi\u015fimin Gucci\u2019ye yarad\u0131\u011f\u0131 y\u00f6n\u00fcnde. Ortalama y\u00fczde\u00a02,5 gerileme beklenirken y\u00fczde\u00a04,6 organik b\u00fcy\u00fcme g\u00f6steren markan\u0131n s\u00fcrprizi konusunda uzmanlar hen\u00fcz temkinli davranmay\u0131 tercih ediyor. Analistler, Giannini\u2019den kalan koleksiyonlara yap\u0131lan ciddi derecedeki indirimlerin de bu art\u0131\u015fta pay\u0131n\u0131n oldu\u011funu ve Michele\u2019ye ait koleksiyonlar\u0131n sezonda ma\u011fazalara girmesiyle ger\u00e7ek verilerin y\u0131l sonunda hissedilece\u011fi belirtiliyor.<\/p>\n<p>Gucci ad\u0131na yine de \u00f6nemli olan bu geli\u015fmeyle birlikte ba\u011fl\u0131 oldu\u011fu Kering grubu da bir tak\u0131m yeni ad\u0131mlar att\u0131. L\u00fcks, Couture ve Deri segmentinin CEO\u2019su olarak Unilever\u2019den Grita Loebsack\u2019i transfer etti. B\u00fcnyede bulunan Alexander McQueen, Balenciaga, Brioni, Christopher Kane, Stella McCartney ve Tomas Maier\u2019in geli\u015ftirmesinden sorumlu olacak. Her bir markan\u0131n CEO\u2019sunun rapor edece\u011fi Loebsack de Fran\u00e7ois-Henri Pinault\u2019nun alt\u0131nda g\u00f6rev yap\u0131yor olacak. Bu de\u011fi\u015fimle birlikte grupta bir s\u00fcredir t\u0131kanan baz\u0131 ekonomik kanallar\u0131n da a\u00e7\u0131laca\u011f\u0131 y\u00f6n\u00fcnde umutlar y\u00fcksek.<\/p>\n<p>Louis Vuitton, Fendi, C\u00e9line, Givenchy ve Guerlain markalar\u0131n\u0131n ba\u011fl\u0131 oldu\u011fu LVMH grubun CEO\u2019su Bernard Arnault da y\u0131l\u0131n ilk d\u00f6neminden memnun.<\/p>\n<p>Arnault yapt\u0131\u011f\u0131 bir a\u00e7\u0131klamada son d\u00f6nemdeki stratejilerinin verimli oldu\u011funu ve grup markalar\u0131nda tatminkar sonu\u00e7lar elde ettiklerini belirtiyor. Y\u0131l\u0131n ilk alt\u0131 ay\u0131nda grupta y\u00fczde\u00a05 oran\u0131nda iyile\u015fme oldu\u011funu ve bir \u00f6nceki y\u0131l 14 milyar Euro olan cironun ise daha hen\u00fcz bu d\u00f6nemde 16,7 milyar Euro\u2019ya ula\u015ft\u0131\u011f\u0131n\u0131 da ekliyor. Arnault, Uzak Do\u011fu pazar\u0131ndaki \u00e7alkant\u0131lara ra\u011fmen grup markalar\u0131n\u0131n sat\u0131\u015flar\u0131ndaki organik b\u00fcy\u00fcmenin de y\u00fczde\u00a06\u2019ya y\u00fckseldi\u011fini s\u00f6yl\u00fcyor.<\/p>\n<p><img loading=\"lazy\" decoding=\"async\" class=\"alignnone\" src=\"http:\/\/s21.postimg.org\/qzd98l09j\/3023587_poster_p_1_182_whats_next_for_burberry_c.jpg\" alt=\"\" width=\"1280\" height=\"720\" \/><\/p>\n<p>Sekt\u00f6r\u00fcn bir di\u011fer ba\u015frol oyuncusu, \u0130ngiliz l\u00fcks grubu Burberry\u2019den yap\u0131lan a\u00e7\u0131klamada ise y\u0131l\u0131n ilk \u00e7eyre\u011finde d\u00fcnya \u00e7ap\u0131ndaki sat\u0131\u015flar\u0131n\u0131n y\u00fckseldi\u011fini ama Hong Kong\u2019daki d\u00fc\u015f\u00fck performans nedeniyle Asya\u2019da gerileme ya\u015fand\u0131\u011f\u0131 ifade ediliyor. Markan\u0131n kreatif direkt\u00f6r\u00fc Christopher Bailey yeni \u00fcr\u00fcn ve yeni pazar aray\u0131\u015flar\u0131n\u0131n s\u00fcrd\u00fc\u011f\u00fcn\u00fc, bu \u00e7er\u00e7evede b\u00fcy\u00fcme hedeflerinin ve projelerinin oldu\u011funu belirtiyor. Bakal\u0131m, 18-22 Eyl\u00fcl tarihlerinde ger\u00e7ekle\u015fecek olan Londra Moda Haftas\u0131\u2019nda podyuma \u00e7\u0131kacak 2016 \u0130lkbahar\/Yaz koleksiyonunda bu hedeflerin ilk sinyallerini verecek mi?<\/p>\n<p>\u0130ngiltere\u2019den bahsetmi\u015fken bir s\u00fcredir zorlu gel-gitler ya\u015fayan Vivienne Westwood cephesinde de iyile\u015fme var. Markan\u0131n cirosu 2015\u2019te y\u00fczde\u00a08,47 artarak d\u00f6nem i\u00e7erisinde 32 milyona y\u00fckselmi\u015f durumda. Punk\u2019\u0131n asi tasar\u0131mc\u0131s\u0131 Westwood kendi \u00fclkesinde yeni ma\u011faza aray\u0131\u015f\u0131n\u0131 s\u00fcrd\u00fcr\u00fcrken ba\u015fta \u00c7in olmak \u00fczere Uzak Do\u011fu ve Amerika Birle\u015fik Devletleri gibi pazarlarda da temsiliyet g\u00fcc\u00fcn\u00fc art\u0131rmay\u0131 hedefliyor.<\/p>\n<p><img loading=\"lazy\" decoding=\"async\" class=\"alignnone\" src=\"http:\/\/s4.postimg.org\/im5bj1kn1\/717.jpg\" alt=\"\" width=\"1278\" height=\"730\" \/><\/p>\n<p><strong>YEN\u0130 PAZAR ARAYI\u015eI<br \/>\n<\/strong>Yeni ma\u011faza a\u00e7\u0131l\u0131\u015f\u0131 nedeniyle temsiliyet g\u00fcc\u00fcn\u00fc art\u0131rmak isteyen bir di\u011fer marka da LVMH\u2019ye ba\u011fl\u0131 olan Givenchy. \u00dcnl\u00fc Frans\u0131z modaevi bu sezon bir ilke imza at\u0131yor ve 2016 \u0130lkbahar\/Yaz \u015fovunu Paris\u2019ten New York\u2019a ta\u015f\u0131yor. 11 Eyl\u00fcl\u2019de New York Moda Haftas\u0131\u2019nda yap\u0131lacak defileyle, bu ay sonu Madison Avenue 747\u2019de a\u00e7\u0131lan Givenchy ma\u011fazas\u0131n\u0131n etkisinin kuvvetlendirilmesi hedefleniyor. Kreatif direkt\u00f6r Riccardo Tisci\u2019nin y\u00f6netiminde tasarlanan ma\u011faza, markan\u0131n Miami\u2019den sonra ABD\u2019deki ikinci ma\u011fazas\u0131. 2006\u2019da Madison Avenue\u2019de kapanan ma\u011fazan\u0131n ard\u0131ndan \u00f6nemli bir pazara d\u00f6nen Givenchy\u2019nin bu karar\u0131 Londra, Roma ve Milano\u2019yla devam edecek.<\/p>\n<p><img loading=\"lazy\" decoding=\"async\" class=\"alignnone\" src=\"http:\/\/s10.postimg.org\/67obqchll\/100_jane_birkin_theredlist.jpg\" alt=\"\" width=\"1279\" height=\"860\" \/><\/p>\n<p>Bu haftan\u0131n \u00f6nemli geli\u015fmelerinden biri de aktivist sanat\u00e7\u0131 Jane Birkin cephesinde ya\u015fand\u0131. Yakla\u015f\u0131k 30 y\u0131l \u00f6nce Herm\u00e8s taraf\u0131ndan ismine \u00f6zel haz\u0131rlanan ikonik \u00e7antas\u0131 Birkin etraf\u0131nda ya\u015fanan sansasyonel a\u00e7\u0131klamalar\u0131n sonu gelmiyor. Joaquin Phoenix Mercy for Animals gibi hayvan haklar\u0131 savunular\u0131nda imzas\u0131 bulunan Birkin, timsah derisi kullan\u0131m\u0131 nedeniyle bu en \u00e7ok satan \u00e7antalardan isminin kald\u0131r\u0131lmas\u0131n\u0131 talep ediyor. Sonucun nereye varaca\u011f\u0131n\u0131 zaman g\u00f6sterecek, fakat \u015fu da bir ger\u00e7ek ki, 224 milyon Euro\u2019luk pozitif bir geli\u015fmeyle Frans\u0131z markas\u0131n\u0131n ciro hedefleri de olduk\u00e7a iyi gidiyor. Asya\u2019daki performans d\u00fc\u015f\u00fckl\u00fc\u011f\u00fc beklentilerine ra\u011fmen d\u00fcnya genelinde y\u00fczde\u00a08,8 oran\u0131nda sat\u0131\u015f art\u0131\u015f\u0131 kaydedilen Herm\u00e8s\u2019in grafikleri Avrupa ve Amerika k\u0131tas\u0131nda da y\u00fckseli\u015f g\u00f6steriyor.<br \/>\nUmuyoruz, 7 Haziran se\u00e7imleri nedeniyle k\u0131\u015ftan beri durgun olan yerli haz\u0131r giyim ve tekstil piyasalar\u0131m\u0131z da bu y\u0131l\u0131 benzer art\u0131\u015flarla, y\u00fczleri g\u00fclerek tamamlar.<\/p>\n<p>&nbsp;<\/p>\n<p><strong><em>Yazar: Bar\u0131\u015f \u00c7akmak\u00e7\u0131<\/em><\/strong><br \/>\n<strong><em>Kaynak: Radikal<\/em><\/strong><\/p>\n","protected":false},"excerpt":{"rendered":"<p>Moda d\u00fcnyas\u0131 yeni sezonun ba\u015flang\u0131\u00e7 \u00e7izgisine do\u011fru yol al\u0131rken sekt\u00f6r\u00fcn \u00f6nc\u00fc oyuncular\u0131ndan da yeni haberler gelmeye ba\u015flad\u0131. Tatillerini tamamlayan tasar\u0131mc\u0131lar ve kreatif direkt\u00f6rler yava\u015ftan at\u00f6lyelerinin ba\u015flar\u0131na ge\u00e7erken, \u00fcnl\u00fc markalar\u0131n ba\u011fl\u0131 oldu\u011fu gruplar da pozitif ekonomik g\u00f6stergelerin \u0131\u015f\u0131\u011f\u0131nda \u00f6n\u00fcm\u00fczdeki sezona haz\u0131rlan\u0131yor. Eyl\u00fcl ay\u0131n\u0131n yakla\u015fmas\u0131yla birlikte moda markalar\u0131 y\u0131l\u0131n ilk alt\u0131 ayl\u0131k d\u00f6nemindeki geli\u015fmelerin meyvelerini toplamaya ba\u015flad\u0131. &hellip;<\/p>\n","protected":false},"author":1,"featured_media":14506,"comment_status":"closed","ping_status":"open","sticky":false,"template":"","format":"standard","meta":{"footnotes":""},"categories":[70,74],"tags":[112,200,2445],"class_list":["post-14505","post","type-post","status-publish","format-standard","has-post-thumbnail","","category-moda","category-modahaberleri","tag-haberler-2","tag-moda","tag-yeni-sezon"],"_links":{"self":[{"href":"http:\/\/www.gzone.com.tr\/index.php\/wp-json\/wp\/v2\/posts\/14505","targetHints":{"allow":["GET"]}}],"collection":[{"href":"http:\/\/www.gzone.com.tr\/index.php\/wp-json\/wp\/v2\/posts"}],"about":[{"href":"http:\/\/www.gzone.com.tr\/index.php\/wp-json\/wp\/v2\/types\/post"}],"author":[{"embeddable":true,"href":"http:\/\/www.gzone.com.tr\/index.php\/wp-json\/wp\/v2\/users\/1"}],"replies":[{"embeddable":true,"href":"http:\/\/www.gzone.com.tr\/index.php\/wp-json\/wp\/v2\/comments?post=14505"}],"version-history":[{"count":0,"href":"http:\/\/www.gzone.com.tr\/index.php\/wp-json\/wp\/v2\/posts\/14505\/revisions"}],"wp:featuredmedia":[{"embeddable":true,"href":"http:\/\/www.gzone.com.tr\/index.php\/wp-json\/wp\/v2\/media\/14506"}],"wp:attachment":[{"href":"http:\/\/www.gzone.com.tr\/index.php\/wp-json\/wp\/v2\/media?parent=14505"}],"wp:term":[{"taxonomy":"category","embeddable":true,"href":"http:\/\/www.gzone.com.tr\/index.php\/wp-json\/wp\/v2\/categories?post=14505"},{"taxonomy":"post_tag","embeddable":true,"href":"http:\/\/www.gzone.com.tr\/index.php\/wp-json\/wp\/v2\/tags?post=14505"}],"curies":[{"name":"wp","href":"https:\/\/api.w.org\/{rel}","templated":true}]}}