{"id":13877,"date":"2015-07-18T16:18:18","date_gmt":"2015-07-18T14:18:18","guid":{"rendered":"http:\/\/gzone.com.tr\/?p=13877"},"modified":"2015-07-18T16:18:18","modified_gmt":"2015-07-18T14:18:18","slug":"turk-balet-utku-bal-fransiz-sac-tasarimcisinin-yuzu-oldu","status":"publish","type":"post","link":"http:\/\/www.gzone.com.tr\/index.php\/2015\/07\/18\/turk-balet-utku-bal-fransiz-sac-tasarimcisinin-yuzu-oldu\/","title":{"rendered":"T\u00dcRK BALET UTKU BAL, FRANSIZ SA\u00c7 TASARIMCISININ Y\u00dcZ\u00dc OLDU"},"content":{"rendered":"<p class=\"p1\"><span class=\"s1\">Kariyerine Paris\u2019te devam eden balet Utku Bal, dans ederek yer ald\u0131\u011f\u0131 pek \u00e7ok projenin yan\u0131 s\u0131ra model olarak da \u00f6nemli defilelerde g\u00f6rev al\u0131yor. Ama son d\u00f6nemde en \u00e7ok sa\u00e7lar\u0131 ile dikkat \u00e7eken Bal, Frans\u0131z sa\u00e7 markalar\u0131n\u0131n projelerinde aran\u0131lan isim haline geldi.<\/span><\/p>\n<p class=\"p1\"><span class=\"s1\">Paris\u2019teki kariyeri boyunca birka\u00e7 \u00f6nemli m\u00fczikal projesindeki ba\u015frol teklifini, sa\u00e7lar\u0131n\u0131 kesmesini istedikleri i\u00e7in kabul etmedi\u011fini s\u00f6yleyen Utku Bal, \u015fimdi bu karar\u0131nda ne kadar hakl\u0131 oldu\u011funu belirtiyor.<\/span><\/p>\n<p class=\"p1\"><strong><em>Utku Bal&#8217;\u0131 Instagram \u00fczerinde takip etmek i\u00e7in a\u015fa\u011f\u0131daki butonu kullanabilirsiniz&#8230;<\/em><\/strong><\/p>\n<blockquote class=\"instagram-media\" style=\"background: #FFF; border: 0; border-radius: 3px; box-shadow: 0 0 1px 0 rgba(0,0,0,0.5),0 1px 10px 0 rgba(0,0,0,0.15); margin: 1px; max-width: 658px; padding: 0; width: calc(100% - 2px);\" data-instgrm-captioned=\"\" data-instgrm-version=\"4\">\n<div style=\"padding: 8px;\">\n<div style=\"background: #F8F8F8; line-height: 0; margin-top: 40px; padding: 50% 0; text-align: center; width: 100%;\"><strong><em>\u00a0<\/em><\/strong><\/div>\n<p style=\"margin: 8px 0 0 0; padding: 0 4px;\"><a style=\"color: #000; font-family: Arial,sans-serif; font-size: 14px; font-style: normal; font-weight: normal; line-height: 17px; text-decoration: none; word-wrap: break-word;\" href=\"https:\/\/instagram.com\/p\/4qjm9fs4pK\/\" target=\"_top\">Hair: @alinelegoupilcoiffure Make up: @j.u.a.n.romero Photographe:Gauthier Amaro. #model #hair #hairmodel #dancer #dancerlife #ilovemyhair #paris #parisien #picofday #follow #love #red #male #malemodel<\/a><\/p>\n<p style=\"color: #c9c8cd; font-family: Arial,sans-serif; font-size: 14px; line-height: 17px; margin-bottom: 0; margin-top: 8px; overflow: hidden; padding: 8px 0 7px; text-align: center; text-overflow: ellipsis; white-space: nowrap;\">A photo posted by UTKU BAL (@utkubal) on <time style=\"font-family: Arial,sans-serif; font-size: 14px; line-height: 17px;\" datetime=\"2015-07-03T07:04:21+00:00\">Jul 3, 2015 at 12:04am PDT<\/time><\/p>\n<\/div>\n<\/blockquote>\n<p><script src=\"\/\/platform.instagram.com\/en_US\/embeds.js\" async=\"\" defer=\"defer\"><\/script><\/p>\n<p class=\"p1\"><span class=\"s1\">\u201cFrancprovast 2014\u201dte 3500 ki\u015finin izledi\u011fi bir \u015fovda sa\u00e7lar\u0131yla b\u00fcy\u00fck s\u00fckse yapan Bal, \u00fcnl\u00fc sa\u00e7 tasar\u0131mc\u0131s\u0131 Alain Legoupil\u2019in \u201cRedken\u201d markas\u0131 i\u00e7in tasarlad\u0131\u011f\u0131 sa\u00e7larla objektif kar\u015f\u0131s\u0131na ge\u00e7ti. Bal, Eyl\u00fcl ay\u0131nda da \u201cLa Barbiere de Paris\u201d \u015fovu ile podyumda birbirinden \u00e7arp\u0131c\u0131 sa\u00e7 modelleri sergileyecek.<\/span><\/p>\n<p class=\"p1\"><span class=\"s1\">Utku Bal eyl\u00fcl ay\u0131ndan itibaren, Kahire Operas\u0131\u2019ndaki ba\u015frol\u00fcyle, d\u00fcnyaca \u00fcnl\u00fc m\u00fczisyen Tar\u0131k Benouarka&#8217;n\u0131n yeni opera eseri \u00a0&#8220;<b>Les Jours et les Nuits de l\u2019Arbre C\u0153ur&#8221;\u00a0<\/b>ile Ortado\u011fu ve Avrupa&#8217;da turnede olacak!<\/span><\/p>\n<p class=\"p1\"><em><strong><a href=\"http:\/\/www.twitter.com\/utkubal\" target=\"_blank\">Utku Bal&#8217;\u0131 Twitter \u00fczerinde takip etmek i\u00e7in buraya t\u0131klay\u0131n&#8230;<\/a><\/strong><\/em><\/p>\n<p class=\"p1\"><em><strong><img loading=\"lazy\" decoding=\"async\" class=\"alignnone\" src=\"http:\/\/s10.postimg.org\/k415frdg9\/IMG_0753.jpg\" alt=\"\" width=\"1280\" height=\"1280\" \/><\/strong><\/em><\/p>\n<p class=\"p1\">\n","protected":false},"excerpt":{"rendered":"<p>Kariyerine Paris\u2019te devam eden balet Utku Bal, dans ederek yer ald\u0131\u011f\u0131 pek \u00e7ok projenin yan\u0131 s\u0131ra model olarak da \u00f6nemli defilelerde g\u00f6rev al\u0131yor. Ama son d\u00f6nemde en \u00e7ok sa\u00e7lar\u0131 ile dikkat \u00e7eken Bal, Frans\u0131z sa\u00e7 markalar\u0131n\u0131n projelerinde aran\u0131lan isim haline geldi. Paris\u2019teki kariyeri boyunca birka\u00e7 \u00f6nemli m\u00fczikal projesindeki ba\u015frol teklifini, sa\u00e7lar\u0131n\u0131 kesmesini istedikleri i\u00e7in kabul &hellip;<\/p>\n","protected":false},"author":1,"featured_media":13878,"comment_status":"closed","ping_status":"open","sticky":false,"template":"","format":"standard","meta":{"footnotes":""},"categories":[2369,40,28],"tags":[218,1061],"class_list":["post-13877","post","type-post","status-publish","format-standard","has-post-thumbnail","","category-erkekler","category-kitap","category-pop","tag-erkekler","tag-utku-bal"],"_links":{"self":[{"href":"http:\/\/www.gzone.com.tr\/index.php\/wp-json\/wp\/v2\/posts\/13877","targetHints":{"allow":["GET"]}}],"collection":[{"href":"http:\/\/www.gzone.com.tr\/index.php\/wp-json\/wp\/v2\/posts"}],"about":[{"href":"http:\/\/www.gzone.com.tr\/index.php\/wp-json\/wp\/v2\/types\/post"}],"author":[{"embeddable":true,"href":"http:\/\/www.gzone.com.tr\/index.php\/wp-json\/wp\/v2\/users\/1"}],"replies":[{"embeddable":true,"href":"http:\/\/www.gzone.com.tr\/index.php\/wp-json\/wp\/v2\/comments?post=13877"}],"version-history":[{"count":0,"href":"http:\/\/www.gzone.com.tr\/index.php\/wp-json\/wp\/v2\/posts\/13877\/revisions"}],"wp:featuredmedia":[{"embeddable":true,"href":"http:\/\/www.gzone.com.tr\/index.php\/wp-json\/wp\/v2\/media\/13878"}],"wp:attachment":[{"href":"http:\/\/www.gzone.com.tr\/index.php\/wp-json\/wp\/v2\/media?parent=13877"}],"wp:term":[{"taxonomy":"category","embeddable":true,"href":"http:\/\/www.gzone.com.tr\/index.php\/wp-json\/wp\/v2\/categories?post=13877"},{"taxonomy":"post_tag","embeddable":true,"href":"http:\/\/www.gzone.com.tr\/index.php\/wp-json\/wp\/v2\/tags?post=13877"}],"curies":[{"name":"wp","href":"https:\/\/api.w.org\/{rel}","templated":true}]}}