{"id":13588,"date":"2015-07-10T09:58:06","date_gmt":"2015-07-10T07:58:06","guid":{"rendered":"http:\/\/gzone.com.tr\/?p=13588"},"modified":"2015-07-10T09:58:06","modified_gmt":"2015-07-10T07:58:06","slug":"izle-karsinizda-edisin-ikinci-teklisi-ve-videosu-olmamis-mi","status":"publish","type":"post","link":"http:\/\/www.gzone.com.tr\/index.php\/2015\/07\/10\/izle-karsinizda-edisin-ikinci-teklisi-ve-videosu-olmamis-mi\/","title":{"rendered":"\u0130ZLE: KAR\u015eINIZDA ED\u0130S&#8217;\u0130N \u0130K\u0130NC\u0130 TEKL\u0130S\u0130, VE V\u0130DEOSU &#8216;OLMAMI\u015e MI?&#8217;"},"content":{"rendered":"<p>Ge\u00e7ti\u011fimiz k\u0131\u015f\u0131n en iyi \u00e7\u0131k\u0131\u015f yapan \u015fark\u0131c\u0131s\u0131, kesinlikle yak\u0131\u015f\u0131kl\u0131l\u0131\u011f\u0131, bestecili\u011fi ve sesiyle Edis oldu. Ozan \u00c7olako\u011flu aranjman\u0131 ile yapt\u0131\u011f\u0131 &#8221;Benim Ol&#8221; \u00e7\u0131k\u0131\u015f\u0131yla t\u00fcm T\u00fcrkiye&#8217;ye ben de var\u0131m diyen Edis, \u015fimdi de &#8221;Olmam\u0131\u015f M\u0131?&#8221; diyor.<\/p>\n<p>&#8221;Benim Ol&#8221; da \u00e7al\u0131\u015ft\u0131\u011f\u0131 ayn\u0131 ekiple \u00e7al\u0131\u015fan Edis, Ozan \u00c7olako\u011flu aranjeli \u015fark\u0131s\u0131 &#8221;Olmam\u0131\u015f M\u0131?&#8221; n\u0131n video klibiyle kar\u015f\u0131n\u0131zda<\/p>\n<p><iframe loading=\"lazy\" width=\"200\" height=\"113\" src=\"https:\/\/www.youtube.com\/embed\/TGFFe-5PDzU?feature=oembed\" frameborder=\"0\" allowfullscreen><\/iframe><\/p>\n","protected":false},"excerpt":{"rendered":"<p>Ge\u00e7ti\u011fimiz k\u0131\u015f\u0131n en iyi \u00e7\u0131k\u0131\u015f yapan \u015fark\u0131c\u0131s\u0131, kesinlikle yak\u0131\u015f\u0131kl\u0131l\u0131\u011f\u0131, bestecili\u011fi ve sesiyle Edis oldu. Ozan \u00c7olako\u011flu aranjman\u0131 ile yapt\u0131\u011f\u0131 &#8221;Benim Ol&#8221; \u00e7\u0131k\u0131\u015f\u0131yla t\u00fcm T\u00fcrkiye&#8217;ye ben de var\u0131m diyen Edis, \u015fimdi de &#8221;Olmam\u0131\u015f M\u0131?&#8221; diyor. &#8221;Benim Ol&#8221; da \u00e7al\u0131\u015ft\u0131\u011f\u0131 ayn\u0131 ekiple \u00e7al\u0131\u015fan Edis, Ozan \u00c7olako\u011flu aranjeli \u015fark\u0131s\u0131 &#8221;Olmam\u0131\u015f M\u0131?&#8221; n\u0131n video klibiyle kar\u015f\u0131n\u0131zda<\/p>\n","protected":false},"author":1,"featured_media":13589,"comment_status":"closed","ping_status":"open","sticky":false,"template":"","format":"standard","meta":{"footnotes":""},"categories":[2369,28],"tags":[1468,275,2297],"class_list":["post-13588","post","type-post","status-publish","format-standard","has-post-thumbnail","","category-erkekler","category-pop","tag-edis","tag-muzik-2","tag-olmamis-mi"],"_links":{"self":[{"href":"http:\/\/www.gzone.com.tr\/index.php\/wp-json\/wp\/v2\/posts\/13588","targetHints":{"allow":["GET"]}}],"collection":[{"href":"http:\/\/www.gzone.com.tr\/index.php\/wp-json\/wp\/v2\/posts"}],"about":[{"href":"http:\/\/www.gzone.com.tr\/index.php\/wp-json\/wp\/v2\/types\/post"}],"author":[{"embeddable":true,"href":"http:\/\/www.gzone.com.tr\/index.php\/wp-json\/wp\/v2\/users\/1"}],"replies":[{"embeddable":true,"href":"http:\/\/www.gzone.com.tr\/index.php\/wp-json\/wp\/v2\/comments?post=13588"}],"version-history":[{"count":0,"href":"http:\/\/www.gzone.com.tr\/index.php\/wp-json\/wp\/v2\/posts\/13588\/revisions"}],"wp:featuredmedia":[{"embeddable":true,"href":"http:\/\/www.gzone.com.tr\/index.php\/wp-json\/wp\/v2\/media\/13589"}],"wp:attachment":[{"href":"http:\/\/www.gzone.com.tr\/index.php\/wp-json\/wp\/v2\/media?parent=13588"}],"wp:term":[{"taxonomy":"category","embeddable":true,"href":"http:\/\/www.gzone.com.tr\/index.php\/wp-json\/wp\/v2\/categories?post=13588"},{"taxonomy":"post_tag","embeddable":true,"href":"http:\/\/www.gzone.com.tr\/index.php\/wp-json\/wp\/v2\/tags?post=13588"}],"curies":[{"name":"wp","href":"https:\/\/api.w.org\/{rel}","templated":true}]}}