{"id":13567,"date":"2015-07-09T13:19:45","date_gmt":"2015-07-09T11:19:45","guid":{"rendered":"http:\/\/gzone.com.tr\/?p=13567"},"modified":"2015-07-09T13:19:45","modified_gmt":"2015-07-09T11:19:45","slug":"chp-milletvekili-mahmut-tanal-escinselleri-oldurun-afislerini-meclise-tasidi","status":"publish","type":"post","link":"http:\/\/www.gzone.com.tr\/index.php\/2015\/07\/09\/chp-milletvekili-mahmut-tanal-escinselleri-oldurun-afislerini-meclise-tasidi\/","title":{"rendered":"CHP M\u0130LLETVEK\u0130L\u0130 MAHMUT TANAL &#8220;E\u015eC\u0130NSELLER\u0130 \u00d6LD\u00dcR\u00dcN&#8221; AF\u0130\u015eLER\u0130N\u0130 MECL\u0130SE TA\u015eIDI"},"content":{"rendered":"<p>Polisin m\u00fcdahale etti\u011fi LGBT\u0130 ONur Y\u00fcr\u00fcy\u00fc\u015f\u00fc&#8217;nde de bulunan ve TOMA&#8217;lar\u0131n \u00fczerine \u00e7\u0131karak polis m\u00fcdahalesini engellemeye \u00e7al\u0131\u015fan CHP milletvekili Mahmut Tanal,\u00a0 Ankara sokaklar\u0131nda katliam \u00e7a\u011fr\u0131s\u0131 yapan Gen\u00e7 \u0130slami M\u00fcdafaa grubunu \u0130\u00e7i\u015fleri Bakan\u0131 Sebahattin \u00d6zt\u00fcrk\u2019e sordu.<\/p>\n<p><em>Ankara ve ba\u015fka \u015fehirlerde \u0130slam&#8217;\u0131 kullanarak katliam \u00e7a\u011fr\u0131s\u0131 yapan grubun\u00a0haberi <strong><a href=\"http:\/\/gzone.com.tr\/dikkat-lgbt-dunyasi-islam-adini-kullanan-yobazlar-tarafindan-tehdit-altinda\/\">BURADA<\/a><\/strong><\/em><\/p>\n<p>Tanal, d\u00fcn (8 Temmuz) verdi\u011fi soru \u00f6nergesinde, halk\u0131 kin ve d\u00fc\u015fmanl\u0131\u011fa sevk eden, toplumun belli bir kesimine kar\u015f\u0131 toplumu k\u0131\u015fk\u0131rtan, hedef g\u00f6steren, \u00f6ld\u00fcrmeye azmettiren ifadelerle dolu pankartlar\u0131 ve Gen\u00e7 \u0130slami M\u00fcdafaa grubuna yapt\u0131r\u0131m uygulan\u0131p uygulanmayaca\u011f\u0131n\u0131 sordu.<\/p>\n<p><img loading=\"lazy\" decoding=\"async\" class=\"alignnone size-full wp-image-13436\" src=\"http:\/\/gzone.com.tr\/wp-content\/uploads\/2015\/07\/tehdit.png\" alt=\"tehdit\" width=\"660\" height=\"330\" srcset=\"http:\/\/www.gzone.com.tr\/wp-content\/uploads\/2015\/07\/tehdit.png 660w, http:\/\/www.gzone.com.tr\/wp-content\/uploads\/2015\/07\/tehdit-300x150.png 300w\" sizes=\"auto, (max-width: 660px) 100vw, 660px\" \/><\/p>\n<p>\u00d6nerge \u015fu sorular\u0131 i\u00e7eriyor:<\/p>\n<p>*Gen\u00e7 \u0130slami M\u00fcdafaa adl\u0131 grup ka\u00e7 ki\u015fiden olu\u015fmaktad\u0131r? Bu grubun radikal gruplarla ba\u011flant\u0131s\u0131 var m\u0131d\u0131r? Bu grubun finansman\u0131 nas\u0131l sa\u011flanmaktad\u0131r? Bu grubun merkezi nerededir? Bu grubun lideri kimdir? Kimlerle ve hangi uluslararas\u0131, ulusal radikal gruplarla ba\u011flant\u0131l\u0131d\u0131r? Bu grubun El- Kaide ve I\u015e\u0130D ba\u011flant\u0131s\u0131 var m\u0131d\u0131r?<\/p>\n<p>*S\u00f6z konusu radikal grubun Ankara ve \u0130stanbul sokaklar\u0131na ast\u0131\u011f\u0131 \u201cLut kavminin \u00e7irkin i\u015fini yapan\u0131 g\u00f6r\u00fcrseniz faili de mef\u2019ulu de \u00f6ld\u00fcr\u00fcn\u00fcz!\u201d yaz\u0131l\u0131 pankartlar halk\u0131 kin ve d\u00fc\u015fmanl\u0131\u011fa sevk eden, toplumun belli bir kesimine kar\u015f\u0131 toplumu k\u0131\u015fk\u0131rtan, hedef g\u00f6steren, \u00f6ld\u00fcrmeye azmettiren ifadelerle dolu iken bu pankartlar\u0131 asanlar hakk\u0131nda herhangi bir tahkikat yap\u0131lacak m\u0131d\u0131r?<\/p>\n<p>*Bu \u015fah\u0131slar yakalanarak ifadelerine ba\u015fvurulmu\u015f mudur?<\/p>\n<p>*Bu pankartlar\u0131n toplat\u0131lmas\u0131 i\u00e7in herhangi bir karar al\u0131nm\u0131\u015f m\u0131d\u0131r?<\/p>\n<p>*S\u00f6z konusu grubun resmi internet sitelerinde \u201c\u201c\u0130slam\u2019\u0131n bu duruma kesinlikle m\u00fcsade etmedi\u011fini g\u00f6stermek ad\u0131na Tirmizi ve Ebu Davud da ge\u00e7en bu Hadis-i \u015eerifi \u201cLut kavminin \u00e7irkin i\u015fini yapan\u0131 g\u00f6r\u00fcrseniz, faili de mef\u2019ul\u00fc de \u00f6ld\u00fcr\u00fcn\u00fcz!\u201d halk\u0131m\u0131z ile payla\u015ft\u0131k. Temennimiz \u0130slam\u2019\u0131n bizden istedi\u011fi tav\u0131r\u0131 televizyonlarda hakk\u0131 hayk\u0131ramayan hocalar yerine, Kur\u2019an ve S\u00fcnnet \u0131\u015f\u0131\u011f\u0131nda \u00f6\u011frenmemizdir\u201d ifadelerini payla\u015fmalar\u0131 neticesinde halk\u0131 kin ve d\u00fc\u015fmanl\u0131\u011fa s\u00fcr\u00fckleyen, k\u0131\u015fk\u0131rtan bu grubun faaliyetlerinin acilen durdurulmas\u0131 i\u00e7in Bakanl\u0131\u011f\u0131n\u0131zca herhangi bir \u00e7al\u0131\u015fma ba\u015flat\u0131lacak m\u0131d\u0131r?<\/p>\n<p>*Bu grubun bu tarz eylemlerine taviz verilmesi durumunda toplumun belli kesimleri aras\u0131nda toplumsal cinayetlerin, \u00e7at\u0131\u015fmalar\u0131n olabilece\u011fi Bakanl\u0131\u011f\u0131n\u0131zca \u00f6ng\u00f6r\u00fclmekte midir?<\/p>\n","protected":false},"excerpt":{"rendered":"<p>Polisin m\u00fcdahale etti\u011fi LGBT\u0130 ONur Y\u00fcr\u00fcy\u00fc\u015f\u00fc&#8217;nde de bulunan ve TOMA&#8217;lar\u0131n \u00fczerine \u00e7\u0131karak polis m\u00fcdahalesini engellemeye \u00e7al\u0131\u015fan CHP milletvekili Mahmut Tanal,\u00a0 Ankara sokaklar\u0131nda katliam \u00e7a\u011fr\u0131s\u0131 yapan Gen\u00e7 \u0130slami M\u00fcdafaa grubunu \u0130\u00e7i\u015fleri Bakan\u0131 Sebahattin \u00d6zt\u00fcrk\u2019e sordu. Ankara ve ba\u015fka \u015fehirlerde \u0130slam&#8217;\u0131 kullanarak katliam \u00e7a\u011fr\u0131s\u0131 yapan grubun\u00a0haberi BURADA Tanal, d\u00fcn (8 Temmuz) verdi\u011fi soru \u00f6nergesinde, halk\u0131 kin ve &hellip;<\/p>\n","protected":false},"author":1,"featured_media":13568,"comment_status":"closed","ping_status":"open","sticky":false,"template":"","format":"standard","meta":{"footnotes":""},"categories":[91,96],"tags":[407,2294,1655],"class_list":["post-13567","post","type-post","status-publish","format-standard","has-post-thumbnail","","category-haberler","category-turkiye","tag-islam","tag-lut-kavmi","tag-tehdit"],"_links":{"self":[{"href":"http:\/\/www.gzone.com.tr\/index.php\/wp-json\/wp\/v2\/posts\/13567","targetHints":{"allow":["GET"]}}],"collection":[{"href":"http:\/\/www.gzone.com.tr\/index.php\/wp-json\/wp\/v2\/posts"}],"about":[{"href":"http:\/\/www.gzone.com.tr\/index.php\/wp-json\/wp\/v2\/types\/post"}],"author":[{"embeddable":true,"href":"http:\/\/www.gzone.com.tr\/index.php\/wp-json\/wp\/v2\/users\/1"}],"replies":[{"embeddable":true,"href":"http:\/\/www.gzone.com.tr\/index.php\/wp-json\/wp\/v2\/comments?post=13567"}],"version-history":[{"count":0,"href":"http:\/\/www.gzone.com.tr\/index.php\/wp-json\/wp\/v2\/posts\/13567\/revisions"}],"wp:featuredmedia":[{"embeddable":true,"href":"http:\/\/www.gzone.com.tr\/index.php\/wp-json\/wp\/v2\/media\/13568"}],"wp:attachment":[{"href":"http:\/\/www.gzone.com.tr\/index.php\/wp-json\/wp\/v2\/media?parent=13567"}],"wp:term":[{"taxonomy":"category","embeddable":true,"href":"http:\/\/www.gzone.com.tr\/index.php\/wp-json\/wp\/v2\/categories?post=13567"},{"taxonomy":"post_tag","embeddable":true,"href":"http:\/\/www.gzone.com.tr\/index.php\/wp-json\/wp\/v2\/tags?post=13567"}],"curies":[{"name":"wp","href":"https:\/\/api.w.org\/{rel}","templated":true}]}}