{"id":13515,"date":"2015-07-08T13:07:02","date_gmt":"2015-07-08T11:07:02","guid":{"rendered":"http:\/\/gzone.com.tr\/?p=13515"},"modified":"2015-07-08T13:09:08","modified_gmt":"2015-07-08T11:09:08","slug":"iside-katilmak-isteyen-homofobik-ingiliz-genc-tutuklandi","status":"publish","type":"post","link":"http:\/\/www.gzone.com.tr\/index.php\/2015\/07\/08\/iside-katilmak-isteyen-homofobik-ingiliz-genc-tutuklandi\/","title":{"rendered":"I\u015e\u0130D&#8217;E KATILMAK \u0130STEYEN HOMOFOB\u0130K \u0130NG\u0130L\u0130Z GEN\u00c7 TUTUKLANDI"},"content":{"rendered":"<p>Arap as\u0131ll\u0131 \u0130ngiliz vatanda\u015f\u0131, 19 ya\u015f\u0131nda \u00fcniversite \u00f6\u011frencisi\u00a0Syed Choudhury isimli gen\u00e7 sosyal medyada I\u015e\u0130D&#8217;e kat\u0131l\u0131p e\u015fcinselleri \u00f6ld\u00fcrmek istedi\u011fini duyurduktan sonra 7 Temmuz g\u00fcn\u00fc tutukland\u0131.<\/p>\n<p>Yapt\u0131\u011f\u0131 payla\u015f\u0131mlarda I\u015e\u0130D destekleyerek &#8221;\u0130slam b\u00fct\u00fcn d\u00fcnyay\u0131 y\u00f6netecek, s..m \u00f6zg\u00fcrl\u00fckleri&#8221; yazan gencin tutukland\u0131ktan sonra Google&#8217;da I\u015e\u0130D&#8217;e kat\u0131lma yollar\u0131n\u0131 ara\u015ft\u0131rd\u0131\u011f\u0131 da ortaya \u00e7\u0131kt\u0131. Polise verdi\u011fi ifadece Suriye&#8217;ye hi\u00e7 gitmedi\u011fini, ancak \u0130ngiltere&#8217;deki yozla\u015fmadan korktu\u011funu ve Tanr\u0131&#8217;n\u0131n \u0130ngiltere&#8217;yi cezaland\u0131raca\u011f\u0131n\u0131 s\u00f6yleyen Choudhury, \u00fclkenin acilen \u0130slam dini ile y\u00f6netime ge\u00e7mesi gerekti\u011fini s\u00f6yledi.<\/p>\n<p>&nbsp;<\/p>\n","protected":false},"excerpt":{"rendered":"<p>Arap as\u0131ll\u0131 \u0130ngiliz vatanda\u015f\u0131, 19 ya\u015f\u0131nda \u00fcniversite \u00f6\u011frencisi\u00a0Syed Choudhury isimli gen\u00e7 sosyal medyada I\u015e\u0130D&#8217;e kat\u0131l\u0131p e\u015fcinselleri \u00f6ld\u00fcrmek istedi\u011fini duyurduktan sonra 7 Temmuz g\u00fcn\u00fc tutukland\u0131. Yapt\u0131\u011f\u0131 payla\u015f\u0131mlarda I\u015e\u0130D destekleyerek &#8221;\u0130slam b\u00fct\u00fcn d\u00fcnyay\u0131 y\u00f6netecek, s..m \u00f6zg\u00fcrl\u00fckleri&#8221; yazan gencin tutukland\u0131ktan sonra Google&#8217;da I\u015e\u0130D&#8217;e kat\u0131lma yollar\u0131n\u0131 ara\u015ft\u0131rd\u0131\u011f\u0131 da ortaya \u00e7\u0131kt\u0131. Polise verdi\u011fi ifadece Suriye&#8217;ye hi\u00e7 gitmedi\u011fini, ancak \u0130ngiltere&#8217;deki yozla\u015fmadan &hellip;<\/p>\n","protected":false},"author":1,"featured_media":13516,"comment_status":"closed","ping_status":"open","sticky":false,"template":"","format":"standard","meta":{"footnotes":""},"categories":[92,91],"tags":[113,112,465,469],"class_list":["post-13515","post","type-post","status-publish","format-standard","has-post-thumbnail","","category-dunya","category-haberler","tag-dunya-2","tag-haberler-2","tag-homofobi","tag-isid"],"_links":{"self":[{"href":"http:\/\/www.gzone.com.tr\/index.php\/wp-json\/wp\/v2\/posts\/13515","targetHints":{"allow":["GET"]}}],"collection":[{"href":"http:\/\/www.gzone.com.tr\/index.php\/wp-json\/wp\/v2\/posts"}],"about":[{"href":"http:\/\/www.gzone.com.tr\/index.php\/wp-json\/wp\/v2\/types\/post"}],"author":[{"embeddable":true,"href":"http:\/\/www.gzone.com.tr\/index.php\/wp-json\/wp\/v2\/users\/1"}],"replies":[{"embeddable":true,"href":"http:\/\/www.gzone.com.tr\/index.php\/wp-json\/wp\/v2\/comments?post=13515"}],"version-history":[{"count":0,"href":"http:\/\/www.gzone.com.tr\/index.php\/wp-json\/wp\/v2\/posts\/13515\/revisions"}],"wp:featuredmedia":[{"embeddable":true,"href":"http:\/\/www.gzone.com.tr\/index.php\/wp-json\/wp\/v2\/media\/13516"}],"wp:attachment":[{"href":"http:\/\/www.gzone.com.tr\/index.php\/wp-json\/wp\/v2\/media?parent=13515"}],"wp:term":[{"taxonomy":"category","embeddable":true,"href":"http:\/\/www.gzone.com.tr\/index.php\/wp-json\/wp\/v2\/categories?post=13515"},{"taxonomy":"post_tag","embeddable":true,"href":"http:\/\/www.gzone.com.tr\/index.php\/wp-json\/wp\/v2\/tags?post=13515"}],"curies":[{"name":"wp","href":"https:\/\/api.w.org\/{rel}","templated":true}]}}