{"id":13292,"date":"2015-07-02T09:13:05","date_gmt":"2015-07-02T07:13:05","guid":{"rendered":"http:\/\/gzone.com.tr\/?p=13292"},"modified":"2015-07-02T09:13:05","modified_gmt":"2015-07-02T07:13:05","slug":"lgbti-onur-yuruyusune-saldiri-izmirde-protesto-edildi","status":"publish","type":"post","link":"http:\/\/www.gzone.com.tr\/index.php\/2015\/07\/02\/lgbti-onur-yuruyusune-saldiri-izmirde-protesto-edildi\/","title":{"rendered":"LGBT\u0130 ONUR Y\u00dcR\u00dcY\u00dc\u015e\u00dc&#8217;NE SALDIRI \u0130ZM\u0130R&#8217;DE PROTESTO ED\u0130LD\u0130"},"content":{"rendered":"<p>\u0130stanbul\u2019daki LGBT\u0130 Onur Y\u00fcr\u00fcy\u00fc\u015f\u00fc\u2019ne, Ramazan ay\u0131 gerek\u00e7e g\u00f6sterilerek m\u00fcdahale edilmesi \u0130zmir\u2019de LGBT\u0130 bireylerin kat\u0131l\u0131m\u0131yla protesto edildi.<\/p>\n<p>\u0130stanbul LGBT\u0130 Onur Y\u00fcr\u00fcy\u00fc\u015f\u00fc\u2019ne bu sene \u0130stanbul Valili\u011fi taraf\u0131ndan Ramazan ay\u0131n\u0131n gerek\u00e7e g\u00f6sterilerek engel olunmas\u0131 ve y\u00fcr\u00fcmek isteyenlere polisin sert m\u00fcdahale edilmesi G\u00f6kku\u015fa\u011f\u0131 Dayan\u0131\u015fma A\u011f\u0131 \u00f6nc\u00fcl\u00fc\u011f\u00fcnde \u0130zmir\u2019de protesto edildi. \u201cOnur y\u00fcr\u00fcy\u00fc\u015f\u00fc engellenemez- #GelYan\u0131ma- #Normalle\u015fmiyoruz\u201d pankart\u0131 a\u00e7\u0131lan eylemde, \u201cBa\u011f\u0131r ba\u011f\u0131r herkes duysun polis \u015fiddeti dursun\u201d, \u201cTransfobik devlet y\u0131kaca\u011f\u0131z elbet\u201d, \u201cBe trans jiyan nabe\u201d, \u201cA\u015fk a\u015fk h\u00fcrriyet uzak olsun nefret\u201d, \u201cHomofobiye kar\u015f\u0131 ses \u00e7\u0131kar\u201d sloganlar\u0131 at\u0131ld\u0131.<\/p>\n<p>\u2018Valilik ve kolluk kuvvetleri su\u00e7 i\u015fledi\u2019<\/p>\n<p>Grup ad\u0131na a\u00e7\u0131klama yapan G\u00f6kku\u015fa\u011f\u0131 Dayan\u0131\u015fma A\u011f\u0131 Aktivisti Semih Deniz, toplant\u0131, g\u00f6steri ve y\u00fcr\u00fcy\u00fc\u015f hakk\u0131n\u0131n ve ifade \u00f6zg\u00fcrl\u00fc\u011f\u00fcn\u00fcn Ramazan ay\u0131 gerek\u00e7esiyle engellenmesinin hukuk devletiyle ve kanunlarla ba\u011fda\u015fmad\u0131\u011f\u0131n\u0131 ifade etti. \u0130stanbul Valisi\u2019nin hukuka ve kanuna ayk\u0131r\u0131 karar vererek su\u00e7 i\u015fledi\u011fini belirten Semih, kolluk kuvvetlerinin ise Valili\u011fin karar\u0131yla bu emri uygulayarak su\u00e7 i\u015fledi\u011fini ifade etti. \u201cHangi h\u00fck\u00fcmet gelirse gelsin biz var olu\u015f m\u00fccadelemize sonuna kadar devam edece\u011fiz\u201d diyen Deniz, sald\u0131r\u0131 emri veren \u0130\u00e7i\u015fleri Bakan\u0131 Sebahattin \u00d6zt\u00fcrk, \u0130stanbul Valisi Vasip \u015eahin ve \u0130stanbul Emniyet M\u00fcd\u00fcr\u00fc Selami Alt\u0131nok hakk\u0131nda Per\u015fembe g\u00fcn\u00fc \u00c7a\u011flayan Adliyesi\u2019nde su\u00e7 duyurusunda bulanacaklar\u0131n\u0131 duyurdu.<\/p>\n<p>Kaynak: D\u0130HA<\/p>\n","protected":false},"excerpt":{"rendered":"<p>\u0130stanbul\u2019daki LGBT\u0130 Onur Y\u00fcr\u00fcy\u00fc\u015f\u00fc\u2019ne, Ramazan ay\u0131 gerek\u00e7e g\u00f6sterilerek m\u00fcdahale edilmesi \u0130zmir\u2019de LGBT\u0130 bireylerin kat\u0131l\u0131m\u0131yla protesto edildi. \u0130stanbul LGBT\u0130 Onur Y\u00fcr\u00fcy\u00fc\u015f\u00fc\u2019ne bu sene \u0130stanbul Valili\u011fi taraf\u0131ndan Ramazan ay\u0131n\u0131n gerek\u00e7e g\u00f6sterilerek engel olunmas\u0131 ve y\u00fcr\u00fcmek isteyenlere polisin sert m\u00fcdahale edilmesi G\u00f6kku\u015fa\u011f\u0131 Dayan\u0131\u015fma A\u011f\u0131 \u00f6nc\u00fcl\u00fc\u011f\u00fcnde \u0130zmir\u2019de protesto edildi. \u201cOnur y\u00fcr\u00fcy\u00fc\u015f\u00fc engellenemez- #GelYan\u0131ma- #Normalle\u015fmiyoruz\u201d pankart\u0131 a\u00e7\u0131lan eylemde, \u201cBa\u011f\u0131r ba\u011f\u0131r &hellip;<\/p>\n","protected":false},"author":1,"featured_media":13293,"comment_status":"closed","ping_status":"open","sticky":false,"template":"","format":"standard","meta":{"footnotes":""},"categories":[91,96],"tags":[2244,114],"class_list":["post-13292","post","type-post","status-publish","format-standard","has-post-thumbnail","","category-haberler","category-turkiye","tag-lgbt-onur","tag-onur-yuruyusu"],"_links":{"self":[{"href":"http:\/\/www.gzone.com.tr\/index.php\/wp-json\/wp\/v2\/posts\/13292","targetHints":{"allow":["GET"]}}],"collection":[{"href":"http:\/\/www.gzone.com.tr\/index.php\/wp-json\/wp\/v2\/posts"}],"about":[{"href":"http:\/\/www.gzone.com.tr\/index.php\/wp-json\/wp\/v2\/types\/post"}],"author":[{"embeddable":true,"href":"http:\/\/www.gzone.com.tr\/index.php\/wp-json\/wp\/v2\/users\/1"}],"replies":[{"embeddable":true,"href":"http:\/\/www.gzone.com.tr\/index.php\/wp-json\/wp\/v2\/comments?post=13292"}],"version-history":[{"count":0,"href":"http:\/\/www.gzone.com.tr\/index.php\/wp-json\/wp\/v2\/posts\/13292\/revisions"}],"wp:featuredmedia":[{"embeddable":true,"href":"http:\/\/www.gzone.com.tr\/index.php\/wp-json\/wp\/v2\/media\/13293"}],"wp:attachment":[{"href":"http:\/\/www.gzone.com.tr\/index.php\/wp-json\/wp\/v2\/media?parent=13292"}],"wp:term":[{"taxonomy":"category","embeddable":true,"href":"http:\/\/www.gzone.com.tr\/index.php\/wp-json\/wp\/v2\/categories?post=13292"},{"taxonomy":"post_tag","embeddable":true,"href":"http:\/\/www.gzone.com.tr\/index.php\/wp-json\/wp\/v2\/tags?post=13292"}],"curies":[{"name":"wp","href":"https:\/\/api.w.org\/{rel}","templated":true}]}}