{"id":12906,"date":"2015-06-20T16:05:43","date_gmt":"2015-06-20T14:05:43","guid":{"rendered":"http:\/\/gzone.com.tr\/?p=12906"},"modified":"2015-06-20T16:05:43","modified_gmt":"2015-06-20T14:05:43","slug":"otekinin-otekisi-bir-transeksuel-bedi-keskin","status":"publish","type":"post","link":"http:\/\/www.gzone.com.tr\/index.php\/2015\/06\/20\/otekinin-otekisi-bir-transeksuel-bedi-keskin\/","title":{"rendered":"\u00d6TEK\u0130N\u0130N \u00d6TEK\u0130S\u0130 B\u0130R TRANSEKS\u00dcEL: BED\u0130 KESK\u0130N"},"content":{"rendered":"<p><strong><em>21 Haziran Pazar g\u00fcn\u00fc yap\u0131lacak Trans Onur Y\u00fcr\u00fcy\u00fc\u015f\u00fc\u2019nden \u00f6nce, Agos gazetesi Bedi Keskin\u2019le bulu\u015ftu. Keskin, Ermeni bir transeks\u00fcel. Bir anlamda \u2018\u00f6tekinin \u00f6tekisi.\u2019 51 ya\u015f\u0131ndaki Keskin, Kapal\u0131\u00e7ar\u015f\u0131\u2019n\u0131n en iyi m\u0131hlay\u0131c\u0131lar\u0131ndan.<\/em><\/strong><\/p>\n<p>Ayr\u0131mc\u0131l\u0131ktan, nefretten, \u015fiddetten en \u00e7ok zarar g\u00f6ren bireylerin ba\u015f\u0131nda transeks\u00fceller geliyor \u015f\u00fcphesiz. Hafta ba\u015f\u0131nda ba\u015flayan 6. Trans Onur Haftas\u0131\u2019nda alt\u0131 \u00e7izilen konular\u0131n ba\u015f\u0131nda da nefret cinayetlerine ili\u015fkin yasa talebi geliyordu. 21 Haziran Pazar g\u00fcn\u00fc yap\u0131lacak Trans Onur Y\u00fcr\u00fcy\u00fc\u015f\u00fc\u2019nden \u00f6nce, Bedi Keskin\u2019le bulu\u015ftuk. Keskin, Ermeni bir transeks\u00fcel. Bir anlamda \u2018\u00f6tekinin \u00f6tekisi.\u2019 51 ya\u015f\u0131ndaki Keskin, Kapal\u0131\u00e7ar\u015f\u0131\u2019n\u0131n en iyi m\u0131hlay\u0131c\u0131lar\u0131ndan. Erkek olarak ba\u015flad\u0131\u011f\u0131 sanat\u0131na, kad\u0131n olduktan sonra da ayn\u0131 yerde, erkek egemen bir ortam olan Kapal\u0131\u00e7ar\u015f\u0131\u2019da devam etmeyi ba\u015farm\u0131\u015f. Hem de a\u011fabeyleri ve ye\u011fenleriyle birlikte. Ailesinin deste\u011fi ve i\u015findeki ba\u015far\u0131s\u0131yla kendini kabul ettirmi\u015f biri. \u0130\u00e7inde sakl\u0131 tuttu\u011fu \u00e7ok \u015fey var. Ben sorabildiklerimi soruyorum, o da anlatabildiklerini payla\u015f\u0131yor. Bir saatlik sohbetimizin sonunda, unutamayaca\u011f\u0131m bir s\u00f6z s\u00f6yl\u00fcyor: \u201cSenin ya\u015fad\u0131\u011f\u0131n bir hayat var, benimse ba\u015farmam gereken bir hayat&#8230;\u201d<\/p>\n<p><strong>Kendinizi kad\u0131n hissetmeye ba\u015flad\u0131\u011f\u0131n\u0131z ve kad\u0131n olmaya karar verdi\u011finiz y\u0131llarla ba\u015flayal\u0131m&#8230;<\/strong><\/p>\n<p>D\u00fc\u015f\u00fcnebilmeye ba\u015flad\u0131\u011f\u0131n ya\u015fta anl\u0131yorsun. Daha \u00e7ocuklukta hissediyorsun ki erkek de\u011filsin. Ben o zaman bile ablalar\u0131m\u0131n elbiselerini giyinirdim, oje s\u00fcrerdim, gizlice ruj s\u00fcrerdim. Do\u011fu\u015ftan var. Kad\u0131n ruhuyla do\u011fdum. Bedenimi ruhumla b\u00fct\u00fcnle\u015ftirmeye karar verdi\u011fimde 28 ya\u015f\u0131ndayd\u0131m. Bir bu\u00e7uk sene \u00f6strojen tedavisi g\u00f6rd\u00fcm, epilasyona gittim. En zor d\u00f6nem, o ge\u00e7i\u015f d\u00f6nemi. 30 ya\u015f\u0131nda da ameliyat oldum.<\/p>\n<p><strong>Aileniz ne zamandan beri biliyordu?<\/strong><\/p>\n<p>Anne ve babalar\u0131n genelde \u00e7ocuklar\u0131 \u00fczerinde bir taktikleri var; \u00e7ocuklar\u0131n\u0131 asl\u0131nda \u00e7ok iyi tan\u0131yorlar, ama y\u00fcz g\u00f6z olup me\u015frula\u015ft\u0131rmak istemiyorlar. Babam beni psikolo\u011fa g\u00f6t\u00fcrd\u00fc. Doktor benimle 10 dakika konu\u015ftuktan sonra, \u201cBu kad\u0131nd\u0131r\u201d raporunu yazd\u0131. G\u00f6r\u00fcyorlard\u0131, ben nak\u0131\u015f yap\u0131yordum, k\u0131zlarla arkada\u015fl\u0131k yap\u0131yordum. Bu konuda kararl\u0131yd\u0131m. \u0130\u015f hayat\u0131mda ta\u015flar\u0131n yerine oturmas\u0131n\u0131 bekledim. 27 ya\u015f\u0131ndayken aileme s\u00f6yledim.<\/p>\n<blockquote>\n<h4><em>Aileme, \u2018B\u00f6yle bir yola girdim. \u0130sterseniz yan\u0131n\u0131zda ya\u015famaya devam ederim, isterseniz giderim\u2019 dedim. \u2018Aram\u0131zda ol, gitmeni istemiyoruz\u2019 dediler. Eve d\u00f6nd\u00fc\u011f\u00fcmde, sanki her \u015fey de\u011fi\u015fmi\u015fti.<\/em><\/h4>\n<\/blockquote>\n<p><strong>Nas\u0131l s\u00f6ylediniz?<\/strong><\/p>\n<p>Tatile gidip bir daha eve d\u00f6nmemeyi d\u00fc\u015f\u00fcn\u00fcyordum. Annemi, babam\u0131, karde\u015flerimi k\u0131rmak istemiyordum. Yedi karde\u015fin en k\u00fc\u00e7\u00fc\u011f\u00fcy\u00fcm. \u00dc\u00e7 a\u011fabeyim, \u00fc\u00e7 ablam var. Evden \u00e7\u0131karken iki a\u011fabeyim de biliyordu. Ayn\u0131 i\u015f yerinde \u00e7al\u0131\u015f\u0131rken s\u00f6ylemi\u015ftim. Onlar fark\u0131ndalard\u0131 ama y\u00fcz g\u00f6z olmak istemiyorlard\u0131. \u201cPeki ne yapacaks\u0131n?\u201d dediler, \u201cNas\u0131l ya\u015fayacaks\u0131n?\u201d Abim evden \u00e7\u0131kmaya haz\u0131rland\u0131\u011f\u0131mda kap\u0131n\u0131n \u00f6n\u00fcnde durdu, kollar\u0131n\u0131 a\u00e7t\u0131, \u201cGidemezsin\u201d dedi. \u201c\u0130\u011fne olmaya ba\u015flad\u0131m, de\u011fi\u015fim ba\u015flad\u0131 art\u0131k, durduramazs\u0131n\u201d dedim. Annem g\u00f6rd\u00fc ve bir \u015feylerin ters gitti\u011fini anlad\u0131. Kap\u0131y\u0131 vurdum \u00e7\u0131kt\u0131m. D\u00f6rd\u00fcnc\u00fc g\u00fcn, karde\u015flerim annemin a\u011flamas\u0131na dayanamam\u0131\u015flar. Kald\u0131\u011f\u0131m eve, annemi ve babam\u0131 getirdiler. Orada konu\u015ftuk. \u201cB\u00f6yle bir yola girdim. \u0130sterseniz yan\u0131n\u0131zda ya\u015famaya devam ederim, isterseniz giderim\u201d dedim. \u201cAram\u0131zda ol, gitmeni istemiyoruz\u201d dediler. Ben d\u00f6rt g\u00fcn sonunda eve d\u00f6nd\u00fc\u011f\u00fcmde, sanki her \u015fey de\u011fi\u015fmi\u015fti. Bir \u015fey kopmu\u015ftu. Onlar\u0131n kafas\u0131ndaki erkek \u00e7ocuk gitmi\u015fti. Ben de kad\u0131n olarak d\u00f6nm\u00fc\u015ft\u00fcm sanki. Birbirimize yabanc\u0131la\u015ft\u0131k bir s\u00fcre.<\/p>\n<p><strong>Ge\u00e7i\u015f d\u00f6nemi en zoru, diyorsunuz. Neler ya\u015fad\u0131n\u0131z?<\/strong><\/p>\n<p>\u0130nsanlar\u0131n sana selam\u0131 kesiliyor. Korkular ba\u015fl\u0131yor. Yaln\u0131zl\u0131\u011fa d\u00fc\u015f\u00fcyorsun. Karde\u015f gibi g\u00f6rd\u00fc\u011f\u00fcn ki\u015filer, de\u011fi\u015fim s\u00fcrecinde seni g\u00f6r\u00fcp \u015fa\u015f\u0131r\u0131yor, y\u00fcz \u00e7eviriyorlar. Bu insanlara bir yanl\u0131\u015f\u0131m yok diye d\u00fc\u015f\u00fcn\u00fcyordum. O kadar geni\u015f bir \u00e7emberin i\u00e7inden sadece k\u00fc\u00e7\u00fck bir \u00e7embere, aileye kal\u0131yorsun. \u201cAcaba hep b\u00f6yle mi olacak?\u201d korkusu ba\u015fl\u0131yor. O d\u00f6nem, ablam Alis ve a\u011fabeyim Harut, \u00e7ok yard\u0131mc\u0131 oldu. Harut benimle i\u015fe gidip geldi. Ablam kimseye laf s\u00f6yletmedi. \u00dcz\u00fcl\u00fcyordu belki, ama bana belli etmiyordu.<\/p>\n<p><strong>\u015eimdi baban\u0131z ve a\u011fabeyinizle birlikte ya\u015f\u0131yorsunuz. Onlar\u0131n d\u0131\u015far\u0131ya kar\u015f\u0131 tutumlar\u0131 nas\u0131l oldu?<\/strong><\/p>\n<p>Benim etraf\u0131mdaki erkeklerin sanki kendilerini daha \u00e7ok kan\u0131tlamalar\u0131 gerekiyor. \u201cBen \u00f6yle de\u011filim\u201d demek zorunda hissediyor olabilirler kendilerini. \u00c7\u00fcnk\u00fc yanl\u0131\u015f bir alg\u0131 var. Bula\u015f\u0131c\u0131 oldu\u011funu d\u00fc\u015f\u00fcnenler var. \u0130ki erkek ye\u011fenim yan\u0131mda \u00e7al\u0131\u015ft\u0131lar, sonra evlendiler. Kar\u015f\u0131 tarafa d\u00fcr\u00fcst olmalar\u0131 gerekiyordu. Beni s\u00f6ylediler. Kar\u015f\u0131 taraftan bir \u015fey hissetmedim. Ama ben, kar\u015f\u0131 taraf\u0131n, \u00e7ocuk oldu\u011funda benim gibi olur mu diye d\u00fc\u015f\u00fcn\u00fcyor olabilme ihtimalini d\u00fc\u015f\u00fcn\u00fcp \u00fcz\u00fcld\u00fcm. \u015eimdi ye\u011fenimin bir \u00e7ocu\u011fu var. Benim torunum gibi.<\/p>\n<p><strong>Askerli\u011finiz nas\u0131l ge\u00e7ti?<\/strong><\/p>\n<p>Gaziantep\u2019te 18 ay askerlik yapt\u0131m. Anadolu insan\u0131y\u0131z sonu\u00e7ta, babam kat\u0131yd\u0131. Bu kadar anlay\u0131\u015fl\u0131 olaca\u011f\u0131n\u0131 bilseydim askere gitmek istemezdim. Askerde \u00e7ok \u00fcst\u00fcme geldiler. S\u0131k\u0131nt\u0131lar oldu. Zaman zaman b\u00f6l\u00fck komutan\u0131na a\u00e7\u0131klay\u0131p geri d\u00f6nmeyi d\u00fc\u015f\u00fcnd\u00fcm, ama ailemi zor duruma d\u00fc\u015f\u00fcr\u00fcr\u00fcm korkusu, orada kalmama neden oldu. Askere giderken 48 kiloydum 80 kilo olarak geri d\u00f6nd\u00fcm. \u00d6zel cezalar verdiler bana. S\u0131rt\u0131mda y\u00fck, her g\u00fcn 10 kilometre ko\u015ftum. \u00c7ok narindim, beni kabala\u015ft\u0131rmaya \u00e7al\u0131\u015ft\u0131lar. Bense o bedeni kabul etmek istemiyordum. Bana ne kadar kabal\u0131k y\u00fckledilerse, o kadar y\u0131k\u0131ld\u0131m.<\/p>\n<p><strong>Ka\u00e7 y\u0131ld\u0131r Kapal\u0131\u00e7ar\u015f\u0131\u2019da \u00e7al\u0131\u015f\u0131yorsunuz?<\/strong><\/p>\n<p>10 ya\u015f\u0131nda, yaz\u0131n i\u015fe ba\u015flad\u0131m. Ma\u011fazada \u00e7al\u0131\u015ft\u0131m. Ustaya dedim ki, \u201cHer d\u00fckk\u00e2nda var, sen de p\u0131rlantal\u0131 i\u015f koysana ma\u011fazaya.\u201d Usta ald\u0131, koydu. Kendimi kapt\u0131r\u0131p vitrini izlerdim saatlerce. P\u0131rlanta g\u00f6rd\u00fc\u011f\u00fcmde i\u00e7im ak\u0131yordu. Be\u015finci s\u0131n\u0131f\u0131 bitirir bitirmez, babam ald\u0131 beni m\u0131hlay\u0131c\u0131 yan\u0131na g\u00f6t\u00fcrd\u00fc. Bir bakt\u0131m, p\u0131rlantalar var. \u201cBuras\u0131 benim yerim\u201d dedim. Bir senede kalfal\u0131\u011fa ge\u00e7tim, \u00e7ok h\u0131zl\u0131 \u00f6\u011frendim. 38 sene m\u0131hlay\u0131c\u0131l\u0131k yapt\u0131m. 51 ya\u015f\u0131na geldim. Son bir y\u0131ld\u0131r, art\u0131k tezg\u00e2h ba\u015f\u0131na \u00e7ok ge\u00e7miyorum, g\u00f6zlerim yoruldu ama \u00c7ar\u015f\u0131\u2019dan kopmu\u015f de\u011filim.<\/p>\n<p><strong>Kapal\u0131\u00e7ar\u015f\u0131\u2019daki aile \u015firketinde m\u0131hlay\u0131c\u0131l\u0131k yapmaya devam ettiniz. B\u00f6yle erkek egemen bir ortamda, transeks\u00fcel olarak kalmay\u0131 nas\u0131l ba\u015fard\u0131n\u0131z?<\/strong><\/p>\n<p>\u0130\u015f hayat\u0131m\u0131 etkileyece\u011fini d\u00fc\u015f\u00fcnmedim, \u00e7\u00fcnk\u00fc herkes sanat\u0131m\u0131n kuvvetini dile getiriyordu. Ge\u00e7mi\u015fte b\u0131rakt\u0131\u011f\u0131m bir g\u00fcven ortam\u0131 vard\u0131. Ben \u00e7ok d\u00fcr\u00fcst \u00e7al\u0131\u015ft\u0131m. \u0130yi sanat\u00e7\u0131y\u0131m. \u00c7ar\u015f\u0131\u2019n\u0131n en zirve isimleriyle \u00e7al\u0131\u015ft\u0131m. Ne ya\u015fant\u0131 olarak, ne i\u015fle ilgili kimse benim i\u00e7in bir hata yapt\u0131 diyemez. Han\u0131n en \u00fcst kat\u0131nda, a\u011fabeylerim ve ye\u011fenlerimle at\u00f6lyemizde \u00e7al\u0131\u015f\u0131yorduk. Benim geldi\u011fim saat, b\u00fct\u00fcn d\u00fckk\u00e2n kap\u0131lar\u0131 a\u00e7\u0131k, birbirlerine \u201c\u0130\u015fte geldi o\u011flum, bu\u201d diyecekler. Her \u015feye kula\u011f\u0131m\u0131 kapatt\u0131m. Ge\u00e7i\u015f d\u00f6neminde epilasyona gidiyordum. Y\u00fcz\u00fcmden bir deri soyuldu. O zaman pe\u00e7eteyle kendimi sakl\u0131yordum. \u0130yile\u015fti\u011fim anda kendime dedim ki, \u201cKimden kendini sakl\u0131yorsun, sen insanl\u0131\u011f\u0131na g\u00fcvenmiyor musun? Sen iyi bir insansan, kar\u015f\u0131ndaki seni hor g\u00f6rm\u00fc\u015f ne \u00f6nemi var?\u201d \u00d6nce kendimi kabullendim. \u0130yi tepkiye de k\u00f6t\u00fc tepkiye de haz\u0131rl\u0131kl\u0131yd\u0131m. \u0130nsanl\u0131\u011f\u0131mdan emin oldu\u011fum s\u00fcrece, kimseye ald\u0131r\u0131\u015f etmemeye ba\u015flad\u0131m. \u0130\u015fime tutundum. Sonra bu ge\u00e7i\u015f d\u00f6neminde bana bir teklif geldi. Eskiden yan\u0131nda \u00e7al\u0131\u015ft\u0131\u011f\u0131m ustalardan biri i\u015fini b\u00fcy\u00fct\u00fcyordu ve bizim de ona ba\u011fl\u0131 \u00e7al\u0131\u015fmam\u0131z\u0131 istedi. A\u011fabeylerime gidip onunla konu\u015fmalar\u0131n\u0131 ve beni bu durumumla kabul edecekse \u00e7al\u0131\u015fabilece\u011fimizi s\u00f6ylemelerini istedim. O da, \u201cBen onun sanat\u0131n\u0131, i\u015fini istiyorum. \u00d6zel hayat\u0131 beni ilgilendirmez\u201d dedi. Tabii \u00e7ok zorluk ya\u015fad\u0131m, ama kendimi herkese sevdirdim.<\/p>\n<p><strong>Hem Ermeni, hem transeks\u00fcel olmak, iki kez \u00f6teki olmak demek biraz. Bunu hissetti\u011finiz zamanlar oldu mu?<\/strong><\/p>\n<p>Bir g\u00fcn \u00e7ar\u015f\u0131da iki Ermeni d\u00fckk\u00e2n sahibi konu\u015fuyordu. Beni g\u00f6r\u00fcnce, biri di\u011ferine, \u201cGocak e gardzem\u201d (D\u00f6nme galiba) dedi. Ben de d\u00f6nd\u00fcm, \u201cTun in\u00e7 es\u201d (Sen nesin?) dedim. \u201cAaa Ermeni\u2019ymi\u015f\u201d deyip \u015fa\u015f\u0131rd\u0131lar. Bir kere, yine ba\u015fka bir d\u00fckk\u00e2n sahibine Ermenice kar\u015f\u0131l\u0131k verince, sonradan \u015f\u00f6yle dediklerini duydum: \u201cErmeni sevgilisi var herhalde, ondan \u00f6\u011frenmi\u015f Ermeniceyi.\u201d Kuyumcu ortam\u0131nda bana nas\u0131l davranacaklar\u0131n\u0131 bilemediler ilk ba\u015fta. A\u011f\u0131zlar\u0131ndan bir laf ka\u00e7sa, k\u0131r\u0131c\u0131 olacak belki. Ben konu\u015fmalar\u0131mla onlar\u0131 rahatlatarak diyalo\u011fu tekrar ba\u015flatt\u0131m. Korkular\u0131n\u0131 yendiler zamanla.<\/p>\n<p><strong>G\u00fcnl\u00fck hayat\u0131n\u0131z nas\u0131l ge\u00e7iyor?<\/strong><\/p>\n<p>Evde 85 ya\u015f\u0131nda, bak\u0131ma ihtiyac\u0131 olan babam var. A\u011fabeyim, ben ve babam birlikte ya\u015f\u0131yoruz. Evin i\u015fleri, \u00e7ama\u015f\u0131r, yemek, temizlik var. Ablam\u0131n torunu var, onunla zaman ge\u00e7iriyorum. \u00c7ok arkada\u015f\u0131m yok. \u00d6nceden \u00e7ok kalabal\u0131kt\u0131k. Daha rahat hayat ya\u015famak i\u00e7in yurt d\u0131\u015f\u0131na gidenler oldu.<\/p>\n<p><strong>Sizin yurtd\u0131\u015f\u0131 deneyiminiz oldu mu?<\/strong><\/p>\n<p>Patronum ben dahil, birka\u00e7 ki\u015fiyi Amerika\u2019ya g\u00f6t\u00fcrd\u00fc; orada bir sene \u00e7al\u0131\u015ft\u0131m. Kalabilece\u011fim bir yer olarak d\u00fc\u015f\u00fcn\u00fcyordum. Ancak \u00e7ok tuhaf hissettim. Oraya birlikte gitti\u011fim i\u015f arkada\u015flar\u0131m sadece d\u00fckk\u00e2nda muhatap oldular benimle; sokakta birlikte y\u00fcr\u00fcmek istemediler. Bir\u00e7o\u011fu da hayat kurdu orada. Amerikal\u0131lar\u0131n da bana bak\u0131\u015f a\u00e7\u0131s\u0131 iyi de\u011fildi. Orada lezbiyen ve geylerin bir derne\u011fi vard\u0131. Gittim. Bana \u201cSen nesin?\u201d diye sordular. \u201cTranseks\u00fcelim\u201d dedim. Onlar da bana bir kimlik y\u00fckleyemediler. Arkada\u015f da bulamad\u0131m. Temelli kalmay\u0131 d\u00fc\u015f\u00fcn\u00fcyordum, ama temelli yaln\u0131z kald\u0131m. Geri d\u00f6nd\u00fcm.<\/p>\n<p><strong>Transeks\u00fcel olman\u0131n en zor yan\u0131 nedir?<\/strong><\/p>\n<p>Yar\u0131m kalan sevgiler. Sende bitmeyen ama kar\u015f\u0131 tarafta bitmek zorunda olan sevgiler. \u0130ki uzun ili\u015fkim oldu, biri be\u015f bu\u00e7uk sene, di\u011feri 12 sene s\u00fcrd\u00fc. Sonu hep ayr\u0131l\u0131k&#8230;<\/p>\n<p><strong>Siz a\u011fabeyinizle ve baban\u0131zla birlikte ya\u015famaktan mutlu musunuz?<\/strong><\/p>\n<p>Benim ailem ve i\u015fim var. \u00c7o\u011fu trans arkada\u015f\u0131m, benim bu hayat\u0131m\u0131 k\u0131skan\u0131yor. Onlar\u0131n da sosyal hayata tutunmalar\u0131n\u0131 sa\u011flayacak becerileri var, ama kabul g\u00f6rmemi\u015fler. Ben de onlara \u00f6zeniyorum. Ben az\u0131nl\u0131\u011f\u0131m, aile i\u00e7erisinde ya\u015farken daha dikkatli ya\u015f\u0131yorum. Transeks\u00fcelim ve i\u00e7imde bir\u00e7ok renk var. Ben o renklerin baz\u0131lar\u0131n\u0131 ya\u015f\u0131yorum.<\/p>\n<blockquote>\n<h4>\u201cTrans y\u00fcr\u00fcy\u00fc\u015flerinin bu kadar co\u015fkulu oldu\u011funu bilmiyordum\u201d<\/h4>\n<\/blockquote>\n<p><strong>Translara kar\u015f\u0131 nefretin ve ayr\u0131mc\u0131l\u0131\u011f\u0131n temelini nerede g\u00f6r\u00fcyorsunuz?<\/strong><\/p>\n<p>\u0130\u015f ailelerde bitiyor. Kar\u015f\u0131 taraftan korkmamak gerekiyor. Aileler \u00e7ocuklar\u0131n\u0131 yeti\u015ftirirken, b\u00f6yle ki\u015filerin de var oldu\u011funu s\u00f6ylesinler. \u00c7ocu\u011fun i\u00e7inde yoksa olmaz, b\u00f6yle bir \u015feyden korkmas\u0131nlar. \u00c7ocuklar, transeks\u00fcellerin var oldu\u011funu \u00f6\u011frenirlerse, b\u00fcy\u00fcd\u00fcklerinde tuhaf bakmazlar.<\/p>\n<p><strong>\u2018Benim \u00c7ocu\u011fum\u2019 belgeseliyle ilgili ne d\u00fc\u015f\u00fcn\u00fcyorsunuz?<\/strong><\/p>\n<p>\u00c7ok be\u011fendim. Ki\u015fi hep kendi a\u00e7\u0131s\u0131ndan bak\u0131yor olaya. Aile b\u00fcy\u00fcklerinin ne d\u00fc\u015f\u00fcnd\u00fc\u011f\u00fcn\u00fc bilemiyor. O filmde ailemin bak\u0131\u015f a\u00e7\u0131s\u0131n\u0131 g\u00f6rd\u00fcm. Aile sahip \u00e7\u0131karsa, kimse sana dil uzatam\u0131yor. Onlar bana destek olmasayd\u0131 gibi bir ihtimali d\u00fc\u015f\u00fcnemiyorum bile.<\/p>\n<p><strong>Trans derneklerine ve y\u00fcr\u00fcy\u00fc\u015flerine gidiyor musunuz?<\/strong><\/p>\n<p>Derneklere \u00e7ok gidemiyorum. Trans y\u00fcr\u00fcy\u00fc\u015flerine iki y\u0131ld\u0131r gidiyorum. Bu kadar co\u015fkulu oldu\u011funu bilmiyordum. Ekranda g\u00f6r\u00fcnmekten \u00e7ekiniyordum ama bakt\u0131m ,\u00e7ok kalabal\u0131k oluyormu\u015f.<\/p>\n<p>Kaynak: AGOS<\/p>\n","protected":false},"excerpt":{"rendered":"<p>21 Haziran Pazar g\u00fcn\u00fc yap\u0131lacak Trans Onur Y\u00fcr\u00fcy\u00fc\u015f\u00fc\u2019nden \u00f6nce, Agos gazetesi Bedi Keskin\u2019le bulu\u015ftu. Keskin, Ermeni bir transeks\u00fcel. Bir anlamda \u2018\u00f6tekinin \u00f6tekisi.\u2019 51 ya\u015f\u0131ndaki Keskin, Kapal\u0131\u00e7ar\u015f\u0131\u2019n\u0131n en iyi m\u0131hlay\u0131c\u0131lar\u0131ndan. Ayr\u0131mc\u0131l\u0131ktan, nefretten, \u015fiddetten en \u00e7ok zarar g\u00f6ren bireylerin ba\u015f\u0131nda transeks\u00fceller geliyor \u015f\u00fcphesiz. Hafta ba\u015f\u0131nda ba\u015flayan 6. Trans Onur Haftas\u0131\u2019nda alt\u0131 \u00e7izilen konular\u0131n ba\u015f\u0131nda da nefret cinayetlerine &hellip;<\/p>\n","protected":false},"author":1,"featured_media":12907,"comment_status":"closed","ping_status":"open","sticky":false,"template":"","format":"standard","meta":{"footnotes":""},"categories":[720],"tags":[2214,2215,599,729],"class_list":["post-12906","post","type-post","status-publish","format-standard","has-post-thumbnail","","category-escinselyasam","tag-bedi-keskin","tag-ermeni","tag-trans","tag-yasam-2"],"_links":{"self":[{"href":"http:\/\/www.gzone.com.tr\/index.php\/wp-json\/wp\/v2\/posts\/12906","targetHints":{"allow":["GET"]}}],"collection":[{"href":"http:\/\/www.gzone.com.tr\/index.php\/wp-json\/wp\/v2\/posts"}],"about":[{"href":"http:\/\/www.gzone.com.tr\/index.php\/wp-json\/wp\/v2\/types\/post"}],"author":[{"embeddable":true,"href":"http:\/\/www.gzone.com.tr\/index.php\/wp-json\/wp\/v2\/users\/1"}],"replies":[{"embeddable":true,"href":"http:\/\/www.gzone.com.tr\/index.php\/wp-json\/wp\/v2\/comments?post=12906"}],"version-history":[{"count":0,"href":"http:\/\/www.gzone.com.tr\/index.php\/wp-json\/wp\/v2\/posts\/12906\/revisions"}],"wp:featuredmedia":[{"embeddable":true,"href":"http:\/\/www.gzone.com.tr\/index.php\/wp-json\/wp\/v2\/media\/12907"}],"wp:attachment":[{"href":"http:\/\/www.gzone.com.tr\/index.php\/wp-json\/wp\/v2\/media?parent=12906"}],"wp:term":[{"taxonomy":"category","embeddable":true,"href":"http:\/\/www.gzone.com.tr\/index.php\/wp-json\/wp\/v2\/categories?post=12906"},{"taxonomy":"post_tag","embeddable":true,"href":"http:\/\/www.gzone.com.tr\/index.php\/wp-json\/wp\/v2\/tags?post=12906"}],"curies":[{"name":"wp","href":"https:\/\/api.w.org\/{rel}","templated":true}]}}