{"id":12902,"date":"2015-06-20T10:54:38","date_gmt":"2015-06-20T08:54:38","guid":{"rendered":"http:\/\/gzone.com.tr\/?p=12902"},"modified":"2015-06-20T10:54:38","modified_gmt":"2015-06-20T08:54:38","slug":"zorla-escinsel-iliski-cinayetinde-yargitay-gelismesi","status":"publish","type":"post","link":"http:\/\/www.gzone.com.tr\/index.php\/2015\/06\/20\/zorla-escinsel-iliski-cinayetinde-yargitay-gelismesi\/","title":{"rendered":"ZORLA E\u015eC\u0130NSEL \u0130L\u0130\u015eK\u0130 C\u0130NAYET\u0130NDE YARGITAY GEL\u0130\u015eMES\u0130"},"content":{"rendered":"<p><em>Posta gazetesinin haberine g\u00f6re, e\u015fcinsel ili\u015fki giri\u015fiminde bulunan arkada\u015f\u0131n\u0131 \u00f6ld\u00fcrmekle su\u00e7lanan zanl\u0131ya m\u00fcebbet hapis cezas\u0131 verildi. Karar, Yarg\u0131tay taraf\u0131ndan bozuldu, zanl\u0131 yeniden yarg\u0131lanacak.<\/em><\/p>\n<p><em>Bast\u0131r\u0131lm\u0131\u015f e\u015fcinselli\u011fin yol a\u00e7t\u0131\u011f\u0131 bu tip \u00a0felaketlerden b\u00fcy\u00fck \u00fcz\u00fcnt\u00fc duyarak ve haberdeki homofobik ifadeleri sans\u00fcrlemeden yay\u0131nl\u0131yoruz:<\/em><br \/>\n\u0130zmir\u2019in Kar\u015f\u0131yaka \u0130l\u00e7esi\u2019nde \u00fc\u00e7 y\u0131l \u00f6nce, birlikte alkol ald\u0131\u011f\u0131 arkada\u015f\u0131 31 ya\u015f\u0131ndaki Naz\u0131m Kurtuldu\u2019yu k\u0131r\u0131k \u015fi\u015feyle yaralad\u0131ktan sonra d\u00fc\u015ft\u00fc\u011f\u00fc yerde bo\u011faz\u0131n\u0131 ve y\u00fcz\u00fcn\u00fc keserek \u00f6ld\u00fcren, yapt\u0131\u011f\u0131 i\u015fkenceyi cep telefonuna kaydeden 32 ya\u015f\u0131ndaki Emin Atik hakk\u0131nda \u2019nitelikli kasten \u00f6ld\u00fcrme\u2019 su\u00e7undan verilen \u00f6m\u00fcr boyu hapis cezas\u0131, Yarg\u0131tay taraf\u0131ndan bozuldu. Yarg\u0131tay bozma karar\u0131na gerek\u00e7e olarak, san\u0131\u011f\u0131n, Kurtuldu\u2019nun kendisine cinsel ili\u015fki teklifinde bulundu\u011fu yolundaki iddialar\u0131yla ilgili eksik soru\u015fturma yap\u0131lmas\u0131n\u0131 g\u00f6sterdi.<br \/>\nKIZ ARKADA\u015eI POL\u0130SE G\u00d6T\u00dcRD\u00dc<br \/>\nOlay, 20 May\u0131s 2012 tarihinde, 6185\/3 Sokaktaki trafo yan\u0131nda ceset g\u00f6ren vatanda\u015flar\u0131n polise ihbarda bulunmas\u0131yla ortaya \u00e7\u0131kt\u0131. \u00d6len ki\u015finin kuaf\u00f6rl\u00fck yapan Naz\u0131m Kurtuldu oldu\u011fu belirlendi. Olay yeri \u00e7evresindeki ara\u015ft\u0131rmalar s\u0131ras\u0131nda, Naz\u0131m Kurtuldu\u2019ya ait olan ve yakla\u015f\u0131k bir kilometre boyunca yola damlayan kan izlerine rastland\u0131. Katil zanl\u0131s\u0131 Emin Atik, olay\u0131n ard\u0131ndan Kar\u015f\u0131yaka sahil boyunda oturup konu\u015ftu\u011fu k\u0131z arkada\u015f\u0131 C.H. taraf\u0131ndan yak\u0131ndaki bir polis ekibine teslim edildi.<br \/>\n\u00dcZER\u0130N\u0130 DE\u011e\u0130\u015eT\u0130R\u0130P ELB\u0130SELER\u0130 \u00c7\u00d6PE ATTI<br \/>\nAtik\u2019in telefon kay\u0131tlar\u0131n\u0131 inceleyen polis, en son g\u00f6r\u00fc\u015ft\u00fc\u011f\u00fc ki\u015filer aras\u0131nda Naz\u0131m Kurtuldu\u2019nun oldu\u011funu belirledi. Cep telefonuyla, Kurtuldu\u2019nun can \u00e7eki\u015firken g\u00f6r\u00fcnt\u00fcs\u00fcn\u00fc de \u00e7eken Atik\u2019in, olay\u0131n ard\u0131ndan evine gidip \u00fczerini de\u011fi\u015ftirdi\u011fi, elbiselerini \u00e7\u00f6p konteynerine att\u0131\u011f\u0131n\u0131 ve k\u0131z arkada\u015f\u0131ndan yard\u0131m istemeye gitti\u011fi ortaya \u00e7\u0131kt\u0131. Sorgusunda susma hakk\u0131n\u0131 kullanan Emin Atik tutukland\u0131, hakk\u0131nda a\u011f\u0131rla\u015ft\u0131r\u0131lm\u0131\u015f m\u00fcebbet hapis cezas\u0131 istemiyle dava a\u00e7\u0131ld\u0131. Kar\u015f\u0131yaka 2\u2019nci A\u011f\u0131r Ceza Mahkemesi\u2019ndeki karar duru\u015fmas\u0131na, tutuklu san\u0131k Emin Atik, avukat\u0131 Ahmet Seyit Aky\u00fcz ile \u00f6lenin annesi Sakine Yenigelen, karde\u015fi Soner Kurtuldu ve avukatlar\u0131 Cihan Bayaz\u0131t kat\u0131ld\u0131.<br \/>\n&#8220;SAH\u0130LDE \u0130\u00c7MEY\u0130 TEKL\u0130F ETT\u0130&#8221;<br \/>\nSo\u011fukkanl\u0131 bir \u015fekilde olay\u0131 anlatan Emin Atik, olay g\u00fcn\u00fc babas\u0131na ait i\u015fyerinde alkol ald\u0131\u011f\u0131n\u0131, can\u0131 s\u0131k\u0131l\u0131nca oradan ayr\u0131l\u0131p gitti\u011fini s\u00f6yledi. Atik, &#8220;Cep telefonuyla Naz\u0131m\u2019\u0131 arad\u0131m. Marketten gidip rak\u0131 ald\u0131k. Bizim eve \u00e7\u0131k\u0131p birlikte alkol almaya ba\u015flad\u0131k. Kendisi rak\u0131 i\u00e7mezdi. \u0130\u00e7kimiz bitince tekrar gidip yenisini ald\u0131k. Birlikte eve d\u00f6necekken, kendisi sahilde i\u00e7meyi teklif etti. C\u00fczdan\u0131ndan uyu\u015fturucu hap \u00e7\u0131kart\u0131p verdi. Ben kabul etmedim, kendisi hap\u0131 i\u00e7ti. Eve gitmek i\u00e7in yola \u00e7\u0131kt\u0131k. Mahallede bulunan futbol sahas\u0131nda kalan birer biray\u0131 i\u00e7tik. \u00dczerime a\u011f\u0131rl\u0131k \u00e7\u00f6kt\u00fc. Orada uyuyakald\u0131m. Bir ara v\u00fccudum g\u0131d\u0131klan\u0131nca uyand\u0131m.<\/p>\n<p>Hayat\u0131n\u0131 kaybeden Naz\u0131m Kurtuldu!<br \/>\n&#8220;G\u00d6ZLER\u0130M\u0130 A\u00c7TI\u011eIMDA PANTOLONUM YARIYA KADAR \u0130ND\u0130R\u0130LM\u0130\u015eT\u0130&#8221;<br \/>\nG\u00f6zlerimi a\u00e7t\u0131\u011f\u0131mda pantolonum yar\u0131ya kadar indirilmi\u015fti. Kendisi o anda bana cinsel temasta bulunuyordu. Kendisine vurmaya ba\u015flad\u0131m. Vurmama ra\u011fmen ili\u015fkiye girme teklifini yineledi. Bira \u015fi\u015fesiyle koluna vurdum. O da bana vurmaya ba\u015flad\u0131. En son hat\u0131rlad\u0131\u011f\u0131m kadar\u0131yla Naz\u0131m\u2019\u0131 eli kanarken, bir arabaya yaslanm\u0131\u015f vaziyette g\u00f6rd\u00fcm. Kendisini daha sonra yerde kanlar i\u00e7erisinde yatarken g\u00f6rd\u00fcm. Ba\u015f\u0131nda dua ettim. Ben boynunun kesildi\u011fini dahi fark etmedim. Kalkmas\u0131 i\u00e7in d\u00fcrtt\u00fcm, seslendim. Bakt\u0131m hareket etmeyince korktum \u015foka girdim. Eve gidip \u00fczerimi de\u011fi\u015ftirdim.<br \/>\n&#8220;NAZIM BEN\u0130M 20 YILLIK ARKADA\u015eIM&#8221;<br \/>\nNaz\u0131m benim 20 y\u0131ll\u0131k arkada\u015f\u0131md\u0131r, daha \u00f6nceden aram\u0131zda husumet yoktu. Naz\u0131m her erkek gibi kad\u0131na k\u0131za d\u00fc\u015fk\u00fcnd\u00fc, ama son zamanlarda hakk\u0131nda bir dedikodu oldu. Bir erkekle bir \u015feyler ya\u015fad\u0131\u011f\u0131na dair s\u00f6ylenti oldu ama buna kimse inanmad\u0131&#8221; dedi.<br \/>\nAc\u0131l\u0131 anne Sakine Yenigelen ise san\u0131\u011f\u0131n<strong> yalan s\u00f6yleyip iftira att\u0131\u011f\u0131n\u0131, o\u011flunun gayet sa\u011fl\u0131kl\u0131 bir erkek(!) o<\/strong>ldu\u011funu s\u00f6yledi. Yenigelen, san\u0131ktan da \u015fikayet\u00e7i oldu\u011funu belirterek cezaland\u0131r\u0131lmas\u0131n\u0131 istedi. Soner Kurtuldu da a\u011fabeyinin gayet sa\u011fl\u0131kl\u0131 bir ki\u015fi oldu\u011funu dile getirerek, san\u0131\u011f\u0131n en a\u011f\u0131r \u015fekilde cezaland\u0131r\u0131lmas\u0131n\u0131 talep etti.<\/p>\n<p>Emin Atik&#8217;in olay s\u0131ras\u0131nda cep telefonuyla \u00e7ekti\u011fi g\u00f6r\u00fcnt\u00fcler dedava dosyas\u0131na girdi<br \/>\nSan\u0131\u011f\u0131n avukat\u0131 Seyit Ahmet Aky\u00fcz, m\u00fcvekkiline indirim maddelerinin uygulanmas\u0131n\u0131 talep etti. Mahkeme heyeti san\u0131\u011f\u0131n duru\u015fmalardaki iyi halini g\u00f6z \u00f6n\u00fcne al\u0131p m\u00fcebbet hapis cezas\u0131na \u00e7arpt\u0131rd\u0131. Avukat Aky\u00fcz, karar\u0131n temyizi i\u00e7in Yarg\u0131tay\u2019a ba\u015fvurdu. Avukat Aky\u00fcz, temyiz dilek\u00e7esinde, m\u00fcvekkilinin g\u00f6zalt\u0131na al\u0131nd\u0131\u011f\u0131 20 May\u0131s 2012\u2019de Cinayet B\u00fcro Amirli\u011fi\u2019nde g\u00f6revli polis memurlar\u0131 Mustafa \u015eekerci ve \u00dcnal Karata\u015f\u2019\u0131n tuttu\u011fu tutana\u011fa dikkat \u00e7ekti. Tutanakta, Emin Atik\u2019in s\u00f6zl\u00fc ifadesinde, Kurtuldu\u2019nun kendisine cinsel ili\u015fki teklifinde bulundu\u011funu s\u00f6yledi\u011finin yer ald\u0131\u011f\u0131n\u0131 belirtti. Ayr\u0131ca m\u00fcvekkilinin cezaevinden, olaydan 4 ay sonra mahkemeye g\u00f6nderdi\u011fi yaz\u0131l\u0131 savunmas\u0131nda, polis memurlar\u0131 taraf\u0131ndan tutulan tutanaktaki gibi ayn\u0131 \u015feyleri yazd\u0131\u011f\u0131n\u0131 da vurgulad\u0131. Mahkemenin, haks\u0131z tahrikten yararlanmak i\u00e7in b\u00f6yle bir savunma yarat\u0131ld\u0131\u011f\u0131 y\u00f6n\u00fcndeki g\u00f6r\u00fc\u015f\u00fcne kat\u0131lmad\u0131klar\u0131n\u0131, tutanak tutan polislerin tan\u0131k olarak dinlenmesini, Yarg\u0131tay\u2019da duru\u015fmal\u0131 inceleme yap\u0131lmas\u0131n\u0131 talep etti.<br \/>\nYEN\u0130DEN YARGILANACAK<br \/>\nDosyay\u0131 inceleyen Yarg\u0131tay 1\u2019inci Ceza Dairesi, Avukat Seyit Ahmet Aky\u00fcz\u2019\u00fcn talepleri do\u011frultusunda karar verdi. Yerel mahkemenin avukat\u0131n taleplerini ve san\u0131\u011f\u0131n yaz\u0131l\u0131 savunmalar\u0131n\u0131 g\u00f6z\u00f6n\u00fcne almad\u0131\u011f\u0131, polislerin tan\u0131k olarak dinlenmedi\u011fi belirtildi. \u0130ki polis memurunun duru\u015fmada tan\u0131k olarak dinlenmeleri ve olay s\u0131ras\u0131nda san\u0131\u011f\u0131n cep telefonuyla kaydetti\u011fi g\u00f6r\u00fcnt\u00fclerin yeniden incelenerek, \u00f6zellikle \u2019bana yanl\u0131\u015f yapacak adam\u0131n sonu budur karde\u015f\u2019 dedi\u011fi b\u00f6l\u00fcm \u00fczerinde durulmas\u0131ndan, sonra haks\u0131z tahrik h\u00fck\u00fcmlerinin uygulan\u0131p uygulanmayaca\u011f\u0131na karar verilmesi i\u00e7in karar\u0131 bozdu.<br \/>\nSan\u0131k Emin Atik, bu karar\u0131n ard\u0131ndan yeniden hakim kar\u015f\u0131s\u0131na \u00e7\u0131kacak. Avukat Seyit Ahmet Aky\u00fcz, Yarg\u0131tay\u2019\u0131n talepleri do\u011frultusunda karar verdi\u011fini s\u00f6yledi.<\/p>\n","protected":false},"excerpt":{"rendered":"<p>Posta gazetesinin haberine g\u00f6re, e\u015fcinsel ili\u015fki giri\u015fiminde bulunan arkada\u015f\u0131n\u0131 \u00f6ld\u00fcrmekle su\u00e7lanan zanl\u0131ya m\u00fcebbet hapis cezas\u0131 verildi. Karar, Yarg\u0131tay taraf\u0131ndan bozuldu, zanl\u0131 yeniden yarg\u0131lanacak. Bast\u0131r\u0131lm\u0131\u015f e\u015fcinselli\u011fin yol a\u00e7t\u0131\u011f\u0131 bu tip \u00a0felaketlerden b\u00fcy\u00fck \u00fcz\u00fcnt\u00fc duyarak ve haberdeki homofobik ifadeleri sans\u00fcrlemeden yay\u0131nl\u0131yoruz: \u0130zmir\u2019in Kar\u015f\u0131yaka \u0130l\u00e7esi\u2019nde \u00fc\u00e7 y\u0131l \u00f6nce, birlikte alkol ald\u0131\u011f\u0131 arkada\u015f\u0131 31 ya\u015f\u0131ndaki Naz\u0131m Kurtuldu\u2019yu k\u0131r\u0131k \u015fi\u015feyle &hellip;<\/p>\n","protected":false},"author":1,"featured_media":11187,"comment_status":"closed","ping_status":"open","sticky":false,"template":"","format":"standard","meta":{"footnotes":""},"categories":[91,96],"tags":[667,976],"class_list":["post-12902","post","type-post","status-publish","format-standard","has-post-thumbnail","","category-haberler","category-turkiye","tag-cinayet","tag-nefret"],"_links":{"self":[{"href":"http:\/\/www.gzone.com.tr\/index.php\/wp-json\/wp\/v2\/posts\/12902","targetHints":{"allow":["GET"]}}],"collection":[{"href":"http:\/\/www.gzone.com.tr\/index.php\/wp-json\/wp\/v2\/posts"}],"about":[{"href":"http:\/\/www.gzone.com.tr\/index.php\/wp-json\/wp\/v2\/types\/post"}],"author":[{"embeddable":true,"href":"http:\/\/www.gzone.com.tr\/index.php\/wp-json\/wp\/v2\/users\/1"}],"replies":[{"embeddable":true,"href":"http:\/\/www.gzone.com.tr\/index.php\/wp-json\/wp\/v2\/comments?post=12902"}],"version-history":[{"count":0,"href":"http:\/\/www.gzone.com.tr\/index.php\/wp-json\/wp\/v2\/posts\/12902\/revisions"}],"wp:featuredmedia":[{"embeddable":true,"href":"http:\/\/www.gzone.com.tr\/index.php\/wp-json\/wp\/v2\/media\/11187"}],"wp:attachment":[{"href":"http:\/\/www.gzone.com.tr\/index.php\/wp-json\/wp\/v2\/media?parent=12902"}],"wp:term":[{"taxonomy":"category","embeddable":true,"href":"http:\/\/www.gzone.com.tr\/index.php\/wp-json\/wp\/v2\/categories?post=12902"},{"taxonomy":"post_tag","embeddable":true,"href":"http:\/\/www.gzone.com.tr\/index.php\/wp-json\/wp\/v2\/tags?post=12902"}],"curies":[{"name":"wp","href":"https:\/\/api.w.org\/{rel}","templated":true}]}}