{"id":12852,"date":"2015-06-19T10:52:03","date_gmt":"2015-06-19T08:52:03","guid":{"rendered":"http:\/\/gzone.com.tr\/?p=12852"},"modified":"2015-06-19T10:52:03","modified_gmt":"2015-06-19T08:52:03","slug":"belcikadan-vatikana-gey-destekcisi-piskopos","status":"publish","type":"post","link":"http:\/\/www.gzone.com.tr\/index.php\/2015\/06\/19\/belcikadan-vatikana-gey-destekcisi-piskopos\/","title":{"rendered":"BEL\u00c7\u0130KA&#8217;DAN VAT\u0130KAN&#8217;A GEY DESTEK\u00c7\u0130S\u0130 P\u0130SKOPOS"},"content":{"rendered":"<p>E\u015fcinsel destek\u00e7isi, Antwerp\u00a0Piskoposu Johan Bonny, ekim ay\u0131nda ger\u00e7ekle\u015fecek Vatikan toplant\u0131s\u0131nda kilisesini temsil etmek \u00fczere Vatikan&#8217;a g\u00f6nderiliyor.<\/p>\n<p>Ge\u00e7ti\u011fimiz Aral\u0131k ay\u0131nda e\u015fcinsel evlilik destek\u00e7isi a\u00e7\u0131klamalar\u0131yla Katolik d\u00fcnyas\u0131nda g\u00fcndem olan Antwerp Piskoposu\u00a0Johan Bonny, LGBT evliliklerinin Papa taraf\u0131ndan onaylanmas\u0131n\u0131 ikna etmek \u00fczere Vatikan&#8217;a gidiyor.<\/p>\n<p>Ge\u00e7ti\u011fimiz Aral\u0131k ay\u0131nda, LGBT bireylerin de kilise taraf\u0131ndan kucaklanmas\u0131 gerekti\u011fini savunan ve bu y\u00f6nde a\u00e7\u0131klamalar\u0131nda e\u015fcinsel evliliklerin kilise taraf\u0131ndan tan\u0131nmas\u0131n\u0131n LGBT d\u00fcnyas\u0131nda daha etik ili\u015fki ya\u015fanmas\u0131 i\u00e7in bir mecburiyet oldu\u011funu savunan Johan Bonny, bu a\u00e7\u0131klamalar\u0131yla Katolik d\u00fcnyas\u0131ndan b\u00fcy\u00fck tepki toplam\u0131\u015ft\u0131. Bel\u00e7ika h\u00fck\u00fcmeti taraf\u0131ndan desteklenen bu a\u00e7\u0131klamalar\u0131n\u0131 Katolik D\u00fcnyas\u0131n\u0131n liderine ve heyetine sunmak \u00fczere Bel\u00e7ika taraf\u0131ndan Vatikan&#8217;a g\u00f6nderilecek olan Piskopos&#8217;un kat\u0131l\u0131m\u0131 konusunda Vatikan&#8217;\u0131n verece\u011fi tepki merak ediliyor.<\/p>\n","protected":false},"excerpt":{"rendered":"<p>E\u015fcinsel destek\u00e7isi, Antwerp\u00a0Piskoposu Johan Bonny, ekim ay\u0131nda ger\u00e7ekle\u015fecek Vatikan toplant\u0131s\u0131nda kilisesini temsil etmek \u00fczere Vatikan&#8217;a g\u00f6nderiliyor. Ge\u00e7ti\u011fimiz Aral\u0131k ay\u0131nda e\u015fcinsel evlilik destek\u00e7isi a\u00e7\u0131klamalar\u0131yla Katolik d\u00fcnyas\u0131nda g\u00fcndem olan Antwerp Piskoposu\u00a0Johan Bonny, LGBT evliliklerinin Papa taraf\u0131ndan onaylanmas\u0131n\u0131 ikna etmek \u00fczere Vatikan&#8217;a gidiyor. Ge\u00e7ti\u011fimiz Aral\u0131k ay\u0131nda, LGBT bireylerin de kilise taraf\u0131ndan kucaklanmas\u0131 gerekti\u011fini savunan ve bu y\u00f6nde a\u00e7\u0131klamalar\u0131nda &hellip;<\/p>\n","protected":false},"author":1,"featured_media":12853,"comment_status":"closed","ping_status":"open","sticky":false,"template":"","format":"standard","meta":{"footnotes":""},"categories":[92,91],"tags":[113,576,112,2207,746],"class_list":["post-12852","post","type-post","status-publish","format-standard","has-post-thumbnail","","category-dunya","category-haberler","tag-dunya-2","tag-escinsel-evlilik","tag-haberler-2","tag-johan-bonny","tag-vatikan"],"_links":{"self":[{"href":"http:\/\/www.gzone.com.tr\/index.php\/wp-json\/wp\/v2\/posts\/12852","targetHints":{"allow":["GET"]}}],"collection":[{"href":"http:\/\/www.gzone.com.tr\/index.php\/wp-json\/wp\/v2\/posts"}],"about":[{"href":"http:\/\/www.gzone.com.tr\/index.php\/wp-json\/wp\/v2\/types\/post"}],"author":[{"embeddable":true,"href":"http:\/\/www.gzone.com.tr\/index.php\/wp-json\/wp\/v2\/users\/1"}],"replies":[{"embeddable":true,"href":"http:\/\/www.gzone.com.tr\/index.php\/wp-json\/wp\/v2\/comments?post=12852"}],"version-history":[{"count":0,"href":"http:\/\/www.gzone.com.tr\/index.php\/wp-json\/wp\/v2\/posts\/12852\/revisions"}],"wp:featuredmedia":[{"embeddable":true,"href":"http:\/\/www.gzone.com.tr\/index.php\/wp-json\/wp\/v2\/media\/12853"}],"wp:attachment":[{"href":"http:\/\/www.gzone.com.tr\/index.php\/wp-json\/wp\/v2\/media?parent=12852"}],"wp:term":[{"taxonomy":"category","embeddable":true,"href":"http:\/\/www.gzone.com.tr\/index.php\/wp-json\/wp\/v2\/categories?post=12852"},{"taxonomy":"post_tag","embeddable":true,"href":"http:\/\/www.gzone.com.tr\/index.php\/wp-json\/wp\/v2\/tags?post=12852"}],"curies":[{"name":"wp","href":"https:\/\/api.w.org\/{rel}","templated":true}]}}