{"id":12577,"date":"2015-06-13T11:17:12","date_gmt":"2015-06-13T09:17:12","guid":{"rendered":"http:\/\/gzone.com.tr\/?p=12577"},"modified":"2015-06-13T11:17:12","modified_gmt":"2015-06-13T09:17:12","slug":"queer-as-folk-geri-mi-donuyor","status":"publish","type":"post","link":"http:\/\/www.gzone.com.tr\/index.php\/2015\/06\/13\/queer-as-folk-geri-mi-donuyor\/","title":{"rendered":"&#8216;QUEER AS FOLK&#8217; GER\u0130 M\u0130 D\u00d6N\u00dcYOR?"},"content":{"rendered":"<p>Efsane e\u015fcinsel temal\u0131 dizi Queer As Folk&#8217;un oyuncular\u0131ndan ortaya yeni bir iddia at\u0131ld\u0131. Dizide &#8216;Emmett Honeycutt&#8217; rol\u00fcn\u00fc canland\u0131ran oyuncu\u00a0Peter Paige ge\u00e7ti\u011fimiz hafta kat\u0131ld\u0131\u011f\u0131 bir radyo program\u0131nda Queer As Folk&#8217;un devam\u0131n\u0131n \u00e7ekilme ihtimali oldu\u011funu belirtti.<\/p>\n<p>&#8221;Dizinin finalinin 10 y\u0131l sonras\u0131nda bile hala ayn\u0131 derecede ilgi \u00e7ekiyor olmas\u0131 inan\u0131lmaz&#8221; s\u00f6zleriyle durumu anlatan oyuncu, &#8221; Sekt\u00f6rde milyon dolarl\u0131k b\u00fct\u00e7eler d\u00f6n\u00fcyor. B\u00f6yle bir projenin d\u00fc\u015f\u00fcn\u00fcld\u00fc\u011f\u00fcn\u00fc biliyorum, ancak konunun ne kadar ciddi oldu\u011fu konusunda bir fikrim yok&#8221; diyerek konuya a\u00e7\u0131kl\u0131k getirdi.<\/p>\n<p>&nbsp;<\/p>\n","protected":false},"excerpt":{"rendered":"<p>Efsane e\u015fcinsel temal\u0131 dizi Queer As Folk&#8217;un oyuncular\u0131ndan ortaya yeni bir iddia at\u0131ld\u0131. Dizide &#8216;Emmett Honeycutt&#8217; rol\u00fcn\u00fc canland\u0131ran oyuncu\u00a0Peter Paige ge\u00e7ti\u011fimiz hafta kat\u0131ld\u0131\u011f\u0131 bir radyo program\u0131nda Queer As Folk&#8217;un devam\u0131n\u0131n \u00e7ekilme ihtimali oldu\u011funu belirtti. &#8221;Dizinin finalinin 10 y\u0131l sonras\u0131nda bile hala ayn\u0131 derecede ilgi \u00e7ekiyor olmas\u0131 inan\u0131lmaz&#8221; s\u00f6zleriyle durumu anlatan oyuncu, &#8221; Sekt\u00f6rde milyon dolarl\u0131k &hellip;<\/p>\n","protected":false},"author":1,"featured_media":12578,"comment_status":"closed","ping_status":"open","sticky":false,"template":"","format":"standard","meta":{"footnotes":""},"categories":[28,61],"tags":[592,1284],"class_list":["post-12577","post","type-post","status-publish","format-standard","has-post-thumbnail","","category-pop","category-sinematv","tag-dizi","tag-queer-as-folk"],"_links":{"self":[{"href":"http:\/\/www.gzone.com.tr\/index.php\/wp-json\/wp\/v2\/posts\/12577","targetHints":{"allow":["GET"]}}],"collection":[{"href":"http:\/\/www.gzone.com.tr\/index.php\/wp-json\/wp\/v2\/posts"}],"about":[{"href":"http:\/\/www.gzone.com.tr\/index.php\/wp-json\/wp\/v2\/types\/post"}],"author":[{"embeddable":true,"href":"http:\/\/www.gzone.com.tr\/index.php\/wp-json\/wp\/v2\/users\/1"}],"replies":[{"embeddable":true,"href":"http:\/\/www.gzone.com.tr\/index.php\/wp-json\/wp\/v2\/comments?post=12577"}],"version-history":[{"count":0,"href":"http:\/\/www.gzone.com.tr\/index.php\/wp-json\/wp\/v2\/posts\/12577\/revisions"}],"wp:featuredmedia":[{"embeddable":true,"href":"http:\/\/www.gzone.com.tr\/index.php\/wp-json\/wp\/v2\/media\/12578"}],"wp:attachment":[{"href":"http:\/\/www.gzone.com.tr\/index.php\/wp-json\/wp\/v2\/media?parent=12577"}],"wp:term":[{"taxonomy":"category","embeddable":true,"href":"http:\/\/www.gzone.com.tr\/index.php\/wp-json\/wp\/v2\/categories?post=12577"},{"taxonomy":"post_tag","embeddable":true,"href":"http:\/\/www.gzone.com.tr\/index.php\/wp-json\/wp\/v2\/tags?post=12577"}],"curies":[{"name":"wp","href":"https:\/\/api.w.org\/{rel}","templated":true}]}}