{"id":12039,"date":"2015-05-26T10:19:30","date_gmt":"2015-05-26T08:19:30","guid":{"rendered":"http:\/\/gzone.com.tr\/?p=12039"},"modified":"2015-05-26T10:19:30","modified_gmt":"2015-05-26T08:19:30","slug":"fasta-uc-kisi-escinsel-olduklari-gerekcesiyle-tutuklandi","status":"publish","type":"post","link":"http:\/\/www.gzone.com.tr\/index.php\/2015\/05\/26\/fasta-uc-kisi-escinsel-olduklari-gerekcesiyle-tutuklandi\/","title":{"rendered":"FAS&#8217;TA \u00dc\u00c7 K\u0130\u015e\u0130 E\u015eC\u0130NSEL OLDUKLARI GEREK\u00c7ES\u0130YLE TUTUKLANDI"},"content":{"rendered":"<p>E\u015fcinsel ili\u015fkinin yasalar gere\u011fi yasak olan, D\u00fcnya&#8217;n\u0131n en homofobik \u00fclkeleri aras\u0131nda yer alan Fas&#8217;ta 3 erkek e\u015fcinsel ili\u015fki ya\u015fad\u0131klar\u0131 gerek\u00e7esiyle tutukland\u0131.<\/p>\n<p>Taourirt kentinde ya\u015fanan olayda 40&#8217;l\u0131 ya\u015flar\u0131nda olan bir erkek ve 20&#8217;li ya\u015flar\u0131nda olan iki erkek e\u015fcinsel ili\u015fki ya\u015fad\u0131klar\u0131 gerek\u00e7esiyle tutukland\u0131. Fas yasalar\u0131na g\u00f6re e\u015fcinsel ili\u015fki ya\u015faman\u0131n cezas\u0131 3 y\u0131l hapisken, \u00fclkenin genelinde LGBTI aktivistleri tutuklamalarla ilgili \u00f6zel bir kampanya y\u00fcr\u00fctmeye haz\u0131rlan\u0131yor.<\/p>\n<p>&nbsp;<\/p>\n","protected":false},"excerpt":{"rendered":"<p>E\u015fcinsel ili\u015fkinin yasalar gere\u011fi yasak olan, D\u00fcnya&#8217;n\u0131n en homofobik \u00fclkeleri aras\u0131nda yer alan Fas&#8217;ta 3 erkek e\u015fcinsel ili\u015fki ya\u015fad\u0131klar\u0131 gerek\u00e7esiyle tutukland\u0131. Taourirt kentinde ya\u015fanan olayda 40&#8217;l\u0131 ya\u015flar\u0131nda olan bir erkek ve 20&#8217;li ya\u015flar\u0131nda olan iki erkek e\u015fcinsel ili\u015fki ya\u015fad\u0131klar\u0131 gerek\u00e7esiyle tutukland\u0131. Fas yasalar\u0131na g\u00f6re e\u015fcinsel ili\u015fki ya\u015faman\u0131n cezas\u0131 3 y\u0131l hapisken, \u00fclkenin genelinde LGBTI aktivistleri &hellip;<\/p>\n","protected":false},"author":1,"featured_media":12040,"comment_status":"closed","ping_status":"open","sticky":false,"template":"","format":"standard","meta":{"footnotes":""},"categories":[92,91],"tags":[113,2098,112,465],"class_list":["post-12039","post","type-post","status-publish","format-standard","has-post-thumbnail","","category-dunya","category-haberler","tag-dunya-2","tag-fas","tag-haberler-2","tag-homofobi"],"_links":{"self":[{"href":"http:\/\/www.gzone.com.tr\/index.php\/wp-json\/wp\/v2\/posts\/12039","targetHints":{"allow":["GET"]}}],"collection":[{"href":"http:\/\/www.gzone.com.tr\/index.php\/wp-json\/wp\/v2\/posts"}],"about":[{"href":"http:\/\/www.gzone.com.tr\/index.php\/wp-json\/wp\/v2\/types\/post"}],"author":[{"embeddable":true,"href":"http:\/\/www.gzone.com.tr\/index.php\/wp-json\/wp\/v2\/users\/1"}],"replies":[{"embeddable":true,"href":"http:\/\/www.gzone.com.tr\/index.php\/wp-json\/wp\/v2\/comments?post=12039"}],"version-history":[{"count":0,"href":"http:\/\/www.gzone.com.tr\/index.php\/wp-json\/wp\/v2\/posts\/12039\/revisions"}],"wp:featuredmedia":[{"embeddable":true,"href":"http:\/\/www.gzone.com.tr\/index.php\/wp-json\/wp\/v2\/media\/12040"}],"wp:attachment":[{"href":"http:\/\/www.gzone.com.tr\/index.php\/wp-json\/wp\/v2\/media?parent=12039"}],"wp:term":[{"taxonomy":"category","embeddable":true,"href":"http:\/\/www.gzone.com.tr\/index.php\/wp-json\/wp\/v2\/categories?post=12039"},{"taxonomy":"post_tag","embeddable":true,"href":"http:\/\/www.gzone.com.tr\/index.php\/wp-json\/wp\/v2\/tags?post=12039"}],"curies":[{"name":"wp","href":"https:\/\/api.w.org\/{rel}","templated":true}]}}