{"id":12037,"date":"2015-05-26T09:53:25","date_gmt":"2015-05-26T07:53:25","guid":{"rendered":"http:\/\/gzone.com.tr\/?p=12037"},"modified":"2015-05-26T09:53:25","modified_gmt":"2015-05-26T07:53:25","slug":"irlandadan-sonra-almanyada-da-escinsel-evlilik-gundemde","status":"publish","type":"post","link":"http:\/\/www.gzone.com.tr\/index.php\/2015\/05\/26\/irlandadan-sonra-almanyada-da-escinsel-evlilik-gundemde\/","title":{"rendered":"\u0130RLANDA&#8217;DAN SONRA ALMANYA&#8217;DA DA E\u015eC\u0130NSEL EVL\u0130L\u0130K G\u00dcNDEMDE"},"content":{"rendered":"<p>Ge\u00e7ti\u011fimiz g\u00fcnlerde \u0130rlanda da referandum yap\u0131lm\u0131\u015f, halk e\u015fcinsel evlili\u011fin yasal olmas\u0131 gerekti\u011fine karar vermi\u015fti. Bunun ard\u0131ndan Almanya&#8217;da da Ye\u015filler Partisi, e\u015fcinsel evlili\u011fin zaman\u0131n\u0131n geldi\u011fini s\u00f6yleyerek, h\u00fck\u00fcmete ad\u0131m at\u0131lmas\u0131 i\u00e7in \u00e7a\u011fr\u0131 yapt\u0131.<\/p>\n<p>Parti yetkilileri \u0130rlanda&#8217;n\u0131n karar\u0131n\u0131n Almanya&#8217;da evlilik e\u015fitli\u011fi i\u00e7in ad\u0131m at\u0131lmas\u0131n\u0131 h\u0131zland\u0131raca\u011f\u0131n\u0131 s\u00f6ylerken, h\u00fck\u00fcmetin art\u0131k oturup uzun uzun konuyu tart\u0131\u015famayaca\u011f\u0131n\u0131 belirtiyor. \u0130rlanda&#8217;da yap\u0131lan oylamada %62 e\u015fcinsel evlili\u011fe evet demi\u015f, kar\u015f\u0131 \u00e7\u0131kanlar\u0131n oran\u0131 %37.9&#8217;da kalm\u0131\u015ft\u0131.<\/p>\n<p><em>KAYNAK: haber.sol.org.tr<\/em><\/p>\n","protected":false},"excerpt":{"rendered":"<p>Ge\u00e7ti\u011fimiz g\u00fcnlerde \u0130rlanda da referandum yap\u0131lm\u0131\u015f, halk e\u015fcinsel evlili\u011fin yasal olmas\u0131 gerekti\u011fine karar vermi\u015fti. Bunun ard\u0131ndan Almanya&#8217;da da Ye\u015filler Partisi, e\u015fcinsel evlili\u011fin zaman\u0131n\u0131n geldi\u011fini s\u00f6yleyerek, h\u00fck\u00fcmete ad\u0131m at\u0131lmas\u0131 i\u00e7in \u00e7a\u011fr\u0131 yapt\u0131. Parti yetkilileri \u0130rlanda&#8217;n\u0131n karar\u0131n\u0131n Almanya&#8217;da evlilik e\u015fitli\u011fi i\u00e7in ad\u0131m at\u0131lmas\u0131n\u0131 h\u0131zland\u0131raca\u011f\u0131n\u0131 s\u00f6ylerken, h\u00fck\u00fcmetin art\u0131k oturup uzun uzun konuyu tart\u0131\u015famayaca\u011f\u0131n\u0131 belirtiyor. \u0130rlanda&#8217;da yap\u0131lan oylamada %62 &hellip;<\/p>\n","protected":false},"author":1,"featured_media":4850,"comment_status":"closed","ping_status":"open","sticky":false,"template":"","format":"standard","meta":{"footnotes":""},"categories":[92,91],"tags":[641,113,112],"class_list":["post-12037","post","type-post","status-publish","format-standard","has-post-thumbnail","","category-dunya","category-haberler","tag-almanya","tag-dunya-2","tag-haberler-2"],"_links":{"self":[{"href":"http:\/\/www.gzone.com.tr\/index.php\/wp-json\/wp\/v2\/posts\/12037","targetHints":{"allow":["GET"]}}],"collection":[{"href":"http:\/\/www.gzone.com.tr\/index.php\/wp-json\/wp\/v2\/posts"}],"about":[{"href":"http:\/\/www.gzone.com.tr\/index.php\/wp-json\/wp\/v2\/types\/post"}],"author":[{"embeddable":true,"href":"http:\/\/www.gzone.com.tr\/index.php\/wp-json\/wp\/v2\/users\/1"}],"replies":[{"embeddable":true,"href":"http:\/\/www.gzone.com.tr\/index.php\/wp-json\/wp\/v2\/comments?post=12037"}],"version-history":[{"count":0,"href":"http:\/\/www.gzone.com.tr\/index.php\/wp-json\/wp\/v2\/posts\/12037\/revisions"}],"wp:featuredmedia":[{"embeddable":true,"href":"http:\/\/www.gzone.com.tr\/index.php\/wp-json\/wp\/v2\/media\/4850"}],"wp:attachment":[{"href":"http:\/\/www.gzone.com.tr\/index.php\/wp-json\/wp\/v2\/media?parent=12037"}],"wp:term":[{"taxonomy":"category","embeddable":true,"href":"http:\/\/www.gzone.com.tr\/index.php\/wp-json\/wp\/v2\/categories?post=12037"},{"taxonomy":"post_tag","embeddable":true,"href":"http:\/\/www.gzone.com.tr\/index.php\/wp-json\/wp\/v2\/tags?post=12037"}],"curies":[{"name":"wp","href":"https:\/\/api.w.org\/{rel}","templated":true}]}}