{"id":11946,"date":"2015-05-23T09:13:40","date_gmt":"2015-05-23T07:13:40","guid":{"rendered":"http:\/\/gzone.com.tr\/?p=11946"},"modified":"2015-05-23T09:13:40","modified_gmt":"2015-05-23T07:13:40","slug":"dinle-adam-lamberttan-iki-yeni-sarki-daha","status":"publish","type":"post","link":"http:\/\/www.gzone.com.tr\/index.php\/2015\/05\/23\/dinle-adam-lamberttan-iki-yeni-sarki-daha\/","title":{"rendered":"D\u0130NLE: ADAM LAMBERT&#8217;TAN \u0130K\u0130 YEN\u0130 \u015eARKI DAHA"},"content":{"rendered":"<p>Dur durak bilmiyor, Adam Lambert yak\u0131nda \u00e7\u0131kacak alb\u00fcm\u00fcnden \u015fark\u0131lar\u0131 payla\u015fmaya son h\u0131zla devam ediyor. Alb\u00fcm\u00fcn\u00fcn ilk teklisi &#8216;Ghost Town&#8217;\u0131 yay\u0131nlad\u0131\u011f\u0131nda Madonna ile pi\u015fti olan e\u015fcinsel y\u0131ld\u0131z, ikinci \u015fark\u0131s\u0131 &#8216;Underground&#8217; ile de be\u011fenileri toplamaya devam etti.<\/p>\n<p>22 May\u0131s&#8217;ta iki yeni \u015fark\u0131s\u0131n\u0131 sosyal medyada payla\u015fan Adam Lambert&#8217;\u0131n alb\u00fcm\u00fcn\u00fcn \u00e7\u0131k\u0131\u015f tarihine kadar b\u00fct\u00fcn \u015fark\u0131lar\u0131n\u0131 tek tek duyuraca\u011f\u0131 s\u00f6yleniyor.<\/p>\n<p>&nbsp;<\/p>\n<p><iframe loading=\"lazy\" src=\"https:\/\/www.youtube.com\/embed\/VVFie1N25lg\" width=\"560\" height=\"315\" frameborder=\"0\" allowfullscreen=\"allowfullscreen\"><\/iframe><\/p>\n<p><iframe loading=\"lazy\" src=\"https:\/\/www.youtube.com\/embed\/cXGpOAKG76w\" width=\"560\" height=\"315\" frameborder=\"0\" allowfullscreen=\"allowfullscreen\"><\/iframe><\/p>\n","protected":false},"excerpt":{"rendered":"<p>Dur durak bilmiyor, Adam Lambert yak\u0131nda \u00e7\u0131kacak alb\u00fcm\u00fcnden \u015fark\u0131lar\u0131 payla\u015fmaya son h\u0131zla devam ediyor. Alb\u00fcm\u00fcn\u00fcn ilk teklisi &#8216;Ghost Town&#8217;\u0131 yay\u0131nlad\u0131\u011f\u0131nda Madonna ile pi\u015fti olan e\u015fcinsel y\u0131ld\u0131z, ikinci \u015fark\u0131s\u0131 &#8216;Underground&#8217; ile de be\u011fenileri toplamaya devam etti. 22 May\u0131s&#8217;ta iki yeni \u015fark\u0131s\u0131n\u0131 sosyal medyada payla\u015fan Adam Lambert&#8217;\u0131n alb\u00fcm\u00fcn\u00fcn \u00e7\u0131k\u0131\u015f tarihine kadar b\u00fct\u00fcn \u015fark\u0131lar\u0131n\u0131 tek tek duyuraca\u011f\u0131 s\u00f6yleniyor. &hellip;<\/p>\n","protected":false},"author":1,"featured_media":11947,"comment_status":"closed","ping_status":"open","sticky":false,"template":"","format":"standard","meta":{"footnotes":""},"categories":[39,28],"tags":[960,275],"class_list":["post-11946","post","type-post","status-publish","format-standard","has-post-thumbnail","","category-muzik","category-pop","tag-adam-lambert","tag-muzik-2"],"_links":{"self":[{"href":"http:\/\/www.gzone.com.tr\/index.php\/wp-json\/wp\/v2\/posts\/11946","targetHints":{"allow":["GET"]}}],"collection":[{"href":"http:\/\/www.gzone.com.tr\/index.php\/wp-json\/wp\/v2\/posts"}],"about":[{"href":"http:\/\/www.gzone.com.tr\/index.php\/wp-json\/wp\/v2\/types\/post"}],"author":[{"embeddable":true,"href":"http:\/\/www.gzone.com.tr\/index.php\/wp-json\/wp\/v2\/users\/1"}],"replies":[{"embeddable":true,"href":"http:\/\/www.gzone.com.tr\/index.php\/wp-json\/wp\/v2\/comments?post=11946"}],"version-history":[{"count":0,"href":"http:\/\/www.gzone.com.tr\/index.php\/wp-json\/wp\/v2\/posts\/11946\/revisions"}],"wp:featuredmedia":[{"embeddable":true,"href":"http:\/\/www.gzone.com.tr\/index.php\/wp-json\/wp\/v2\/media\/11947"}],"wp:attachment":[{"href":"http:\/\/www.gzone.com.tr\/index.php\/wp-json\/wp\/v2\/media?parent=11946"}],"wp:term":[{"taxonomy":"category","embeddable":true,"href":"http:\/\/www.gzone.com.tr\/index.php\/wp-json\/wp\/v2\/categories?post=11946"},{"taxonomy":"post_tag","embeddable":true,"href":"http:\/\/www.gzone.com.tr\/index.php\/wp-json\/wp\/v2\/tags?post=11946"}],"curies":[{"name":"wp","href":"https:\/\/api.w.org\/{rel}","templated":true}]}}