{"id":11674,"date":"2015-05-15T13:34:54","date_gmt":"2015-05-15T11:34:54","guid":{"rendered":"http:\/\/gzone.com.tr\/?p=11674"},"modified":"2015-05-17T19:02:21","modified_gmt":"2015-05-17T17:02:21","slug":"escinsel-karsiti-kanunlar-hazirlayan-politikaci-fena-yakalandi","status":"publish","type":"post","link":"http:\/\/www.gzone.com.tr\/index.php\/2015\/05\/15\/escinsel-karsiti-kanunlar-hazirlayan-politikaci-fena-yakalandi\/","title":{"rendered":"E\u015eC\u0130NSEL KAR\u015eITI KANUNLAR HAZIRLAYAN POL\u0130T\u0130KACI FENA YAKALANDI"},"content":{"rendered":"<p>Missouri eyaletinin parlamentosunda &#8220;aile de\u011ferlerini koruma&#8221; ve &#8220;e\u015fcinsel evliliklere kar\u015f\u0131 bildiriler yay\u0131nlama ve kanunla\u015ft\u0131rma&#8221; konusunda \u00e7al\u0131\u015fmalar\u0131 bulunan \u00a0ve evli bir erkek olan John Diehl, 19 ya\u015f\u0131ndaki kad\u0131n\u00a0\u00fcniversite \u00f6\u011frencisi ile fl\u00f6rtle\u015fti\u011fi mesajlar\u0131 g\u00fcn y\u00fcz\u00fcne \u00e7\u0131k\u0131nca zor duruma d\u00fc\u015ft\u00fc.<\/p>\n<p>Missouri parlamentosu taraf\u0131ndan &#8221; Missouri halk\u0131n\u0131n aile de\u011ferlerine sahip \u00e7\u0131kma, ahlakl\u0131 liderlik ve d\u00fcr\u00fcstl\u00fck&#8221; konusunda da onurland\u0131r\u0131lan Diehl&#8217;in mesajlar\u0131 ABD&#8217;nin \u00fcnl\u00fc gey magazin sitesi Queerty&#8217;de b\u00fct\u00fcn detaylar\u0131yla yay\u0131nland\u0131 ve bir iki y\u00fczl\u00fc politikac\u0131 daha if\u015fa edilmi\u015f oldu.<\/p>\n<p>&nbsp;<\/p>\n<p>&nbsp;<\/p>\n","protected":false},"excerpt":{"rendered":"<p>Missouri eyaletinin parlamentosunda &#8220;aile de\u011ferlerini koruma&#8221; ve &#8220;e\u015fcinsel evliliklere kar\u015f\u0131 bildiriler yay\u0131nlama ve kanunla\u015ft\u0131rma&#8221; konusunda \u00e7al\u0131\u015fmalar\u0131 bulunan \u00a0ve evli bir erkek olan John Diehl, 19 ya\u015f\u0131ndaki kad\u0131n\u00a0\u00fcniversite \u00f6\u011frencisi ile fl\u00f6rtle\u015fti\u011fi mesajlar\u0131 g\u00fcn y\u00fcz\u00fcne \u00e7\u0131k\u0131nca zor duruma d\u00fc\u015ft\u00fc. Missouri parlamentosu taraf\u0131ndan &#8221; Missouri halk\u0131n\u0131n aile de\u011ferlerine sahip \u00e7\u0131kma, ahlakl\u0131 liderlik ve d\u00fcr\u00fcstl\u00fck&#8221; konusunda da onurland\u0131r\u0131lan Diehl&#8217;in &hellip;<\/p>\n","protected":false},"author":1,"featured_media":11677,"comment_status":"closed","ping_status":"open","sticky":false,"template":"","format":"standard","meta":{"footnotes":""},"categories":[92,91],"tags":[113,2047],"class_list":["post-11674","post","type-post","status-publish","format-standard","has-post-thumbnail","","category-dunya","category-haberler","tag-dunya-2","tag-ifsa"],"_links":{"self":[{"href":"http:\/\/www.gzone.com.tr\/index.php\/wp-json\/wp\/v2\/posts\/11674","targetHints":{"allow":["GET"]}}],"collection":[{"href":"http:\/\/www.gzone.com.tr\/index.php\/wp-json\/wp\/v2\/posts"}],"about":[{"href":"http:\/\/www.gzone.com.tr\/index.php\/wp-json\/wp\/v2\/types\/post"}],"author":[{"embeddable":true,"href":"http:\/\/www.gzone.com.tr\/index.php\/wp-json\/wp\/v2\/users\/1"}],"replies":[{"embeddable":true,"href":"http:\/\/www.gzone.com.tr\/index.php\/wp-json\/wp\/v2\/comments?post=11674"}],"version-history":[{"count":0,"href":"http:\/\/www.gzone.com.tr\/index.php\/wp-json\/wp\/v2\/posts\/11674\/revisions"}],"wp:featuredmedia":[{"embeddable":true,"href":"http:\/\/www.gzone.com.tr\/index.php\/wp-json\/wp\/v2\/media\/11677"}],"wp:attachment":[{"href":"http:\/\/www.gzone.com.tr\/index.php\/wp-json\/wp\/v2\/media?parent=11674"}],"wp:term":[{"taxonomy":"category","embeddable":true,"href":"http:\/\/www.gzone.com.tr\/index.php\/wp-json\/wp\/v2\/categories?post=11674"},{"taxonomy":"post_tag","embeddable":true,"href":"http:\/\/www.gzone.com.tr\/index.php\/wp-json\/wp\/v2\/tags?post=11674"}],"curies":[{"name":"wp","href":"https:\/\/api.w.org\/{rel}","templated":true}]}}