{"id":11652,"date":"2015-05-15T08:24:12","date_gmt":"2015-05-15T06:24:12","guid":{"rendered":"http:\/\/gzone.com.tr\/?p=11652"},"modified":"2015-05-15T08:34:36","modified_gmt":"2015-05-15T06:34:36","slug":"nilufer-kendi-cennetimle-geri-dondu","status":"publish","type":"post","link":"http:\/\/www.gzone.com.tr\/index.php\/2015\/05\/15\/nilufer-kendi-cennetimle-geri-dondu\/","title":{"rendered":"N\u0130L\u00dcFER &#8220;KEND\u0130 CENNET\u0130M&#8221;LE GER\u0130 D\u00d6ND\u00dc"},"content":{"rendered":"<p>Usta yorumcu Nil\u00fcfer&#8217;in 13 yeni \u015fark\u0131dan olu\u015fan &#8220;Kendi Cennetim&#8221; alb\u00fcm\u00fcn\u00fcn \u00f6n sat\u0131\u015f\u0131 bug\u00fcn dijital platformlarda ba\u015flad\u0131. Alb\u00fcmden &#8220;Haziran Vakti&#8221; isimli \u015fark\u0131y\u0131 sat\u0131n almak m\u00fcmk\u00fcn.\u00a0Alb\u00fcm\u00fcn tamam\u0131 ve CD\u2019si \u00a022 May\u0131s\u2019ta t\u00fcm m\u00fczik marketlerde sat\u0131\u015fa \u00e7\u0131kacak.<\/p>\n<p>6 y\u0131ldan sonra alb\u00fcm yapan Nil\u00fcfer\u00a0ilk kez Sezen Aksu ve Nazan \u00d6ncel\u2019den iki\u015fer \u015fark\u0131 seslendirirken amat\u00f6r iki \u015fark\u0131c\u0131ya da yer verdi.<\/p>\n<p><img loading=\"lazy\" decoding=\"async\" class=\"alignnone\" src=\"http:\/\/i.hizliresim.com\/g5Xb9N.jpg\" alt=\"\" width=\"600\" height=\"330\" \/><\/p>\n<p>&nbsp;<\/p>\n","protected":false},"excerpt":{"rendered":"<p>Usta yorumcu Nil\u00fcfer&#8217;in 13 yeni \u015fark\u0131dan olu\u015fan &#8220;Kendi Cennetim&#8221; alb\u00fcm\u00fcn\u00fcn \u00f6n sat\u0131\u015f\u0131 bug\u00fcn dijital platformlarda ba\u015flad\u0131. Alb\u00fcmden &#8220;Haziran Vakti&#8221; isimli \u015fark\u0131y\u0131 sat\u0131n almak m\u00fcmk\u00fcn.\u00a0Alb\u00fcm\u00fcn tamam\u0131 ve CD\u2019si \u00a022 May\u0131s\u2019ta t\u00fcm m\u00fczik marketlerde sat\u0131\u015fa \u00e7\u0131kacak. 6 y\u0131ldan sonra alb\u00fcm yapan Nil\u00fcfer\u00a0ilk kez Sezen Aksu ve Nazan \u00d6ncel\u2019den iki\u015fer \u015fark\u0131 seslendirirken amat\u00f6r iki \u015fark\u0131c\u0131ya da yer verdi. &hellip;<\/p>\n","protected":false},"author":1,"featured_media":11653,"comment_status":"closed","ping_status":"open","sticky":false,"template":"","format":"standard","meta":{"footnotes":""},"categories":[39,28],"tags":[392,226],"class_list":["post-11652","post","type-post","status-publish","format-standard","has-post-thumbnail","","category-muzik","category-pop","tag-sezen-aksu","tag-turkce-pop"],"_links":{"self":[{"href":"http:\/\/www.gzone.com.tr\/index.php\/wp-json\/wp\/v2\/posts\/11652","targetHints":{"allow":["GET"]}}],"collection":[{"href":"http:\/\/www.gzone.com.tr\/index.php\/wp-json\/wp\/v2\/posts"}],"about":[{"href":"http:\/\/www.gzone.com.tr\/index.php\/wp-json\/wp\/v2\/types\/post"}],"author":[{"embeddable":true,"href":"http:\/\/www.gzone.com.tr\/index.php\/wp-json\/wp\/v2\/users\/1"}],"replies":[{"embeddable":true,"href":"http:\/\/www.gzone.com.tr\/index.php\/wp-json\/wp\/v2\/comments?post=11652"}],"version-history":[{"count":0,"href":"http:\/\/www.gzone.com.tr\/index.php\/wp-json\/wp\/v2\/posts\/11652\/revisions"}],"wp:featuredmedia":[{"embeddable":true,"href":"http:\/\/www.gzone.com.tr\/index.php\/wp-json\/wp\/v2\/media\/11653"}],"wp:attachment":[{"href":"http:\/\/www.gzone.com.tr\/index.php\/wp-json\/wp\/v2\/media?parent=11652"}],"wp:term":[{"taxonomy":"category","embeddable":true,"href":"http:\/\/www.gzone.com.tr\/index.php\/wp-json\/wp\/v2\/categories?post=11652"},{"taxonomy":"post_tag","embeddable":true,"href":"http:\/\/www.gzone.com.tr\/index.php\/wp-json\/wp\/v2\/tags?post=11652"}],"curies":[{"name":"wp","href":"https:\/\/api.w.org\/{rel}","templated":true}]}}