{"id":11330,"date":"2015-05-06T14:30:06","date_gmt":"2015-05-06T12:30:06","guid":{"rendered":"http:\/\/gzone.com.tr\/?p=11330"},"modified":"2015-05-06T14:36:34","modified_gmt":"2015-05-06T12:36:34","slug":"idam-edilisinin-43-yilinda-deniz-gezmis","status":"publish","type":"post","link":"http:\/\/www.gzone.com.tr\/index.php\/2015\/05\/06\/idam-edilisinin-43-yilinda-deniz-gezmis\/","title":{"rendered":"\u0130DAM ED\u0130L\u0130\u015e\u0130N\u0130N 43. YILINDA DEN\u0130Z GEZM\u0130\u015e"},"content":{"rendered":"<p>68 ku\u015fa\u011f\u0131n\u0131n gen\u00e7lik liderlerinden olan ve yarg\u0131land\u0131klar\u0131 s\u0131k\u0131y\u00f6netim mahkemesince \u00e7arpt\u0131r\u0131ld\u0131klar\u0131 idam cezas\u0131 6 May\u0131s 1972 tarihinde Ankara Merkez Kapal\u0131 Cezaevi&#8217;nde infaz edilen Deniz Gezmi\u015f, H\u00fcseyin \u0130nan ve Yusuf Aslan i\u00e7in anma t\u00f6reni d\u00fczenlendi.<\/p>\n<p>Nil\u00fcfer Belediyesi, Nil\u00fcfer Kent Konseyi ve 68&#8217;liler Birli\u011fi Vakf\u0131 \u00fcyeleri, Gezmi\u015f, \u0130nan ve Aslan&#8217;\u0131n idam saati olan 05.30&#8217;da, 3 dakikal\u0131k sayg\u0131 duru\u015funda bulundu. 68&#8217;liler Birli\u011fi Vakf\u0131 Bursa Temsilcisi Bet\u00fcl Kuyucu, anma t\u00f6reninde Adnan Y\u00fccel&#8217;in &#8216;Yery\u00fcz\u00fc a\u015fk\u0131n y\u00fcz\u00fc oluncaya dek&#8217; \u015fiirini okudu. Ard\u0131ndan anmaya kat\u0131lanlar ellerindeki karanfilleri \u00dc\u00e7 Fidan An\u0131t\u0131&#8217;na b\u0131rakt\u0131.<\/p>\n<p>Burada konu\u015fan Nil\u00fcfer Belediye Ba\u015fkan\u0131 Mustafa Bozbey, &#8220;M\u00fccadelelerinden dolay\u0131 kimseye zarar vermemi\u015f Deniz, Yusuf ve H\u00fcseyin&#8217;i an\u0131yoruz. Onlar T\u00fcrkiye&#8217;nin tam ba\u011f\u0131ms\u0131zl\u0131\u011f\u0131 i\u00e7in m\u00fccadele eden \u00fc\u00e7 fidand\u0131. Bu gen\u00e7ler ba\u011f\u0131ms\u0131zl\u0131\u011f\u0131n ve bar\u0131\u015f\u0131n sembol\u00fcd\u00fcr, kimseye ate\u015f a\u00e7mad\u0131lar, kimseyi \u00f6ld\u00fcrmediler onlar sadece beyinlerinde T\u00fcrkiye&#8217;nin tam ba\u011f\u0131ms\u0131zl\u0131k m\u00fccadelesini nas\u0131l y\u00fcr\u00fct\u00fcr\u00fcz diye d\u00fc\u015f\u00fcn\u00fcyorlard\u0131&#8221; dedi.<\/p>\n<p><img loading=\"lazy\" decoding=\"async\" class=\"alignnone\" src=\"http:\/\/s23.postimg.org\/fga6qc9or\/deniz_gezmis1.jpg\" alt=\"\" width=\"800\" height=\"658\" \/><\/p>\n<p>DEN\u0130Z GEZM\u0130\u015e K\u0130MD\u0130R ?<\/p>\n<p>Deniz Gezmi\u015f (28 \u015eubat 1947; Ankara \u2013 6 May\u0131s 1972; Ankara), T\u00fcrkiye Halk Kurtulu\u015f Ordusu&#8217;nun kurucusu, 25 ya\u015f\u0131nda iki dava arkada\u015f\u0131 ile birlikte idam edilen Sosyalist devrimcidir.<\/p>\n<p>Deniz Gezmi\u015f, 28 \u015eubat 1947&#8217;de Ankara&#8217;n\u0131n Aya\u015f il\u00e7esinde do\u011fdu. Dedeleri Rize&#8217;nin \u0130kizdere il\u00e7esine ba\u011fl\u0131 Cimil k\u00f6y\u00fcndendir, k\u00f6kleri Konya&#8217;dan bir vesile ile g\u00f6\u00e7 etmek zorunda kalm\u0131\u015f. Babas\u0131 Il\u0131ca (yeni ad\u0131: Aziziye), Erzurum n\u00fcfusuna kay\u0131tl\u0131 ilk\u00f6\u011fretim m\u00fcfetti\u015fi Cemil Gezmi\u015f, annesi ise Erzurum&#8217;un Tortum il\u00e7esinden ilkokul \u00f6\u011fretmeni Mukadder Gezmi\u015f&#8217;tir. Ailenin \u00fc\u00e7 erkek \u00e7ocu\u011fundan ikincisidir. A\u011fabeyi Bora Gezmi\u015f, hukuk fak\u00fcltesinden ayr\u0131l\u0131p bankac\u0131l\u0131k yapm\u0131\u015ft\u0131r. Karde\u015fi Hamdi Gezmi\u015f ise, mali m\u00fc\u015favirdir.<\/p>\n<p>Gezmi\u015f, ilk ve orta\u00f6\u011frenimini Sivas&#8217;ta, liseyi \u0130stanbul&#8217;da Haydarpa\u015fa Lisesi&#8217;nde okudu. Hen\u00fcz lise \u00f6\u011frencisiyken sol d\u00fc\u015f\u00fcnceyle tan\u0131\u015ft\u0131 ve kendini d\u00f6nemin eylemleri i\u00e7inde buldu.<\/p>\n<p>12 Mart Darbesinin ilk g\u00fcnlerinden sonra Yusuf Aslan ile birlikte Sivas&#8217;a gitmekteyken motosikletleri bozuldu. Bir ihbar sonucu polislerin gelmesi \u00fczerine \u00e7\u0131kan \u00e7at\u0131\u015fmada Aslan ile birbirlerini kaybettiler. Aslan o esnada Elmal\u0131&#8217;da iken, Gezmi\u015f ise 16 Mart 1971 sal\u0131 g\u00fcn\u00fc Sivas&#8217;\u0131n Gemerek il\u00e7esinde etraf\u0131 sar\u0131larak yakaland\u0131 ve Kayseri&#8217;ye getirildi.Buradan Ankara&#8217;ya zaman\u0131n \u0130\u00e7i\u015fleri Bakan\u0131 Haldun Mente\u015feo\u011flu&#8217;nun makam\u0131na g\u00f6t\u00fcr\u00fcld\u00fc.<\/p>\n<p>Mahkemesi 16 Temmuz 1971 g\u00fcn\u00fc Alt\u0131nda\u011f Veteriner Okulu binas\u0131&#8217;nda Tu\u011fgeneral Ali Elverdi ba\u015fkanl\u0131\u011f\u0131nda Baki Tu\u011f savc\u0131l\u0131\u011f\u0131nda Ankara S\u0131k\u0131y\u00f6netim Komutanl\u0131\u011f\u0131 1 no&#8217;lu Mahkemesi&#8217;nde ba\u015flad\u0131 ve 9 Ekim 1971 g\u00fcn\u00fc bitti. Deniz ve arkada\u015flar\u0131 16 Temmuz 1971&#8217;de ba\u015flayan THKO-1 Davas\u0131&#8217;nda TCK&#8217;nin 146. maddesini ihlal etti\u011fi gerek\u00e7esiyle, 9 Ekim 1971&#8217;de 146\/1 maddesi uyar\u0131nca idam cezas\u0131na \u00e7arpt\u0131r\u0131ld\u0131. Mahkeme karar\u0131;<\/p>\n<p>&#8221; Deniz Gezmi\u015f, Yusuf Aslan, Mahkememiz T\u00fcrkiye Cumhuriyeti Anayasas\u0131&#8217;n\u0131n tamam\u0131n\u0131; bir k\u0131sm\u0131n\u0131 ta\u011fyir, tebdil veya ilgaya cebren te\u015febb\u00fcs su\u00e7unu i\u015fledi\u011finizi sabit g\u00f6rd\u00fc. T\u00fcrk Ceza Kununun 146\/1 maddesi uyar\u0131nca \u00f6l\u00fcm cezas\u0131 ile tecziyenize karar verdi. &#8221;<br \/>\n\u0130dam cezalar\u0131 o zamanlar senato taraf\u0131ndan onaylanmak zorundayd\u0131. \u0130smet \u0130n\u00f6n\u00fc &#8220;siyasi su\u00e7lar idamla cezaland\u0131r\u0131lmamal\u0131d\u0131r&#8221; diyerek B\u00fclent Ecevit ile birlikte ret oyu kullan\u0131r. AP genel ba\u015fkan\u0131 S\u00fcleyman Demirel ise infazdan yana oy kullan\u0131r.<\/p>\n<p>Olaydan 15 y\u0131l sonra, S\u00fcleyman Demirel bir gazeteciye verdi\u011fi deme\u00e7te idamlar i\u00e7in: &#8221; so\u011fuk sava\u015f\u0131n talihsiz olaylar\u0131ndan biri &#8221; yorumunu yapar. Mahk\u00fbmlar\u0131n \u00f6z\u00fcr dilemesi istenir. Hi\u00e7biri yapt\u0131klar\u0131ndan \u00f6z\u00fcr dilemez. Cumhurba\u015fkan\u0131 Cevdet Sunay ise idamlar\u0131 onaylar.<\/p>\n<p>Alman Der Spiegel dergisinde konuyla ilgili \u00e7\u0131kan yaz\u0131da idam edilmeden \u00f6nce &#8220;Ya\u015fas\u0131n tam ba\u011f\u0131ms\u0131z T\u00fcrkiye! ya\u015fas\u0131n marksizm-leninizm. ya\u015fas\u0131n T\u00fcrk ve K\u00fcrt halklar\u0131n\u0131n karde\u015fli\u011fi! ya\u015fas\u0131n i\u015f\u00e7iler, k\u00f6yl\u00fcler! kahrolsun emperyalizm!&#8221; dedi\u011fi belirtildi. \u0130dama tan\u0131k olan avukat\u0131 Halit \u00c7elenk&#8217;e g\u00f6re ise son s\u00f6zleri &#8220;Ya\u015fas\u0131n tam ba\u011f\u0131ms\u0131z T\u00fcrkiye. Ya\u015fas\u0131n Marksizm-Leninizm&#8217;in y\u00fcce ideolojisi. Ya\u015fas\u0131n T\u00fcrk ve K\u00fcrt halklar\u0131n\u0131n ba\u011f\u0131ms\u0131zl\u0131k m\u00fccadelesi. Kahrolsun emperyalizm. Ya\u015fas\u0131n i\u015f\u00e7iler, k\u00f6yl\u00fcler&#8221; olmu\u015ftur.<\/p>\n<p>Yusuf Aslan ve H\u00fcseyin \u0130nan ile birlikte 6 May\u0131s 1972 tarihinde, gece 1:00-3:00 aras\u0131, Ulucanlar Cezaevi&#8217;nde as\u0131larak idam edildi.\u0130dam yaftalar\u0131 sonradan m\u00fcze olan Ulucanlar Cezaevi M\u00fczesi&#8217;ne Anadolu Ajans\u0131 muhabiri Burhan Dodanl\u0131 taraf\u0131ndan ba\u011f\u0131\u015fland\u0131.<\/p>\n<p>\u0130dam yaftalar\u0131;<\/p>\n<p>&#8221; Ankara 1 nolu Askeri Mahkemesinin 8.10.1971 tarih ve 971-13 esas 971-23 karar say\u0131l\u0131 h\u00fckm\u00fc ile TCK 146-1 maddesi uyar\u0131nca \u00f6l\u00fcm cezas\u0131na mahkum edilmi\u015ftir. &#8221;<br \/>\nDeniz Gezmi\u015f ve arkada\u015flar\u0131n\u0131n 1969&#8217;da \u00f6ld\u00fcr\u00fclen Taylan \u00d6zg\u00fcr&#8217;\u00fcn yan\u0131na g\u00f6m\u00fclme iste\u011fi yerine getirilmedi. \u0130dam\u0131ndan sonra bayrakla\u015farak devrim m\u00fccadelesinin \u00e7ok \u00f6nemli bir sembol\u00fc oldu; bir\u00e7ok sol \u00f6rg\u00fct ba\u015fka konularda fikir ayr\u0131l\u0131klar\u0131 olmas\u0131na ra\u011fmen mutab\u0131k kald\u0131klar\u0131 nadir konulardan birisi Deniz Gezmi\u015f&#8217;in devrim \u00f6nderli\u011fidir.<\/p>\n<p>Kaynak:HABERLER.COM<\/p>\n","protected":false},"excerpt":{"rendered":"<p>68 ku\u015fa\u011f\u0131n\u0131n gen\u00e7lik liderlerinden olan ve yarg\u0131land\u0131klar\u0131 s\u0131k\u0131y\u00f6netim mahkemesince \u00e7arpt\u0131r\u0131ld\u0131klar\u0131 idam cezas\u0131 6 May\u0131s 1972 tarihinde Ankara Merkez Kapal\u0131 Cezaevi&#8217;nde infaz edilen Deniz Gezmi\u015f, H\u00fcseyin \u0130nan ve Yusuf Aslan i\u00e7in anma t\u00f6reni d\u00fczenlendi. Nil\u00fcfer Belediyesi, Nil\u00fcfer Kent Konseyi ve 68&#8217;liler Birli\u011fi Vakf\u0131 \u00fcyeleri, Gezmi\u015f, \u0130nan ve Aslan&#8217;\u0131n idam saati olan 05.30&#8217;da, 3 dakikal\u0131k sayg\u0131 duru\u015funda &hellip;<\/p>\n","protected":false},"author":1,"featured_media":11331,"comment_status":"closed","ping_status":"open","sticky":false,"template":"","format":"standard","meta":{"footnotes":""},"categories":[91,96],"tags":[],"class_list":["post-11330","post","type-post","status-publish","format-standard","has-post-thumbnail","","category-haberler","category-turkiye"],"_links":{"self":[{"href":"http:\/\/www.gzone.com.tr\/index.php\/wp-json\/wp\/v2\/posts\/11330","targetHints":{"allow":["GET"]}}],"collection":[{"href":"http:\/\/www.gzone.com.tr\/index.php\/wp-json\/wp\/v2\/posts"}],"about":[{"href":"http:\/\/www.gzone.com.tr\/index.php\/wp-json\/wp\/v2\/types\/post"}],"author":[{"embeddable":true,"href":"http:\/\/www.gzone.com.tr\/index.php\/wp-json\/wp\/v2\/users\/1"}],"replies":[{"embeddable":true,"href":"http:\/\/www.gzone.com.tr\/index.php\/wp-json\/wp\/v2\/comments?post=11330"}],"version-history":[{"count":0,"href":"http:\/\/www.gzone.com.tr\/index.php\/wp-json\/wp\/v2\/posts\/11330\/revisions"}],"wp:featuredmedia":[{"embeddable":true,"href":"http:\/\/www.gzone.com.tr\/index.php\/wp-json\/wp\/v2\/media\/11331"}],"wp:attachment":[{"href":"http:\/\/www.gzone.com.tr\/index.php\/wp-json\/wp\/v2\/media?parent=11330"}],"wp:term":[{"taxonomy":"category","embeddable":true,"href":"http:\/\/www.gzone.com.tr\/index.php\/wp-json\/wp\/v2\/categories?post=11330"},{"taxonomy":"post_tag","embeddable":true,"href":"http:\/\/www.gzone.com.tr\/index.php\/wp-json\/wp\/v2\/tags?post=11330"}],"curies":[{"name":"wp","href":"https:\/\/api.w.org\/{rel}","templated":true}]}}