{"id":10906,"date":"2015-04-27T11:24:28","date_gmt":"2015-04-27T09:24:28","guid":{"rendered":"http:\/\/gzone.com.tr\/?p=10906"},"modified":"2015-04-27T11:24:28","modified_gmt":"2015-04-27T09:24:28","slug":"seref-meselesine-erken-final","status":"publish","type":"post","link":"http:\/\/www.gzone.com.tr\/index.php\/2015\/04\/27\/seref-meselesine-erken-final\/","title":{"rendered":"\u015eEREF MESELES\u0130&#8217;NE ERKEN F\u0130NAL"},"content":{"rendered":"<p>Ba\u015frollerinde Kerem B\u00fcrsin, \u015e\u00fckr\u00fc \u00d6zy\u0131ld\u0131z, Burcu Biricik ve \u015e\u00fckran Oval\u0131 gibi gen\u00e7 ve ba\u015far\u0131l\u0131 oyuncular\u0131n yer ald\u0131\u011f\u0131 \u015eeref Meselesi dizisi bu hafta 23.b\u00f6l\u00fcm\u00fc ile izleyici kar\u015f\u0131s\u0131na \u00e7\u0131kacak.<\/p>\n<p>Biri kanun adam\u0131, di\u011fer ise yer alt\u0131 d\u00fcnyas\u0131nda yava\u015f yava\u015f y\u00fckselen iki karde\u015fin hayatlar\u0131n\u0131 ve birbirlerine kar\u015f\u0131 girdikleri m\u00fccadeleyi konu alan \u015eeref Meselesi\u2019nin sezon finali tarihi belli oldu.<\/p>\n<p>\u0130talya\u2019da 6 sezon yay\u0131nlanan Onore de Rispetto adl\u0131 diziden uyarlanan \u015eeref Meselesi, 17 May\u0131s 2015 tarihinde ekranlara gelecek 26.b\u00f6l\u00fcm\u00fc ile sezon finali yapacak.<br \/>\n\u015eeref Meselesi\u2019nin sezon finali al\u0131\u015fk\u0131n oldu\u011fumuz zamandan biraz daha erken oluyor. Genelde diziler Haziran ay\u0131 ba\u015f\u0131nda ya da ortalar\u0131nda sezon finali yap\u0131yor.<\/p>\n<p><em>Kaynak: GeceT\u00fcrk<\/em><\/p>\n","protected":false},"excerpt":{"rendered":"<p>Ba\u015frollerinde Kerem B\u00fcrsin, \u015e\u00fckr\u00fc \u00d6zy\u0131ld\u0131z, Burcu Biricik ve \u015e\u00fckran Oval\u0131 gibi gen\u00e7 ve ba\u015far\u0131l\u0131 oyuncular\u0131n yer ald\u0131\u011f\u0131 \u015eeref Meselesi dizisi bu hafta 23.b\u00f6l\u00fcm\u00fc ile izleyici kar\u015f\u0131s\u0131na \u00e7\u0131kacak. Biri kanun adam\u0131, di\u011fer ise yer alt\u0131 d\u00fcnyas\u0131nda yava\u015f yava\u015f y\u00fckselen iki karde\u015fin hayatlar\u0131n\u0131 ve birbirlerine kar\u015f\u0131 girdikleri m\u00fccadeleyi konu alan \u015eeref Meselesi\u2019nin sezon finali tarihi belli oldu. &hellip;<\/p>\n","protected":false},"author":1,"featured_media":10908,"comment_status":"closed","ping_status":"open","sticky":false,"template":"","format":"standard","meta":{"footnotes":""},"categories":[28,61],"tags":[1020,1928,132],"class_list":["post-10906","post","type-post","status-publish","format-standard","has-post-thumbnail","","category-pop","category-sinematv","tag-kerem-bursin","tag-seref-meselesi","tag-tv"],"_links":{"self":[{"href":"http:\/\/www.gzone.com.tr\/index.php\/wp-json\/wp\/v2\/posts\/10906","targetHints":{"allow":["GET"]}}],"collection":[{"href":"http:\/\/www.gzone.com.tr\/index.php\/wp-json\/wp\/v2\/posts"}],"about":[{"href":"http:\/\/www.gzone.com.tr\/index.php\/wp-json\/wp\/v2\/types\/post"}],"author":[{"embeddable":true,"href":"http:\/\/www.gzone.com.tr\/index.php\/wp-json\/wp\/v2\/users\/1"}],"replies":[{"embeddable":true,"href":"http:\/\/www.gzone.com.tr\/index.php\/wp-json\/wp\/v2\/comments?post=10906"}],"version-history":[{"count":0,"href":"http:\/\/www.gzone.com.tr\/index.php\/wp-json\/wp\/v2\/posts\/10906\/revisions"}],"wp:featuredmedia":[{"embeddable":true,"href":"http:\/\/www.gzone.com.tr\/index.php\/wp-json\/wp\/v2\/media\/10908"}],"wp:attachment":[{"href":"http:\/\/www.gzone.com.tr\/index.php\/wp-json\/wp\/v2\/media?parent=10906"}],"wp:term":[{"taxonomy":"category","embeddable":true,"href":"http:\/\/www.gzone.com.tr\/index.php\/wp-json\/wp\/v2\/categories?post=10906"},{"taxonomy":"post_tag","embeddable":true,"href":"http:\/\/www.gzone.com.tr\/index.php\/wp-json\/wp\/v2\/tags?post=10906"}],"curies":[{"name":"wp","href":"https:\/\/api.w.org\/{rel}","templated":true}]}}