{"id":10435,"date":"2015-04-16T19:13:53","date_gmt":"2015-04-16T17:13:53","guid":{"rendered":"http:\/\/gzone.com.tr\/?p=10435"},"modified":"2015-04-16T19:13:53","modified_gmt":"2015-04-16T17:13:53","slug":"avrupanin-yeni-ve-en-ozgur-ulkesi-liberland-vatandaslarini-ariyor","status":"publish","type":"post","link":"http:\/\/www.gzone.com.tr\/index.php\/2015\/04\/16\/avrupanin-yeni-ve-en-ozgur-ulkesi-liberland-vatandaslarini-ariyor\/","title":{"rendered":"AVRUPA&#8217;NIN YEN\u0130 VE EN \u00d6ZG\u00dcR \u00dcLKES\u0130 LIBERLAND VATANDA\u015eLARINI ARIYOR"},"content":{"rendered":"<p><strong>Bir \u00c7ek vatanda\u015f\u0131, S\u0131rbistan ile H\u0131rvatistan aras\u0131nda kalan ve kimseye ait olmayan bir b\u00f6lgede Liberland isminde bir devlet kurdu\u011funu iddia etti. Devletin mottosu ise &#8216;Ya\u015fa ve ya\u015fat.&#8217;<\/strong><\/p>\n<p class=\"p1\"><span class=\"s1\">\u00c7ek Cumhuriyeti vatanda\u015f\u0131 Vit Yedli\u00e7ka, H\u0131rvatistan ile S\u0131rbistan aras\u0131nda kalan yedi kilometrekarelik &#8220;tarafs\u0131z b\u00f6lge&#8221;de, &#8220;Liberland&#8221; ad\u0131nda devlet kurdu\u011funu ilan etti. \u00dclkenin ad\u0131 \u201c\u00d6zg\u00fcr \u00dclke \u201d anlam\u0131na geliyor. <\/span><\/p>\n<p class=\"p1\"><span class=\"s1\">BBC T\u00fcrk\u00e7e&#8217;den Tar\u0131k Demirkan&#8217;\u0131n haberine g\u00f6re, \u00fclkenin haritadaki yeri, eski Yugoslavya topraklar\u0131. Macaristan\u2019\u0131n hemen g\u00fcneyinde, H\u0131rvatistan ve S\u0131rbistan s\u0131n\u0131r\u0131nda Birle\u015fmi\u015f Milletler taraf\u0131ndan bir zamanlar \u201ctampon b\u00f6lge\u201d olarak ilan edilen 7 kilometre karelik bir alan. Bayra\u011f\u0131 ve devlet armas\u0131 haz\u0131r. Anayasas\u0131 hen\u00fcz yok, \u00e7\u00fcnk\u00fc kat\u0131l\u0131mc\u0131larla birlikte haz\u0131rlanacak.<\/span><\/p>\n<p class=\"p1\"><strong><span class=\"s1\">BA\u015eVURULAR \u0130NTERNET \u00dcZER\u0130NDEN<\/span><\/strong><\/p>\n<p class=\"p1\"><span class=\"s1\">Y\u00f6netim \u015fekli, \u201cAnayasal Cumhuriyet\u201d. Kurucu vatanda\u015f Yedli\u00e7ka, kat\u0131l\u0131mc\u0131lar\u0131n \u201cdo\u011frudan demokrasisiyle\u201d cumhuriyetin hayata ge\u00e7irilece\u011fini vurguluyor. Gereksiz vergilerin ve hayat\u0131 zorla\u015ft\u0131ran b\u00fcrokrasinin olmayaca\u011f\u0131 \u00d6zg\u00fcr Liberland Cumhuriyeti i\u00e7in vatanda\u015fl\u0131k ba\u015fvurular\u0131 internet \u00fczerinden s\u00fcr\u00fcyor.<\/span><\/p>\n<p class=\"p1\"><img loading=\"lazy\" decoding=\"async\" class=\"alignnone\" src=\"http:\/\/s16.postimg.org\/vylw8s7jp\/201504161454_1020913851.jpg\" alt=\"\" width=\"1000\" height=\"541\" \/><\/p>\n<p class=\"p1\"><span class=\"s1\">\u00c7ok de\u011fil, bundan 25 y\u0131l \u00f6nce kanl\u0131 i\u00e7 sava\u015flar\u0131n s\u00fcrd\u00fc\u011f\u00fc topraklarda, b\u00f6yle bir giri\u015fim ba\u015far\u0131ya ula\u015f\u0131r m\u0131? Vit Yedli\u00e7ka\u2019ya kal\u0131rsa elbette!<\/span><\/p>\n<p class=\"p1\"><strong><span class=\"s1\">&#8216;B\u0130Z K\u0130MSEYE ZARAR VERMEYECE\u011e\u0130Z&#8217;<\/span><\/strong><\/p>\n<p class=\"p1\"><span class=\"s1\">Kom\u015fu \u00fclkelere ve Birle\u015fmi\u015f Milletler&#8217;e resmi olarak ba\u015fvuru yapan devlet kurucusu, \u201cBiz kimseye zarar vermeyece\u011fiz, devletimizin slogan\u0131 \u201cYa\u015fa ve ba\u015fkalar\u0131n\u0131n da ya\u015famas\u0131na izin ver\u201d olacak diyor ve ekliyor: \u201cHerkese a\u00e7\u0131\u011f\u0131z, radikal d\u00fc\u015f\u00fcncelere sahip olmayan d\u00fcnyan\u0131n t\u00fcm \u00fclkelerinin vatanda\u015flar\u0131 Liberland vatanda\u015f\u0131 da olabilir\u201d.<\/span><\/p>\n<p class=\"p1\"><span class=\"s1\">Liberland projesi, ilk bak\u0131\u015fta \u015faka gibi gelse de asl\u0131nda ince d\u00fc\u015f\u00fcn\u00fclm\u00fc\u015f ve tam hesaplanm\u0131\u015f bir proje oldu\u011fu kurucusuyla yap\u0131lan r\u00f6portajdan belli oluyor.<\/span><\/p>\n<p class=\"p1\"><strong><span class=\"s1\">TEPK\u0130DEN DO\u011eDU<\/span><\/strong><\/p>\n<p class=\"p1\"><span class=\"s1\">Vit Yedli\u00e7ka d\u00fcnyan\u0131n pek \u00e7ok y\u00f6resinde minik ve \u00e7ok ba\u015far\u0131l\u0131 devletlerin oldu\u011funu s\u00f6yl\u00fcyor. \u201cMonaco, Liechtenstein ya da Hong Kong gibi devletler ve \u015fehir devletleri ba\u015far\u0131ya ula\u015ft\u0131. \u00c7\u00fcnk\u00fc gereksiz b\u00fcrokrasi uygulamadan hayata yan\u0131t veriyor\u201d diyor. \u201cB\u00f6yle bir proje balkanlarda neden ba\u015far\u0131l\u0131 olmas\u0131n?\u201d<\/span><\/p>\n<p class=\"p1\"><span class=\"s1\">Vit Yedli\u00e7ka asl\u0131nda ba\u011f\u0131ms\u0131z \u00fclke projesinin Avrupa Birli\u011fi fonlar\u0131n\u0131 b\u00fcrokrasi, oligar\u015fi ve tarafl\u0131 medya nedeniyle \u00fclkeyi kalk\u0131nd\u0131rmak i\u00e7in gerekti\u011fi gibi kullanamayan \u00c7ek devletine bir tepki olarak olu\u015ftu\u011funu s\u00f6yl\u00fcyor. Projenin birka\u00e7 g\u00fcn i\u00e7inde on binlerce ba\u015fvuru ald\u0131\u011f\u0131n\u0131, ciddi \u015firketlerin bile genel merkezlerini ta\u015f\u0131mak i\u00e7in haz\u0131rl\u0131k yapt\u0131klar\u0131n\u0131 ne\u015feyle gazetecilere anlat\u0131yor.<\/span><\/p>\n<p class=\"p1\"><em>Kaynak: Radikal<\/em><\/p>\n","protected":false},"excerpt":{"rendered":"<p>Bir \u00c7ek vatanda\u015f\u0131, S\u0131rbistan ile H\u0131rvatistan aras\u0131nda kalan ve kimseye ait olmayan bir b\u00f6lgede Liberland isminde bir devlet kurdu\u011funu iddia etti. Devletin mottosu ise &#8216;Ya\u015fa ve ya\u015fat.&#8217; \u00c7ek Cumhuriyeti vatanda\u015f\u0131 Vit Yedli\u00e7ka, H\u0131rvatistan ile S\u0131rbistan aras\u0131nda kalan yedi kilometrekarelik &#8220;tarafs\u0131z b\u00f6lge&#8221;de, &#8220;Liberland&#8221; ad\u0131nda devlet kurdu\u011funu ilan etti. \u00dclkenin ad\u0131 \u201c\u00d6zg\u00fcr \u00dclke \u201d anlam\u0131na geliyor. BBC &hellip;<\/p>\n","protected":false},"author":1,"featured_media":10436,"comment_status":"open","ping_status":"open","sticky":false,"template":"","format":"standard","meta":{"footnotes":""},"categories":[92,720,91],"tags":[371,112,1834,1833],"class_list":["post-10435","post","type-post","status-publish","format-standard","has-post-thumbnail","","category-dunya","category-escinselyasam","category-haberler","tag-avrupa","tag-haberler-2","tag-liberland","tag-ozgurluk"],"_links":{"self":[{"href":"http:\/\/www.gzone.com.tr\/index.php\/wp-json\/wp\/v2\/posts\/10435","targetHints":{"allow":["GET"]}}],"collection":[{"href":"http:\/\/www.gzone.com.tr\/index.php\/wp-json\/wp\/v2\/posts"}],"about":[{"href":"http:\/\/www.gzone.com.tr\/index.php\/wp-json\/wp\/v2\/types\/post"}],"author":[{"embeddable":true,"href":"http:\/\/www.gzone.com.tr\/index.php\/wp-json\/wp\/v2\/users\/1"}],"replies":[{"embeddable":true,"href":"http:\/\/www.gzone.com.tr\/index.php\/wp-json\/wp\/v2\/comments?post=10435"}],"version-history":[{"count":0,"href":"http:\/\/www.gzone.com.tr\/index.php\/wp-json\/wp\/v2\/posts\/10435\/revisions"}],"wp:featuredmedia":[{"embeddable":true,"href":"http:\/\/www.gzone.com.tr\/index.php\/wp-json\/wp\/v2\/media\/10436"}],"wp:attachment":[{"href":"http:\/\/www.gzone.com.tr\/index.php\/wp-json\/wp\/v2\/media?parent=10435"}],"wp:term":[{"taxonomy":"category","embeddable":true,"href":"http:\/\/www.gzone.com.tr\/index.php\/wp-json\/wp\/v2\/categories?post=10435"},{"taxonomy":"post_tag","embeddable":true,"href":"http:\/\/www.gzone.com.tr\/index.php\/wp-json\/wp\/v2\/tags?post=10435"}],"curies":[{"name":"wp","href":"https:\/\/api.w.org\/{rel}","templated":true}]}}