{"id":10307,"date":"2015-04-13T18:36:47","date_gmt":"2015-04-13T16:36:47","guid":{"rendered":"http:\/\/gzone.com.tr\/?p=10307"},"modified":"2015-04-13T18:36:47","modified_gmt":"2015-04-13T16:36:47","slug":"gazeteci-oray-eginden-savci-sayana-escinselli-gonderme","status":"publish","type":"post","link":"http:\/\/www.gzone.com.tr\/index.php\/2015\/04\/13\/gazeteci-oray-eginden-savci-sayana-escinselli-gonderme\/","title":{"rendered":"GAZETEC\u0130 ORAY E\u011e\u0130N&#8217;DEN SAVCI SAYAN&#8217;A &#8220;E\u015eC\u0130NSEL&#8221;L\u0130 G\u00d6NDERME"},"content":{"rendered":"<p>Savc\u0131 Sayan CNN T\u00fcrk ekranlar\u0131nda Mirg\u00fcn Cabas&#8217;la ya\u015fad\u0131\u011f\u0131 tart\u0131\u015fma ile g\u00fcndem olmu\u015ftu.<\/p>\n<p>Ge\u00e7ti\u011fimiz hafta CNN T\u00fcrk&#8217;te yay\u0131mlanan &#8220;Her \u015eey&#8221; program\u0131nda moderat\u00f6r Mirg\u00fcn Cabas&#8217;la ya\u015fad\u0131\u011f\u0131 tart\u0131\u015fma ile g\u00fcndem olan eski CHP\u2019li, AKP \u0130zmir Milletvekili 2. B\u00f6lge 7. s\u0131ra aday\u0131 Savc\u0131 Sayan, ki\u015fisel Twitter hesab\u0131ndan gazeteci Oray E\u011fin&#8217;i hedef alarak, &#8220;Malum medya grubu, A.Hakan, T.\u00d6zkan, M.Cabas ve e\u015fcinsel Oray E\u011fin beni hedefe koymu\u015fsalar, demek ki do\u011fru yolday\u0131m&#8221; dedi.<\/p>\n<p>Oray E\u011fin&#8217;den Savc\u0131 Sayan&#8217;a cevap gecikmedi. Sayan&#8217;a Deniz Baykal\u2019\u0131n istifas\u0131n\u0131n ard\u0131ndan g\u00f6zya\u015f\u0131 d\u00f6kt\u00fc\u011f\u00fc g\u00f6r\u00fcnt\u00fcleri hat\u0131rlatan E\u011fin, &#8220;Bana e\u015fcinsel diyorsun da erkeklerin arkas\u0131ndan g\u00f6zya\u015f\u0131 d\u00f6ken sensin&#8221; diye kar\u015f\u0131l\u0131k verdi.<\/p>\n<p>Oray E\u011fin ne demi\u015fti?<\/p>\n<p>Programdaki tart\u0131\u015fmada Mirg\u00fcn Cabas&#8217;\u0131n tavr\u0131n\u0131 ele\u015ftiren Oray E\u011fin, \u015funlar\u0131 s\u00f6ylemi\u015fti:<\/p>\n<p>&#8220;Cabas herhalde o an i\u015ften at\u0131lma korkusu ya\u015fay\u0131p patronuna sald\u0131ran Sayan&#8217;a kar\u015f\u0131 sald\u0131r\u0131ya ge\u00e7ti. Sonra da son derece fa\u015fizan bir tav\u0131rla Sayan&#8217;\u0131 yay\u0131ndan ald\u0131. Ba\u015fta Erdo\u011fan&#8217;\u0131n dan\u0131\u015fman\u0131 Mustafa Varank olmak \u00fczere AKP&#8217;liler de &#8220;\u0130\u015fte sizin bas\u0131n \u00f6zg\u00fcrl\u00fc\u011f\u00fcnden anlad\u0131\u011f\u0131n\u0131z bu&#8221; diye yazmaya ba\u015flad\u0131.K\u0131sacas\u0131, durduk yere, grotesk bir karakter y\u00fcz\u00fcnden Do\u011fan Medyas\u0131&#8217;n\u0131 bir kez daha hedefe oturttu, sans\u00fcrc\u00fc konumuna getirdi Cabas.<\/p>\n<p>Oysa b\u0131raksa, Sayan sa\u00e7malayacak ve kendisini rezil edecekti. Ya da m\u00fccadele edemiyorsa yay\u0131na hi\u00e7 \u00e7a\u011f\u0131rmayacakt\u0131. Sonu\u00e7ta malzeme belli, Savc\u0131 Sayan nezaketiyle tan\u0131nan biri de\u011fil.&#8221;<\/p>\n<p>Savc\u0131 Sayan ve Oray E\u011fin&#8217;in Twitter payla\u015f\u0131mlar\u0131 \u015f\u00f6yle:<\/p>\n<p><img loading=\"lazy\" decoding=\"async\" class=\"alignnone\" src=\"http:\/\/s9.postimg.org\/pyr92j027\/20150413133520_savci_sayan_tweet.jpg\" alt=\"\" width=\"640\" height=\"152\" \/><\/p>\n<p><img loading=\"lazy\" decoding=\"async\" class=\"alignnone\" src=\"http:\/\/s8.postimg.org\/3sy6u6dzp\/20150413133547_oray_egin_tweet.jpg\" alt=\"\" width=\"640\" height=\"181\" \/><\/p>\n<p>Kaynak: <a href=\"http:\/\/t24.com.tr\/haber\/oray-eginden-savci-sayana-bana-escinsel-diyorsun-da-erkeklerin-arkasindan-gozyasi-doken-sensin,293403\" target=\"_blank\">T24<\/a><\/p>\n<p>G\u00f6rsel: karsigazete.com.tr<\/p>\n","protected":false},"excerpt":{"rendered":"<p>Savc\u0131 Sayan CNN T\u00fcrk ekranlar\u0131nda Mirg\u00fcn Cabas&#8217;la ya\u015fad\u0131\u011f\u0131 tart\u0131\u015fma ile g\u00fcndem olmu\u015ftu. Ge\u00e7ti\u011fimiz hafta CNN T\u00fcrk&#8217;te yay\u0131mlanan &#8220;Her \u015eey&#8221; program\u0131nda moderat\u00f6r Mirg\u00fcn Cabas&#8217;la ya\u015fad\u0131\u011f\u0131 tart\u0131\u015fma ile g\u00fcndem olan eski CHP\u2019li, AKP \u0130zmir Milletvekili 2. B\u00f6lge 7. s\u0131ra aday\u0131 Savc\u0131 Sayan, ki\u015fisel Twitter hesab\u0131ndan gazeteci Oray E\u011fin&#8217;i hedef alarak, &#8220;Malum medya grubu, A.Hakan, T.\u00d6zkan, M.Cabas ve &hellip;<\/p>\n","protected":false},"author":1,"featured_media":10308,"comment_status":"open","ping_status":"open","sticky":false,"template":"","format":"standard","meta":{"footnotes":""},"categories":[91,96],"tags":[1813,1812,1814],"class_list":["post-10307","post","type-post","status-publish","format-standard","has-post-thumbnail","","category-haberler","category-turkiye","tag-kavga","tag-polemik","tag-tartisma"],"_links":{"self":[{"href":"http:\/\/www.gzone.com.tr\/index.php\/wp-json\/wp\/v2\/posts\/10307","targetHints":{"allow":["GET"]}}],"collection":[{"href":"http:\/\/www.gzone.com.tr\/index.php\/wp-json\/wp\/v2\/posts"}],"about":[{"href":"http:\/\/www.gzone.com.tr\/index.php\/wp-json\/wp\/v2\/types\/post"}],"author":[{"embeddable":true,"href":"http:\/\/www.gzone.com.tr\/index.php\/wp-json\/wp\/v2\/users\/1"}],"replies":[{"embeddable":true,"href":"http:\/\/www.gzone.com.tr\/index.php\/wp-json\/wp\/v2\/comments?post=10307"}],"version-history":[{"count":0,"href":"http:\/\/www.gzone.com.tr\/index.php\/wp-json\/wp\/v2\/posts\/10307\/revisions"}],"wp:featuredmedia":[{"embeddable":true,"href":"http:\/\/www.gzone.com.tr\/index.php\/wp-json\/wp\/v2\/media\/10308"}],"wp:attachment":[{"href":"http:\/\/www.gzone.com.tr\/index.php\/wp-json\/wp\/v2\/media?parent=10307"}],"wp:term":[{"taxonomy":"category","embeddable":true,"href":"http:\/\/www.gzone.com.tr\/index.php\/wp-json\/wp\/v2\/categories?post=10307"},{"taxonomy":"post_tag","embeddable":true,"href":"http:\/\/www.gzone.com.tr\/index.php\/wp-json\/wp\/v2\/tags?post=10307"}],"curies":[{"name":"wp","href":"https:\/\/api.w.org\/{rel}","templated":true}]}}