{"id":10120,"date":"2015-04-10T10:25:21","date_gmt":"2015-04-10T08:25:21","guid":{"rendered":"http:\/\/gzone.com.tr\/?p=10120"},"modified":"2015-04-10T18:21:42","modified_gmt":"2015-04-10T16:21:42","slug":"homofobik-milletvekili-aday-adayi-ertugrul-tulpar-gzonea-konustu","status":"publish","type":"post","link":"http:\/\/www.gzone.com.tr\/index.php\/2015\/04\/10\/homofobik-milletvekili-aday-adayi-ertugrul-tulpar-gzonea-konustu\/","title":{"rendered":"HOMOFOB\u0130K M\u0130LLETVEK\u0130L\u0130 ADAY ADAYI ERTU\u011eRUL TULPAR, GZONE&#8217;A KONU\u015eTU"},"content":{"rendered":"<p><strong><em>Ertu\u011frul Tulpar ismi, LGBT bireylerin milletvekili aday adayl\u0131klar\u0131n\u0131n konu\u015fuldu\u011fu ge\u00e7ti\u011fimiz Mart ay\u0131nda g\u00fcndeme geldi. Ak Parti \u0130stanbul 3.B\u00f6lge Milletvekili Aday Aday\u0131 olarak \u201cE\u015fcinsel Evliliklere Hay\u0131r\u201d ve \u201cE\u015fcinsellerin Evlat Edinme Haklar\u0131na Hay\u0131r\u201d gibi iki s\u00f6ylemle ortaya \u00e7\u0131kan Tulpar, tan\u0131t\u0131m bro\u015f\u00fcr\u00fcne sanki bu iki konuyla alakas\u0131 varm\u0131\u015f gibi \u201cKad\u0131na \u015eiddete Hay\u0131r \u201c ve \u201c\u00c7ocuk \u0130stismar\u0131na Hay\u0131r\u201d gibi iki c\u00fcmleyi de ekleyip kafa kar\u0131\u015ft\u0131rm\u0131\u015ft\u0131.<\/em><\/strong><\/p>\n<p><strong><em>Ertu\u011frul Tulpar\u2019\u0131n bu homofobik s\u00f6ylemlerinin yay\u0131ld\u0131\u011f\u0131 s\u0131rada YouTube\u2019da be\u011fendi\u011fi kasl\u0131 erkek kanallar\u0131 ve Facebook\u2019ta be\u011fendi\u011fi e\u015fcinsellikle ilgili sayfalar\u0131n ortaya \u00e7\u0131kmas\u0131n\u0131 GZone olarak <a href=\"http:\/\/gzone.com.tr\/homofobik-milletvekili-aday-adayi-fena-rezil-oldu\/\">BU \u015eEK\u0130LDE<\/a> haber yapm\u0131\u015ft\u0131k.<\/em><\/strong><\/p>\n<p><strong><em>E\u015fcinselli\u011fin tedavi edilir bir hastal\u0131k oldu\u011funu s\u00f6ylemenin ve hatta ima etmenin bile GZone\u2019un d\u00fc\u015f\u00fcnce yap\u0131s\u0131na ve duru\u015funa ters oldu\u011funun alt\u0131n\u0131 \u00e7izsek de , Ertu\u011frul Tulpar\u2019la g\u00f6r\u00fc\u015f\u00fcp, tam olarak neyi savundu\u011funu, s\u00f6ylemlerinin ne oldu\u011funu anlamaya ve sizlere anlatmaya \u00e7al\u0131\u015ft\u0131k. <\/em><\/strong><\/p>\n<p><strong><em>Kendisine \u00f6nyarg\u0131 ile yakla\u015fmak istemedik ancak sorular\u0131m\u0131z\u0131 s\u0131ralad\u0131k\u00e7a savundu\u011fu \u015feylerin temelsiz oldu\u011funu fark etmemek imkans\u0131zd\u0131.<\/em><\/strong><\/p>\n<p><strong><em>Sapla saman\u0131n birbirine kar\u0131\u015ft\u0131\u011f\u0131, \u00e7eli\u015fkili a\u00e7\u0131klamalar\u0131n yer ald\u0131\u011f\u0131 bu r\u00f6portaj\u0131 Tulpar\u2019\u0131n a\u00e7\u0131klamalar\u0131n\u0131 sans\u00fcrlemeden yay\u0131nl\u0131yoruz. <\/em><\/strong><\/p>\n<p><strong><em>Rop\u00f6rtaj: Murat Renay<\/em><\/strong><\/p>\n<p><strong><em>\u00a0<\/em><\/strong><\/p>\n<p><strong>-AK Parti taraf\u0131ndan milletvekili aday\u0131 olarak hi\u00e7bir s\u0131radan aday olamad\u0131n\u0131z. Neden g\u00f6sterildi mi?<\/strong><\/p>\n<p>G\u00f6sterilmedi. Ak Parti\u2019nin sosyal konularda duru\u015fu biraz zay\u0131f. Kad\u0131na \u015fiddet, \u00e7ocuk istismar\u0131 ve e\u015fcinsellik konular\u0131nda. Hatta e\u015fcinsellik konusu g\u00fcndemlerinde bile de\u011fil. Bu y\u00fczden olabilir.<\/p>\n<p><strong>-E\u015fcinsellerle derdiniz nedir? Bu nereden geliyor. Bir\u00e7ok dernekteki foto\u011fraflar\u0131n\u0131z\u0131 g\u00f6r\u00fcyoruz. Burada g\u00f6n\u00fcll\u00fc olarak da \u00e7al\u0131\u015fm\u0131\u015fs\u0131n\u0131z herhalde. Ona bir a\u00e7\u0131kl\u0131k getirir misiniz?<\/strong><\/p>\n<p>Benim e\u015fcinsellerle hi\u00e7bir problemim yok. Etraf\u0131mda e\u015fcinsel arkada\u015flar\u0131m da var. \u0130statistiklere vurmaya \u00e7al\u0131\u015f\u0131rsak, n\u00fcfusun %7\u2019si e\u015fcinsel. Bunlar\u0131n bir k\u0131sm\u0131 kendini kabullenmi\u015f ve bir k\u0131sm\u0131 da kabullenememi\u015f. Ben kendini kabullenemeyen sessiz az\u0131nl\u0131\u011f\u0131n temsilcisiyim, onlar\u0131n sesini duyurmaya \u00e7al\u0131\u015f\u0131yorum. Toplumun muhafazakar kesiminden de olur, her kesimde olabilir, i\u00e7inde bir his var, hemcinsine kar\u015f\u0131 duyuyor, bu duygudan kurtulmaya \u00e7al\u0131\u015f\u0131yor.<\/p>\n<p><strong>-Peki, \u00f6zel olmayacaksa, siz bu m\u00fccadeleyi nas\u0131l bu kadar yak\u0131ndan biliyorsunuz. Siz de bununla m\u00fccadele eden bir e\u015fcinsel misiniz? \u0130\u015fin bu kadar detay\u0131n\u0131 nereden biliyorsunuz?<\/strong><\/p>\n<p>Bu konuda y\u0131llard\u0131r u\u011fra\u015f\u0131yorum. Taciz ve tecav\u00fcz olaylar\u0131n\u0131n da fark\u0131nday\u0131m. Bu hi\u00e7 konu\u015fulmaz ama, Kur\u2019an Kurslar\u0131nda, \u00e7e\u015ftili yurtlarda bu tip olaylar s\u00fcrekli ya\u015fan\u0131r. Bunlar\u0131n olu\u015fturdu\u011fu travma da var. Bu kesimleri de yak\u0131ndan biliyorum. Kendimin tan\u0131k olup olmad\u0131\u011f\u0131 konular\u0131na girmek istemiyorum. Bu konuda \u00e7al\u0131\u015fmalar yap\u0131yorum ve bu haberlerin bas\u0131na yans\u0131mas\u0131 engellendi.<\/p>\n<p><strong>-Bu dediklerinize hak veriyorum. Bu konular ara\u015ft\u0131r\u0131lmal\u0131 ve \u00fczerine gidilmeli ama yay\u0131nlad\u0131\u011f\u0131n\u0131z sloganlarda \u201c\u00e7ocuk istismar\u0131na hay\u0131r\u201d ve \u201ckad\u0131na \u015fiddete hay\u0131r\u201d derken neden \u201ce\u015fcinsel evliliklere ve e\u015fcinsellerin evlat edinme haklar\u0131na hay\u0131r\u201d da dediniz. Bu konular\u0131n \u00e7ocuk istismar\u0131 ve kad\u0131na \u015fiddetle ne alakas\u0131 var? <\/strong><\/p>\n<p>\u015e\u00f6yle; Kad\u0131na \u015fiddet uygulayan insanlar\u0131n i\u00e7inde asl\u0131nda bast\u0131r\u0131lm\u0131\u015f e\u015fcinsel duygular var bence. Kad\u0131na \u015fiddet\u2019in bast\u0131r\u0131lm\u0131\u015f e\u015fcinsellikle yak\u0131ndan alakas\u0131 var. \u00c7ocuk istismar\u0131 konusunda da devlet \u00e7ok yetersiz kal\u0131yor. Hapishanelerde de bu tip taciz vakalar\u0131 ya\u015fan\u0131yor. G\u00fc\u00e7s\u00fcz erkek \u00e7ocuklar\u0131 hapishanelerde tecav\u00fcze u\u011fruyorlar.<\/p>\n<p><strong>-Tamam ama bunun pedofili ile alakas\u0131 var, e\u015fcinsellikle alakas\u0131 yok. Pedofili ve tecav\u00fcz cinsel sapk\u0131nl\u0131k olgular\u0131. Siz e\u015fcinselli\u011fi de bunlarla bir tutup bir cinsel sapk\u0131nl\u0131k olarak m\u0131 g\u00f6r\u00fcyorsunuz?<\/strong><\/p>\n<p>Cinsel sapk\u0131nl\u0131k olarak de\u011fil seks ba\u011f\u0131ml\u0131l\u0131\u011f\u0131 olarak g\u00f6r\u00fcyorum.<\/p>\n<p><strong>-E\u015fcinsellerin yatak odalar\u0131 d\u0131\u015f\u0131nda bir kimlikleri yok mu sizce? Cinsel y\u00f6nelimlerinin hepsi seksten mi ibaret? Sadece o a\u00e7\u0131dan m\u0131 g\u00f6r\u00fcyorsunuz? <\/strong><\/p>\n<p>Kimlikleri vard\u0131r elbette. E\u015fcinsellerin ruhsal d\u00fcnyalar\u0131 karma\u015f\u0131k. Bu karma\u015fa bazen sanat olarak ortaya \u00e7\u0131kabiliyor. Bu manik depresiflerde de b\u00f6yledir. E\u015fcinsellerin sanata katk\u0131lar\u0131 fazlad\u0131r. Bu ki\u015filerin i\u00e7lerindeki s\u0131k\u0131\u015f\u0131kl\u0131k sanat olarak ortaya \u00e7\u0131k\u0131yor. Ben asl\u0131nda \u015funu demek istiyorum. Kendisini kabullenmi\u015f e\u015fcinsellerle ilgili s\u0131k\u0131nt\u0131m yok. \u0130stedi\u011fiyle yatar kalkar, buna kimse de kar\u0131\u015famaz.<\/p>\n<p>\u0130nsan iki cinstir. Kad\u0131n ve erkek. Tabi ki teoriler var, kuir teori ve di\u011fer y\u00f6nelimler vb. E\u015fcinsellik do\u011fu\u015ftan de\u011fil kesinlikle. Ya baban\u0131n bask\u0131s\u0131 ya ba\u015fka bir \u015fey.<\/p>\n<p><strong>-Yani illa bir d\u0131\u015f etken var diyorsunuz?<\/strong><\/p>\n<p>Elbette. Kesinlikle. Genler %5 etkili %95 \u00e7evre etkisi var. Ger\u00e7ekten e\u015fcinsellik geni varsa bile ya d\u0131\u015f etkenlerle aktif olacak ya da ortaya \u00e7\u0131kmayacak. Baban\u0131n narsist olmas\u0131 y\u00fcz\u00fcnden erkek \u00e7ocu\u011funun anneye yakla\u015fmas\u0131, karde\u015flerin etkisi gibi nedenler y\u00fczden e\u015fcinsel oldu\u011funu d\u00fc\u015f\u00fcn\u00fcyorum. E\u015fcinselleri ma\u011fdur olarak g\u00f6r\u00fcyorum. E\u015fcinsellik bence bir \u00e7\u0131k\u0131\u015f yolu.<\/p>\n<p><strong>-Bunu bu kadar genelleyemeyiz. Ben dediklerinizin hi\u00e7birini ya\u015famad\u0131m. Bask\u0131c\u0131 veya narsist bir babam yoktu, karde\u015flerimle ve annemle ili\u015fkim de s\u0131k\u0131nt\u0131l\u0131 de\u011fildi ve kendiyle sorunu olmayan bir e\u015fcinselim. Bu dediklerinize kat\u0131lmak m\u00fcmk\u00fcn de\u011fil.<\/strong><\/p>\n<p><img loading=\"lazy\" decoding=\"async\" class=\"alignnone\" src=\"http:\/\/i.hizliresim.com\/pRrqb0.jpg\" alt=\"\" width=\"640\" height=\"480\" \/><\/p>\n<p>&nbsp;<\/p>\n<p><strong>-E\u015fcinselleri terapi ile normale(!) d\u00f6nd\u00fcrd\u00fc\u011f\u00fcn\u00fc iddia eden H\u00fcseyin Ka\u00e7\u0131n\u2019la yak\u0131nl\u0131\u011f\u0131n\u0131z nedir?<\/strong><\/p>\n<p>Kendisiyle temas\u0131m var. G\u00f6r\u00fc\u015ft\u00fcm. Anlatt\u0131\u011f\u0131 tedavi y\u00f6ntemlerini dinledim. Benim ufkumu a\u00e7t\u0131. Ben de tedavi olmak isteyen ki\u015filerin haklar\u0131n\u0131 savunuyorum.<\/p>\n<p><strong>-Y\u00fczde y\u00fcz kat\u0131l\u0131yorum. Bunu tedavi edilecek bir hastal\u0131k(!) gibi g\u00f6ren insanlar vard\u0131r. Pek \u00e7ok e\u015fcinsel kendini kabullenme s\u00fcrecinde psikolojik s\u0131k\u0131nt\u0131lar ya\u015fam\u0131\u015ft\u0131r. Ancak sizin yakla\u015f\u0131m\u0131n\u0131zdaki as\u0131l sorun \u015fu: Samimiyetinize inand\u0131k desek de, bu tip yakla\u015f\u0131mlar nefret s\u00f6ylemi yarat\u0131yor. E\u015fcinsel insanlar \u201chasta\u201d olarak g\u00f6r\u00fcl\u00fcyor ve yaftalan\u0131yor. \u201cHasta\u201d olarak g\u00f6r\u00fcld\u00fc\u011f\u00fc i\u00e7in bunun tedavisi a\u011f\u0131r ila\u00e7 da olabilir dayak da kur\u015fun da. Bu tip bir s\u00f6ylemi yaymaya \u00e7al\u0131\u015fman\u0131z \u00e7ok s\u0131k\u0131nt\u0131l\u0131 ve \u00e7ok yanl\u0131\u015f! Yol a\u00e7t\u0131\u011f\u0131n\u0131z bu bilgi kirlili\u011fiyle sorunumuz var. <\/strong><\/p>\n<p>E\u015fcinsel hareket son 30-40 y\u0131ld\u0131r haklar m\u00fccadelesi i\u00e7erisinde. Ancak e\u015fcinselli\u011fiyle bar\u0131\u015fmayan insanlar hep unutuluyor, g\u00f6z ard\u0131 ediliyor. D\u00fcnya Sa\u011fl\u0131k \u00d6rg\u00fct\u00fc e\u015fcinselli\u011fi hastal\u0131k olmaktan \u00e7\u0131kard\u0131 ya da \u00e7\u0131karmad\u0131-<\/p>\n<p><strong>-\u00c7\u0131kard\u0131!<\/strong><\/p>\n<p>Tamam \u00e7\u0131kard\u0131 ama e\u015fcinselli\u011fiyle bar\u0131\u015famayan bir kesim hala var. Toplum bask\u0131s\u0131 y\u00fcz\u00fcnden falan da de\u011fil, \u201cben bunu kabullenemiyorum\u201d diyorlar.<\/p>\n<p><strong>-Peki sizce \u00e7\u00f6z\u00fcm ne?<\/strong><\/p>\n<p>Psikoterapi \u00f6neriyorum. Psikoterapi ile bundan vazge\u00e7mek ve kar\u015f\u0131 cinse y\u00f6nelmek m\u00fcmk\u00fcn. E\u015fcinsel \u00f6rg\u00fctlerle ayn\u0131 \u015feyi savunuyoruz. Onlar nas\u0131l \u201ca\u00e7\u0131lmay\u0131\u201d savunuyorsa ben de e\u015fcinselli\u011fi de\u011fil heteroseks\u00fcelli\u011fe giden yolu savunuyorum. Travmalar bir bir ortadan kalkt\u0131k\u00e7a bu konu da \u00e7\u00f6z\u00fcl\u00fcyor.<\/p>\n<p><strong>-Tedavi olan biriyle tan\u0131\u015ft\u0131n\u0131z m\u0131? Evli mi? <\/strong><\/p>\n<p>Evet tan\u0131\u015ft\u0131m. Evli olan bir vaka var. Bir tane \u00e7ocu\u011fu var.<\/p>\n<p><strong>-Ba\u015fka?<\/strong><\/p>\n<p>(Sessizlik)<\/p>\n<p><strong>-Ben \u00e7ok a\u00e7\u0131k bir \u015fey s\u00f6yleyeyim size. Bu H\u00fcseyin Ka\u00e7\u0131n denen arkada\u015f e\u015fcinsel bireylere bir \u015fekilde ula\u015fmaya \u00e7al\u0131\u015ft\u0131 ve tabi ki akl\u0131 ba\u015f\u0131nda olan kimseden olumlu bir reaksiyon alamad\u0131. Bu kez de, kendi hizmetlerini \u00f6ne \u00e7\u0131karmak i\u00e7in sizi kulland\u0131\u011f\u0131n\u0131 d\u00fc\u015f\u00fcn\u00fcyorum. Bu \u00e7\u0131k\u0131\u015flar\u0131n\u0131z bana pek tesad\u00fcf gelmiyor.<\/strong><\/p>\n<p>Olabilir. O e\u015fcinsellikle ilgili her \u015feyin i\u00e7inde. Beni de kullanm\u0131\u015f olabilir. Ba\u015fkalar\u0131n\u0131 da\u2026<\/p>\n<p><strong>-E\u015fcinsel tedavi konusuna tek yo\u011funla\u015fan psikolog H\u00fcseyin Ka\u00e7\u0131n. Bu konudaki yumu\u015fak karn\u0131 art\u0131k bir sekt\u00f6r haline getirmi\u015f belli ki. Ba\u015fka var m\u0131?<\/strong><\/p>\n<p>Var tabi. Cem Ke\u00e7e, Nevzat Tarhan ve \u00dcsk\u00fcdar\u2019da Mustafa Merter ve grubu var. Onun d\u0131\u015f\u0131nda Muhafazakar E\u015fcinseller Toplulu\u011fu\u2019nun duydunuz mu? Ben kurucusuyum. Bir ara Gezi olaylar\u0131 s\u0131ras\u0131nda \u201cAnti-kapitalist M\u00fcsl\u00fcmanlar\u201d aras\u0131na kat\u0131ld\u0131m ve \u0130hsan Elia\u00e7\u0131k\u2019la g\u00f6r\u00fc\u015ft\u00fcm.<\/p>\n<p><strong>-Sonra aran\u0131z bozulmu\u015f galiba. <\/strong><\/p>\n<p>Evet fikir olarak anla\u015famad\u0131k.<\/p>\n<p>Ben eskiden beri \u015funu s\u00f6yl\u00fcyorum. Dini gruplar aras\u0131nda iki y\u00fczl\u00fcl\u00fck var. Bu konunun ne oldu\u011funu anlayam\u0131yorlar. Din adamlar\u0131 aras\u0131nda da e\u015fcinsel e\u011filimler var. Baz\u0131 dindar insanlar\u0131n bu konudaki bilin\u00e7sizli\u011fi \u00e7ok dikkat \u00e7ekici.<\/p>\n<p><em>(AK LGBT olarak, di\u011fer iki AK LGBT \u00fcyesiyle rop\u00f6rtaj verdi\u011fi gazete kup\u00fcrlerini g\u00f6steriyor.)<\/em><\/p>\n<p>AK LGBT\u2019yi Lambda\u2019n\u0131n bir uzant\u0131s\u0131 olarak g\u00f6r\u00fcyorum. Ayn\u0131 \u015feyleri savunmuyoruz.<\/p>\n<p><strong><img loading=\"lazy\" decoding=\"async\" class=\"alignnone\" src=\"http:\/\/i.hizliresim.com\/22Gmaq.jpg\" alt=\"\" width=\"820\" height=\"435\" \/><\/strong><\/p>\n<p><strong>-Zaten g\u00fcndemde e\u015fcinsellerin evlilik ve evlat edinme haklar\u0131 yokken, buna neden kar\u015f\u0131s\u0131n\u0131z?<\/strong><\/p>\n<p>Bunlar g\u00fcndemde var. HDP\u2019nin ve CHP\u2019nin bu konuda \u00e7al\u0131\u015fmalar\u0131 var. Bununla ilgili kanun teklifi sunuldu.<\/p>\n<p><strong>-Sunulduysa bile e\u015fcinsellerin daha temel haklar\u0131 verilmi\u015f de\u011fil. Bu s\u00f6yleminiz erken ve d\u00fc\u015fmanca olmu\u015f. E\u015fcinsellerle sorunum yok diyorsunuz ama b\u00f6yle bir \u00e7\u0131k\u0131\u015f yapm\u0131\u015f olman\u0131z \u00e7ok k\u0131r\u0131c\u0131 ve \u00fcz\u00fcc\u00fc oldu. Demek istedi\u011finizi tam olarak anlatamad\u0131\u011f\u0131n\u0131z\u0131 d\u00fc\u015f\u00fcn\u00fcyorum.<\/strong><\/p>\n<p>Sizler de k\u0131r\u0131c\u0131s\u0131n\u0131z. E\u015fcinsellikten kurtulmak isteyenler de size k\u0131r\u0131l\u0131yorlar. Madem insan haklar\u0131 diyoruz, bu insanlar\u0131n da tedavi haklar\u0131 elinden al\u0131n\u0131yor.<\/p>\n<p><strong>-Onlar\u0131n elinden bunu kim al\u0131yor? Gitsinler olabiliyorsa kime tedavi olurlarsa olsunlar? Sayd\u0131\u011f\u0131n\u0131z psikologlara gitsinler? Onlar\u0131 kim engelliyor? Lambda veya ba\u015fka bir dernek kollar\u0131ndan m\u0131 tutuyor?<\/strong><\/p>\n<p>Engelleniyor. Tedavisinin olmad\u0131\u011f\u0131 s\u00f6yleniyor.<\/p>\n<p><strong>-\u00c7\u00fcnk\u00fc do\u011fru olan bu. Bunlar somut ger\u00e7ekler.<\/strong><\/p>\n<p>Hay\u0131r. Ki\u015fi istiyorsa bunun tedavisi m\u00fcmk\u00fcn.<\/p>\n<p><strong>-Bilimsel olarak b\u00f6yle de\u011fil. Olmad\u0131\u011f\u0131 defalarca s\u00f6ylendi.<\/strong><\/p>\n<p>O derneklere gidildi\u011fi zaman \u201c\u00e7ocu\u011funuz hasta de\u011fil, siz hastas\u0131n\u0131z\u201d deniyor. Bu da haks\u0131zl\u0131k.<\/p>\n<p><strong>-Tamam da bu bar\u0131\u015f\u00e7\u0131l bir y\u00f6ntem. Kimse kimseyi hasta olarak g\u00f6rs\u00fcn ve zarar versin istenmiyor. Bu iyi de\u011fil mi? <\/strong><\/p>\n<p><em>(Sessizlik) <\/em><\/p>\n<p>Biz nefret s\u00f6ylemi \u00fcretmek niyetinde de\u011filiz. Biz MEST\u00c7\u0130 olarak bunun tedavi olabilece\u011fini s\u00f6yleyen bir grubuz.<\/p>\n<p><strong>-Vahdet ve Yeni Akit\u2019in nefret s\u00f6ylemlerini hakk\u0131nda ne d\u00fc\u015f\u00fcn\u00fcyorsunuz? <\/strong><\/p>\n<p>Sa\u00e7mal\u0131k. Bu insanlar e\u015fcinsellikten ne anlar ki yorum yap\u0131yorlar. \u00d6nce kendi i\u00e7lerindeki sorunlar\u0131 \u00e7\u00f6zs\u00fcnler.<\/p>\n<p><strong>-Bundan b\u00f6yle yolunuza nas\u0131l devam edeceksiniz? Amac\u0131n\u0131z her neyse ula\u015ft\u0131n\u0131z m\u0131?<\/strong><\/p>\n<p>Ben do\u011fru bildi\u011fimi s\u00f6yledim ve e\u015fcinsellik konusunu g\u00fcndeme getirdim. \u015eunu da s\u00f6ylemek isterim; E\u015fcinseller HDP\u2019ye oy vermi\u015ftir diyenlere de kat\u0131lm\u0131yorum. B\u00f6yle bir \u015fey yok. T\u00fcrkiye\u2019deki e\u015fcinsellerin yar\u0131s\u0131ndan fazlas\u0131 Ak Parti\u2019ye oy vermi\u015ftir . Ancak elbette Ak Parti\u2019nin g\u00fcndeminde e\u015fcinsellikle ilgili bir \u00e7al\u0131\u015fma veya bir \u00f6ng\u00f6r\u00fc yoktur. Ben bu konuda ilk ad\u0131m\u0131 att\u0131m.<\/p>\n<p>Gelecekte e\u015fcinsellik konusuyla ilgilenmeye devam edece\u011fim. Ayr\u0131ca, dini kurumlardaki taciz ve tecav\u00fcz\u00fc delilleriyle ortaya koyaca\u011f\u0131m. Bu travma y\u00fcz\u00fcnden bu insanlar dinden kopuyorlar.<\/p>\n<p><strong>\u00a0Haberimizin sonunda alt\u0131n\u0131 tekrar \u00e7izmek isteriz ki; E\u015fcinsellik bir hastal\u0131k de\u011fildir. Bu y\u00fczden de tedavisi yoktur.\u00a0<\/strong><\/p>\n<p><span style=\"text-decoration: underline;\"><em>\u00a0(Bu rop\u00f6rtaj\u0131n t\u00fcm haklar\u0131 GZone&#8217;a aittir. Kaynak g\u00f6sterilmeden kullan\u0131lamaz ve al\u0131nt\u0131 yap\u0131lamaz)<\/em><\/span><\/p>\n","protected":false},"excerpt":{"rendered":"<p>Ertu\u011frul Tulpar ismi, LGBT bireylerin milletvekili aday adayl\u0131klar\u0131n\u0131n konu\u015fuldu\u011fu ge\u00e7ti\u011fimiz Mart ay\u0131nda g\u00fcndeme geldi. Ak Parti \u0130stanbul 3.B\u00f6lge Milletvekili Aday Aday\u0131 olarak \u201cE\u015fcinsel Evliliklere Hay\u0131r\u201d ve \u201cE\u015fcinsellerin Evlat Edinme Haklar\u0131na Hay\u0131r\u201d gibi iki s\u00f6ylemle ortaya \u00e7\u0131kan Tulpar, tan\u0131t\u0131m bro\u015f\u00fcr\u00fcne sanki bu iki konuyla alakas\u0131 varm\u0131\u015f gibi \u201cKad\u0131na \u015eiddete Hay\u0131r \u201c ve \u201c\u00c7ocuk \u0130stismar\u0131na Hay\u0131r\u201d gibi &hellip;<\/p>\n","protected":false},"author":1,"featured_media":8103,"comment_status":"open","ping_status":"open","sticky":false,"template":"","format":"standard","meta":{"footnotes":""},"categories":[1079,91,1080,96],"tags":[1753,578,1513,1512],"class_list":["post-10120","post","type-post","status-publish","format-standard","has-post-thumbnail","","category-gzone-ozel","category-haberler","category-roportajlar","category-turkiye","tag-aday-adayi","tag-akp","tag-ertugrul-tulpar","tag-homofobik"],"_links":{"self":[{"href":"http:\/\/www.gzone.com.tr\/index.php\/wp-json\/wp\/v2\/posts\/10120","targetHints":{"allow":["GET"]}}],"collection":[{"href":"http:\/\/www.gzone.com.tr\/index.php\/wp-json\/wp\/v2\/posts"}],"about":[{"href":"http:\/\/www.gzone.com.tr\/index.php\/wp-json\/wp\/v2\/types\/post"}],"author":[{"embeddable":true,"href":"http:\/\/www.gzone.com.tr\/index.php\/wp-json\/wp\/v2\/users\/1"}],"replies":[{"embeddable":true,"href":"http:\/\/www.gzone.com.tr\/index.php\/wp-json\/wp\/v2\/comments?post=10120"}],"version-history":[{"count":0,"href":"http:\/\/www.gzone.com.tr\/index.php\/wp-json\/wp\/v2\/posts\/10120\/revisions"}],"wp:featuredmedia":[{"embeddable":true,"href":"http:\/\/www.gzone.com.tr\/index.php\/wp-json\/wp\/v2\/media\/8103"}],"wp:attachment":[{"href":"http:\/\/www.gzone.com.tr\/index.php\/wp-json\/wp\/v2\/media?parent=10120"}],"wp:term":[{"taxonomy":"category","embeddable":true,"href":"http:\/\/www.gzone.com.tr\/index.php\/wp-json\/wp\/v2\/categories?post=10120"},{"taxonomy":"post_tag","embeddable":true,"href":"http:\/\/www.gzone.com.tr\/index.php\/wp-json\/wp\/v2\/tags?post=10120"}],"curies":[{"name":"wp","href":"https:\/\/api.w.org\/{rel}","templated":true}]}}